{"id":3404,"date":"2025-04-17T00:04:23","date_gmt":"2025-04-16T22:04:23","guid":{"rendered":"https:\/\/catholicus.eu\/fr\/?p=3404"},"modified":"2025-04-17T00:04:23","modified_gmt":"2025-04-16T22:04:23","slug":"joseph-darimathie-le-disciple-secret-qui-nous-enseigne-le-courage-et-lamour-en-temps-de-crise","status":"publish","type":"post","link":"https:\/\/catholicus.eu\/fr\/joseph-darimathie-le-disciple-secret-qui-nous-enseigne-le-courage-et-lamour-en-temps-de-crise\/","title":{"rendered":"Joseph d&rsquo;Arimathie : Le Disciple Secret qui Nous Enseigne le Courage et l&rsquo;Amour en Temps de Crise"},"content":{"rendered":"\n<p><em>\u00ab\u00a0Apr\u00e8s cela, Joseph d&rsquo;Arimathie, qui \u00e9tait disciple de J\u00e9sus, mais en secret par crainte des Juifs, demanda \u00e0 Pilate de pouvoir enlever le corps de J\u00e9sus. Et Pilate le permit. Il vint donc et enleva le corps de J\u00e9sus.\u00a0\u00bb<\/em>&nbsp;(Jean 19:38)<\/p>\n\n\n\n<h3 class=\"wp-block-heading\"><strong>Introduction : Un Homme dans l&rsquo;Ombre qui a Chang\u00e9 l&rsquo;Histoire<\/strong><\/h3>\n\n\n\n<p>Au milieu de la douleur et de la confusion du Vendredi Saint, alors que les ap\u00f4tres avaient fui et que l&rsquo;esp\u00e9rance humaine semblait an\u00e9antie, un homme courageux \u00e9mergea de l&rsquo;ombre :&nbsp;<strong>Joseph d&rsquo;Arimathie<\/strong>. Son histoire, bien que moins comment\u00e9e que celle d&rsquo;autres personnages bibliques, est un tr\u00e9sor d&rsquo;enseignements pour notre \u00e9poque. Dans un monde o\u00f9 la peur et le confort nous paralysent, son exemple nous invite \u00e0&nbsp;<strong>agir avec courage, g\u00e9n\u00e9rosit\u00e9 et foi<\/strong>, m\u00eame lorsque tout semble perdu.<\/p>\n\n\n\n<p>Dans cet article, nous explorerons :<\/p>\n\n\n\n<ol start=\"1\" class=\"wp-block-list\">\n<li><strong>Qui \u00e9tait Joseph d&rsquo;Arimathie ?<\/strong>\u00a0(Son histoire et son contexte biblique)<\/li>\n\n\n\n<li><strong>Sa pertinence th\u00e9ologique<\/strong>\u00a0(Pourquoi est-il cl\u00e9 dans le plan du salut ?)<\/li>\n\n\n\n<li><strong>Le\u00e7ons pratiques pour aujourd&rsquo;hui<\/strong>\u00a0(Comment imiter sa foi dans notre vie quotidienne)<\/li>\n\n\n\n<li><strong>Guide spirituel<\/strong>\u00a0(\u00c9tapes concr\u00e8tes pour vivre en disciples audacieux)<\/li>\n<\/ol>\n\n\n\n<hr class=\"wp-block-separator has-alpha-channel-opacity\"\/>\n\n\n\n<h3 class=\"wp-block-heading\"><strong>1. Qui \u00e9tait Joseph d&rsquo;Arimathie ? Le Disciple Cach\u00e9 qui a Tout Donn\u00e9 pour le Christ<\/strong><\/h3>\n\n\n\n<p>Joseph d&rsquo;Arimathie n&rsquo;\u00e9tait pas un p\u00eacheur comme Pierre, ni un \u00e9vang\u00e9liste comme Jean. C&rsquo;\u00e9tait un homme&nbsp;<strong>riche, membre du Sanh\u00e9drin<\/strong>&nbsp;(le tribunal juif qui a condamn\u00e9 J\u00e9sus) et, selon les \u00c9vangiles, un homme&nbsp;<strong>\u00ab\u00a0bon et juste\u00a0\u00bb<\/strong>&nbsp;(Luc 23:50). Pourtant, au d\u00e9but, il suivait J\u00e9sus&nbsp;<strong>en secret<\/strong>&nbsp;par peur des autorit\u00e9s.<\/p>\n\n\n\n<p>Mais quelque chose changea en lui apr\u00e8s la crucifixion. Alors que tous fuyaient, il&nbsp;<strong>osa affronter Pilate<\/strong>&nbsp;pour r\u00e9clamer le corps de J\u00e9sus. Non seulement cela : il offrit son propre tombeau neuf, destin\u00e9 \u00e0 lui-m\u00eame, pour y d\u00e9poser le Sauveur (Matthieu 27:60). Cet acte d&rsquo;amour et de don de soi le rendit indispensable \u00e0 l&rsquo;accomplissement des proph\u00e9ties :<\/p>\n\n\n\n<ul class=\"wp-block-list\">\n<li><strong>\u00ab\u00a0On a mis son s\u00e9pulcre parmi les m\u00e9chants, son tombeau avec le riche.\u00a0\u00bb<\/strong>\u00a0(Isa\u00efe 53:9)<br>J\u00e9sus, crucifi\u00e9 comme un criminel, fut enseveli avec dignit\u00e9 gr\u00e2ce \u00e0 Joseph.<\/li>\n<\/ul>\n\n\n\n<h3 class=\"wp-block-heading\"><strong>2. Pertinence Th\u00e9ologique : Pourquoi Son Action Fut-Elle Providentielle ?<\/strong><\/h3>\n\n\n\n<p>D&rsquo;un point de vue th\u00e9ologique, Joseph d&rsquo;Arimathie nous r\u00e9v\u00e8le&nbsp;<strong>trois v\u00e9rit\u00e9s fondamentales<\/strong>&nbsp;:<\/p>\n\n\n\n<h4 class=\"wp-block-heading\"><strong>A) La Foi Triomphe de la Peur<\/strong><\/h4>\n\n\n\n<p>Joseph passa du statut de \u00ab\u00a0disciple secret\u00a0\u00bb \u00e0 celui d&rsquo;<strong>homme de foi public<\/strong>. Son histoire nous rappelle que&nbsp;<strong>Dieu utilise notre fragilit\u00e9 pour manifester Sa gloire<\/strong>. Aujourd&rsquo;hui, beaucoup de chr\u00e9tiens vivent leur foi \u00ab\u00a0en cachette\u00a0\u00bb par peur du jugement. Joseph nous enseigne que&nbsp;<strong>l&rsquo;amour pour le Christ doit vaincre la peur<\/strong>.<\/p>\n\n\n\n<h4 class=\"wp-block-heading\"><strong>B) La G\u00e9n\u00e9rosit\u00e9 comme Vrai Culte<\/strong><\/h4>\n\n\n\n<p>Joseph n&rsquo;a pas seulement donn\u00e9 un tombeau\u2014il a&nbsp;<strong>offert le meilleur de ce qu&rsquo;il avait<\/strong>. Dans un monde mat\u00e9rialiste, son exemple nous interpelle :&nbsp;<strong>Sommes-nous pr\u00eats \u00e0 offrir \u00e0 Dieu nos biens, notre temps et nos talents sans r\u00e9serve ?<\/strong><\/p>\n\n\n\n<h4 class=\"wp-block-heading\"><strong>C) La Fid\u00e9lit\u00e9 dans les Heures les Plus Sombres<\/strong><\/h4>\n\n\n\n<p>Alors que d&rsquo;autres abandonnaient J\u00e9sus, Joseph&nbsp;<strong>est rest\u00e9 ferme<\/strong>. Sa vie nous enseigne que&nbsp;<strong>la vraie foi est \u00e9prouv\u00e9e dans la crise<\/strong>.<\/p>\n\n\n\n<h3 class=\"wp-block-heading\"><strong>3. Le\u00e7ons Pratiques pour Aujourd&rsquo;hui : Comment Vivre comme Joseph d&rsquo;Arimathie<\/strong><\/h3>\n\n\n\n<h4 class=\"wp-block-heading\"><strong>a) Vaincre la Peur par la Foi<\/strong><\/h4>\n\n\n\n<ul class=\"wp-block-list\">\n<li><strong>\u00c9tape pratique<\/strong>\u00a0: Si vous avez peur de parler du Christ au travail ou en famille, priez pour le courage et saisissez les petites occasions de t\u00e9moigner avec charit\u00e9.<\/li>\n<\/ul>\n\n\n\n<h4 class=\"wp-block-heading\"><strong>b) \u00catre G\u00e9n\u00e9reux avec Ce que Nous Avons<\/strong><\/h4>\n\n\n\n<ul class=\"wp-block-list\">\n<li><strong>\u00c9tape pratique<\/strong>\u00a0: Poss\u00e9dez-vous des biens mat\u00e9riels, du temps ou des talents ? Offrez-les \u00e0 Dieu \u00e0 travers des \u0153uvres de mis\u00e9ricorde (visiter les malades, aider les pauvres, servir votre paroisse).<\/li>\n<\/ul>\n\n\n\n<h4 class=\"wp-block-heading\"><strong>c) Tenir Ferme dans la Temp\u00eate<\/strong><\/h4>\n\n\n\n<ul class=\"wp-block-list\">\n<li><strong>\u00c9tape pratique<\/strong>\u00a0: Lorsque vous affrontez moqueries ou pers\u00e9cutions \u00e0 cause de votre foi, souvenez-vous que\u00a0<strong>Dieu r\u00e9compense la fid\u00e9lit\u00e9<\/strong>.<\/li>\n<\/ul>\n\n\n\n<h3 class=\"wp-block-heading\"><strong>4. Guide Spirituel : \u00c9tapes pour Imiter Joseph d&rsquo;Arimathie<\/strong><\/h3>\n\n\n\n<p><strong>1. Examinez votre Foi<\/strong>&nbsp;: \u00cates-vous un \u00ab\u00a0disciple secret\u00a0\u00bb ou t\u00e9moignez-vous publiquement du Christ ?<br><strong>2. Priez pour le Courage<\/strong>&nbsp;: Demandez \u00e0 l&rsquo;Esprit Saint la force dont Joseph a fait preuve.<br><strong>3. Agissez avec G\u00e9n\u00e9rosit\u00e9<\/strong>&nbsp;: Trouvez une mani\u00e8re concr\u00e8te de servir Dieu et les autres cette semaine.<br><strong>4. Pr\u00e9parez-vous \u00e0 la Croix<\/strong>&nbsp;: La fid\u00e9lit\u00e9 au Christ peut susciter l&rsquo;incompr\u00e9hension, mais aussi la joie \u00e9ternelle.<\/p>\n\n\n\n<hr class=\"wp-block-separator has-alpha-channel-opacity\"\/>\n\n\n\n<h3 class=\"wp-block-heading\"><strong>Conclusion : Un Appel au Courage Chr\u00e9tien<\/strong><\/h3>\n\n\n\n<p>Joseph d&rsquo;Arimathie n&rsquo;est pas seulement un personnage historique\u2014il est&nbsp;<strong>un mod\u00e8le pour tout catholique d\u00e9sireux d&rsquo;aimer le Christ sans compromis<\/strong>. \u00c0 une \u00e9poque o\u00f9 la foi est moqu\u00e9e ou ignor\u00e9e, son exemple nous exhorte \u00e0&nbsp;<strong>sortir de l&rsquo;ombre et \u00e0 vivre notre disciple avec audace<\/strong>.<\/p>\n\n\n\n<p>Comme lui, nous sommes appel\u00e9s \u00e0&nbsp;<strong>\u00eatre lumi\u00e8re dans les t\u00e9n\u00e8bres<\/strong>, \u00e0 offrir nos \u00ab\u00a0tombes vides\u00a0\u00bb (c&rsquo;est-\u00e0-dire tout ce que nous avons) pour glorifier Dieu. Que son intercession nous aide \u00e0 vivre une foi&nbsp;<strong>authentique, g\u00e9n\u00e9reuse et courageuse<\/strong>.<\/p>\n\n\n\n<p><em>\u00ab\u00a0Seigneur, donne-moi le courage de Joseph d&rsquo;Arimathie, pour T&rsquo;aimer sans peur et Te servir de tout mon \u00eatre. Amen.\u00a0\u00bb<\/em><\/p>\n\n\n\n<hr class=\"wp-block-separator has-alpha-channel-opacity\"\/>\n\n\n\n<p><strong>Cette r\u00e9flexion vous a-t-elle inspir\u00e9 ?<\/strong>&nbsp;Partagez-la avec quelqu&rsquo;un qui a besoin de ce message d&rsquo;esp\u00e9rance.&nbsp;<strong>Vivez votre foi avec audace !<\/strong><\/p>\n","protected":false},"excerpt":{"rendered":"<p>\u00ab\u00a0Apr\u00e8s cela, Joseph d&rsquo;Arimathie, qui \u00e9tait disciple de J\u00e9sus, mais en secret par crainte des Juifs, demanda \u00e0 Pilate de pouvoir enlever le corps de J\u00e9sus. Et Pilate le permit. Il vint donc et enleva le corps de J\u00e9sus.\u00a0\u00bb&nbsp;(Jean 19:38) Introduction : Un Homme dans l&rsquo;Ombre qui a Chang\u00e9 l&rsquo;Histoire Au milieu de la douleur &hellip;<\/p>\n","protected":false},"author":3,"featured_media":3405,"comment_status":"open","ping_status":"open","sticky":false,"template":"","format":"standard","meta":{"_seopress_robots_primary_cat":"","_seopress_titles_title":"","_seopress_titles_desc":"","_seopress_robots_index":"","footnotes":""},"categories":[40,61],"tags":[1011],"class_list":["post-3404","post","type-post","status-publish","format-standard","has-post-thumbnail","","category-priere-et-spiritualite","category-saints-et-calendrier-liturgique","tag-joseph-darimathie"],"_links":{"self":[{"href":"https:\/\/catholicus.eu\/fr\/wp-json\/wp\/v2\/posts\/3404","targetHints":{"allow":["GET"]}}],"collection":[{"href":"https:\/\/catholicus.eu\/fr\/wp-json\/wp\/v2\/posts"}],"about":[{"href":"https:\/\/catholicus.eu\/fr\/wp-json\/wp\/v2\/types\/post"}],"author":[{"embeddable":true,"href":"https:\/\/catholicus.eu\/fr\/wp-json\/wp\/v2\/users\/3"}],"replies":[{"embeddable":true,"href":"https:\/\/catholicus.eu\/fr\/wp-json\/wp\/v2\/comments?post=3404"}],"version-history":[{"count":1,"href":"https:\/\/catholicus.eu\/fr\/wp-json\/wp\/v2\/posts\/3404\/revisions"}],"predecessor-version":[{"id":3406,"href":"https:\/\/catholicus.eu\/fr\/wp-json\/wp\/v2\/posts\/3404\/revisions\/3406"}],"wp:featuredmedia":[{"embeddable":true,"href":"https:\/\/catholicus.eu\/fr\/wp-json\/wp\/v2\/media\/3405"}],"wp:attachment":[{"href":"https:\/\/catholicus.eu\/fr\/wp-json\/wp\/v2\/media?parent=3404"}],"wp:term":[{"taxonomy":"category","embeddable":true,"href":"https:\/\/catholicus.eu\/fr\/wp-json\/wp\/v2\/categories?post=3404"},{"taxonomy":"post_tag","embeddable":true,"href":"https:\/\/catholicus.eu\/fr\/wp-json\/wp\/v2\/tags?post=3404"}],"curies":[{"name":"wp","href":"https:\/\/api.w.org\/{rel}","templated":true}]}}