{"id":3401,"date":"2025-04-16T19:00:25","date_gmt":"2025-04-16T17:00:25","guid":{"rendered":"https:\/\/catholicus.eu\/fr\/?p=3401"},"modified":"2025-04-16T19:00:26","modified_gmt":"2025-04-16T17:00:26","slug":"trois-lecons-du-mercredi-saint-pour-vivre-la-semaine-sainte-en-profondeur","status":"publish","type":"post","link":"https:\/\/catholicus.eu\/fr\/trois-lecons-du-mercredi-saint-pour-vivre-la-semaine-sainte-en-profondeur\/","title":{"rendered":"Trois le\u00e7ons du Mercredi Saint pour vivre la Semaine Sainte en profondeur"},"content":{"rendered":"\n<p><em>Introduction<\/em><br>Le&nbsp;<strong>Mercredi Saint<\/strong>&nbsp;agit comme un seuil sacr\u00e9 entre l&rsquo;agitation des premiers jours de la Semaine Sainte et la solennit\u00e9 du Triduum Pascal. Alors que la liturgie garde un silence \u00e9loquent &#8211; aucune messe n&rsquo;est c\u00e9l\u00e9br\u00e9e ce jour &#8211; l&rsquo;\u00c9glise nous invite \u00e0 int\u00e9rioriser trois le\u00e7ons cruciales qui pr\u00e9parent notre c\u0153ur au Myst\u00e8re Central de notre foi : la Passion, Mort et R\u00e9surrection du Christ.<\/p>\n\n\n\n<h3 class=\"wp-block-heading\"><strong>1. Le\u00e7on sur le p\u00e9ch\u00e9 et la mis\u00e9ricorde : Judas vs Pierre<\/strong><\/h3>\n\n\n\n<p><strong>Le contraste dramatique<\/strong>&nbsp;:<\/p>\n\n\n\n<ul class=\"wp-block-list\">\n<li><em>Judas<\/em>\u00a0: Son histoire (Mt 26,14-16; 27,3-5) enseigne que\u00a0<strong>le plus grand danger n&rsquo;est pas de tomber, mais de refuser la possibilit\u00e9 d&rsquo;\u00eatre relev\u00e9<\/strong>. Le p\u00e9ch\u00e9 de Judas ne fut pas seulement la trahison, mais son rejet final du pardon (\u00ab\u00a0p\u00e9ch\u00e9 contre l&rsquo;Esprit Saint\u00a0\u00bb &#8211; Mt 12,31).<\/li>\n\n\n\n<li><em>Pierre<\/em>\u00a0: Son reniement (Mt 26,69-75) suivi de larmes montre que\u00a0<strong>Dieu peut \u00e9crire droit m\u00eame avec nos lignes tordues<\/strong>. Ses pleurs furent la semence de son futur r\u00f4le de pasteur (Jn 21,15-17).<\/li>\n<\/ul>\n\n\n\n<p><strong>Pour vivre aujourd&rsquo;hui<\/strong>&nbsp;:<\/p>\n\n\n\n<ul class=\"wp-block-list\">\n<li><em>Examen concret<\/em>\u00a0: Dans quels domaines de ma vie est-ce que j&rsquo;agis comme Judas (auto-justification, secrets) ou comme Pierre (repentir authentique) ?<\/li>\n\n\n\n<li><em>Action<\/em>\u00a0: Recourir au sacrement de R\u00e9conciliation avant P\u00e2ques.<\/li>\n<\/ul>\n\n\n\n<h3 class=\"wp-block-heading\"><strong>2. Le\u00e7on sur le silence f\u00e9cond : Marie de B\u00e9thanie oint J\u00e9sus (Jn 12,1-8)<\/strong><\/h3>\n\n\n\n<p><strong>Le geste proph\u00e9tique<\/strong>&nbsp;:<br>Alors que les disciples discutent d&rsquo;argent (Judas) et de pouvoir (Mc 10,35-37), Marie brise un flacon de nard pur &#8211; \u00e9quivalent \u00e0 un an de salaire &#8211; pour oindre J\u00e9sus. Cet acte enseigne :<\/p>\n\n\n\n<ul class=\"wp-block-list\">\n<li><strong>L&rsquo;amour ne calcule pas les co\u00fbts<\/strong>\u00a0: Ce que le monde qualifie de \u00ab\u00a0gaspillage\u00a0\u00bb (Jn 12,4-5), Dieu l&rsquo;enregistre comme v\u00e9ritable culte.<\/li>\n\n\n\n<li><strong>Le silence qui parle<\/strong>\u00a0: Marie ne d\u00e9bat pas ; son action en dit plus que mille mots.<\/li>\n<\/ul>\n\n\n\n<p><strong>Pour vivre aujourd&rsquo;hui<\/strong>&nbsp;:<\/p>\n\n\n\n<ul class=\"wp-block-list\">\n<li><em>Question<\/em>\u00a0: Quel \u00ab\u00a0flacon de nard\u00a0\u00bb &#8211; temps, talents, ressources &#8211; est-ce que je garde au lieu de le r\u00e9pandre pour le Christ ?<\/li>\n\n\n\n<li><em>Pratique<\/em>\u00a0: Choisir un geste concret d&rsquo;amour (visiter un malade, pardonner) comme \u00ab\u00a0onction\u00a0\u00bb personnelle \u00e0 J\u00e9sus.<\/li>\n<\/ul>\n\n\n\n<h3 class=\"wp-block-heading\"><strong>3. Le\u00e7on sur la trahison quotidienne : Par quel baiser trahissons-nous le Christ ?<\/strong><\/h3>\n\n\n\n<p><strong>Le paradoxe du baiser de Judas (Lc 22,47-48)<\/strong>&nbsp;:<br>Le signe d&rsquo;amour (baiser) devient instrument de trahison. Cela refl\u00e8te :<\/p>\n\n\n\n<ul class=\"wp-block-list\">\n<li><strong>Nos contradictions<\/strong>\u00a0: Comme quand nous c\u00e9l\u00e9brons l&rsquo;Eucharistie mais renions le Christ par des comm\u00e9rages, l&rsquo;indiff\u00e9rence ou la m\u00e9diocrit\u00e9 spirituelle.<\/li>\n\n\n\n<li><strong>La r\u00e9ponse de J\u00e9sus<\/strong>\u00a0: Il appelle Judas \u00ab\u00a0ami\u00a0\u00bb (Mt 26,50), montrant que\u00a0<strong>sa mis\u00e9ricorde pr\u00e9c\u00e8de m\u00eame notre infid\u00e9lit\u00e9<\/strong>.<\/li>\n<\/ul>\n\n\n\n<p><strong>Pour vivre aujourd&rsquo;hui<\/strong>&nbsp;:<\/p>\n\n\n\n<ul class=\"wp-block-list\">\n<li><em>Examen<\/em>\u00a0: Quels \u00ab\u00a0baisers tra\u00eetres\u00a0\u00bb est-ce que je donne \u00e0 Dieu ? (ex : pri\u00e8res m\u00e9caniques, engagements non tenus).<\/li>\n\n\n\n<li><em>R\u00e9solution<\/em>\u00a0: Transformer un domaine d&rsquo;incoh\u00e9rence en fid\u00e9lit\u00e9 (ex : arr\u00eater une critique habituelle, \u00eatre ponctuel \u00e0 la messe).<\/li>\n<\/ul>\n\n\n\n<p><em>Conclusion : Un Mercredi Saint qui transforme<\/em><br>Ces trois le\u00e7ons sont des marches vers le Triduum :<\/p>\n\n\n\n<ol start=\"1\" class=\"wp-block-list\">\n<li><strong>Se repentir comme Pierre<\/strong>\u00a0&#8211; pas comme Judas.<\/li>\n\n\n\n<li><strong>Aimer comme Marie<\/strong>\u00a0&#8211; sans calculs humains.<\/li>\n\n\n\n<li><strong>\u00catre coh\u00e9rent<\/strong>\u00a0&#8211; que nos baisers (signes d&rsquo;amour) ne deviennent jamais monnaie de trahison.<\/li>\n<\/ol>\n\n\n\n<p><em>Pri\u00e8re finale<\/em>&nbsp;:<br>\u00ab\u00a0Seigneur, en ce Mercredi Saint, donne-moi la lucidit\u00e9 pour reconna\u00eetre mes Judas int\u00e9rieurs, la g\u00e9n\u00e9rosit\u00e9 de Marie pour T&rsquo;aimer sans mesure, et la constance pour que ma vie soit un baiser fid\u00e8le \u00e0 Tes pieds. Amen.\u00a0\u00bb<\/p>\n\n\n\n<p><strong>Pour approfondir<\/strong>&nbsp;:<\/p>\n\n\n\n<ul class=\"wp-block-list\">\n<li><em>Lecture biblique<\/em>\u00a0: Jn 12,1-11 (Onction \u00e0 B\u00e9thanie) + Mt 26,14-25 (Judas).<\/li>\n\n\n\n<li><em>Exercice spirituel<\/em>\u00a0: \u00c9crire une lettre \u00e0 J\u00e9sus reconnaissant une trahison quotidienne et proposant un acte de r\u00e9paration.<\/li>\n\n\n\n<li><em>Pour les groupes<\/em>\u00a0: Discuter : Quel \u00ab\u00a0nard\u00a0\u00bb pouvons-nous r\u00e9pandre en communaut\u00e9 cette Semaine Sainte ?<\/li>\n<\/ul>\n","protected":false},"excerpt":{"rendered":"<p>IntroductionLe&nbsp;Mercredi Saint&nbsp;agit comme un seuil sacr\u00e9 entre l&rsquo;agitation des premiers jours de la Semaine Sainte et la solennit\u00e9 du Triduum Pascal. Alors que la liturgie garde un silence \u00e9loquent &#8211; aucune messe n&rsquo;est c\u00e9l\u00e9br\u00e9e ce jour &#8211; l&rsquo;\u00c9glise nous invite \u00e0 int\u00e9rioriser trois le\u00e7ons cruciales qui pr\u00e9parent notre c\u0153ur au Myst\u00e8re Central de notre foi &hellip;<\/p>\n","protected":false},"author":3,"featured_media":3402,"comment_status":"open","ping_status":"open","sticky":false,"template":"","format":"standard","meta":{"_seopress_robots_primary_cat":"","_seopress_titles_title":"","_seopress_titles_desc":"","_seopress_robots_index":"","footnotes":""},"categories":[43,37],"tags":[1007],"class_list":["post-3401","post","type-post","status-publish","format-standard","has-post-thumbnail","","category-catechisme-de-leglise-catholique","category-doctrine-et-foi","tag-mercredi-saint"],"_links":{"self":[{"href":"https:\/\/catholicus.eu\/fr\/wp-json\/wp\/v2\/posts\/3401","targetHints":{"allow":["GET"]}}],"collection":[{"href":"https:\/\/catholicus.eu\/fr\/wp-json\/wp\/v2\/posts"}],"about":[{"href":"https:\/\/catholicus.eu\/fr\/wp-json\/wp\/v2\/types\/post"}],"author":[{"embeddable":true,"href":"https:\/\/catholicus.eu\/fr\/wp-json\/wp\/v2\/users\/3"}],"replies":[{"embeddable":true,"href":"https:\/\/catholicus.eu\/fr\/wp-json\/wp\/v2\/comments?post=3401"}],"version-history":[{"count":1,"href":"https:\/\/catholicus.eu\/fr\/wp-json\/wp\/v2\/posts\/3401\/revisions"}],"predecessor-version":[{"id":3403,"href":"https:\/\/catholicus.eu\/fr\/wp-json\/wp\/v2\/posts\/3401\/revisions\/3403"}],"wp:featuredmedia":[{"embeddable":true,"href":"https:\/\/catholicus.eu\/fr\/wp-json\/wp\/v2\/media\/3402"}],"wp:attachment":[{"href":"https:\/\/catholicus.eu\/fr\/wp-json\/wp\/v2\/media?parent=3401"}],"wp:term":[{"taxonomy":"category","embeddable":true,"href":"https:\/\/catholicus.eu\/fr\/wp-json\/wp\/v2\/categories?post=3401"},{"taxonomy":"post_tag","embeddable":true,"href":"https:\/\/catholicus.eu\/fr\/wp-json\/wp\/v2\/tags?post=3401"}],"curies":[{"name":"wp","href":"https:\/\/api.w.org\/{rel}","templated":true}]}}