{"id":3395,"date":"2025-04-16T18:27:37","date_gmt":"2025-04-16T16:27:37","guid":{"rendered":"https:\/\/catholicus.eu\/fr\/?p=3395"},"modified":"2025-04-16T18:27:37","modified_gmt":"2025-04-16T16:27:37","slug":"du-silence-de-judas-aux-larmes-de-pierre-apprendre-du-repentir-le-mercredi-saint","status":"publish","type":"post","link":"https:\/\/catholicus.eu\/fr\/du-silence-de-judas-aux-larmes-de-pierre-apprendre-du-repentir-le-mercredi-saint\/","title":{"rendered":"Du silence de Judas aux larmes de Pierre : Apprendre du repentir le Mercredi Saint"},"content":{"rendered":"\n<p><em>Introduction<\/em><br>Le&nbsp;<strong>Mercredi Saint<\/strong>&nbsp;est un jour de profonde r\u00e9flexion durant la Semaine Sainte, marqu\u00e9 par deux attitudes oppos\u00e9es face au p\u00e9ch\u00e9 :&nbsp;<strong>le silence d\u00e9sesp\u00e9r\u00e9 de Judas et les larmes r\u00e9demptrices de Pierre<\/strong>. Les deux disciples ont failli envers J\u00e9sus, mais leurs r\u00e9actions les ont conduits sur des chemins radicalement diff\u00e9rents. Alors que Judas sombrait dans le d\u00e9sespoir, Pierre trouva dans ses pleurs le chemin du retour vers l&rsquo;amour du Christ. Ce contraste nous invite \u00e0 examiner notre propre c\u0153ur :&nbsp;<strong>Comment r\u00e9agissons-nous lorsque nous faillons face \u00e0 Dieu ?<\/strong><\/p>\n\n\n\n<h3 class=\"wp-block-heading\"><strong>1. La trag\u00e9die de Judas : Quand le p\u00e9ch\u00e9 m\u00e8ne \u00e0 l&rsquo;ab\u00eeme<\/strong><\/h3>\n\n\n\n<p>Judas Iscariote, l&rsquo;un des Douze,&nbsp;<strong>a trahi J\u00e9sus pour trente pi\u00e8ces d&rsquo;argent<\/strong>&nbsp;(Mt 26,14-16). Ce qui frappe le plus n&rsquo;est pas seulement son acte, mais sa r\u00e9action apr\u00e8s :<\/p>\n\n\n\n<ul class=\"wp-block-list\">\n<li><strong>Il a reconnu son p\u00e9ch\u00e9<\/strong>, mais n&rsquo;a pas su accueillir la mis\u00e9ricorde (<em>\u00ab\u00a0J&rsquo;ai p\u00e9ch\u00e9 en livrant un sang innocent\u00a0\u00bb<\/em>, Mt 27,4).<\/li>\n\n\n\n<li><strong>Il a pr\u00e9f\u00e9r\u00e9 le suicide au pardon<\/strong>, r\u00e9v\u00e9lant un d\u00e9sespoir sans esp\u00e9rance.<\/li>\n\n\n\n<li><strong>Il n&rsquo;a pas cherch\u00e9 J\u00e9sus<\/strong>, malgr\u00e9 avoir v\u00e9cu \u00e0 ses c\u00f4t\u00e9s pendant des ann\u00e9es.<\/li>\n<\/ul>\n\n\n\n<p>Judas repr\u00e9sente ceux qui,&nbsp;<strong>tout en connaissant leur p\u00e9ch\u00e9, ne croient pas que Dieu puisse leur pardonner<\/strong>. Sa trag\u00e9die ne fut pas seulement la trahison, mais&nbsp;<strong>de se fermer \u00e0 la r\u00e9demption<\/strong>.<\/p>\n\n\n\n<h3 class=\"wp-block-heading\"><strong>2. La faiblesse de Pierre : Reniement et repentir<\/strong><\/h3>\n\n\n\n<p>Pierre, l&rsquo;ap\u00f4tre le plus fervent, a lui aussi failli :&nbsp;<strong>il a reni\u00e9 J\u00e9sus trois fois<\/strong>&nbsp;(Mt 26,69-75). Pourtant, son histoire ne s&rsquo;arr\u00eata pas l\u00e0 :<\/p>\n\n\n\n<ul class=\"wp-block-list\">\n<li><strong>\u00ab\u00a0Il se souvint de la parole que J\u00e9sus avait dite\u00a0\u00bb<\/strong>\u00a0(Mt 26,75), et cela le conduisit au repentir.<\/li>\n\n\n\n<li><strong>Il pleura am\u00e8rement<\/strong>, manifestant une douleur qui n&rsquo;\u00e9tait pas d\u00e9sespoir mais humilit\u00e9.<\/li>\n\n\n\n<li><strong>Plus tard, J\u00e9sus confirma son amour<\/strong>\u00a0(<em>\u00ab\u00a0Pais mes brebis\u00a0\u00bb<\/em>, Jn 21,15-17).<\/li>\n<\/ul>\n\n\n\n<p>Pierre&nbsp;<strong>ne s&rsquo;est pas cach\u00e9 face \u00e0 sa culpabilit\u00e9<\/strong>, mais l&rsquo;a affront\u00e9e avec des larmes qui l&rsquo;ont men\u00e9 \u00e0&nbsp;<strong>une conversion plus profonde<\/strong>.<\/p>\n\n\n\n<h3 class=\"wp-block-heading\"><strong>3. Pourquoi Judas ne s&rsquo;est-il pas repenti comme Pierre ?<\/strong><\/h3>\n\n\n\n<p>La diff\u00e9rence cruciale r\u00e9side dans&nbsp;<strong>la confiance en la mis\u00e9ricorde divine<\/strong>&nbsp;:<\/p>\n\n\n\n<ul class=\"wp-block-list\">\n<li><strong>Judas a vu son p\u00e9ch\u00e9 comme plus grand que le pardon de Dieu<\/strong>.<\/li>\n\n\n\n<li><strong>Pierre, bien que faible, a cru que J\u00e9sus pouvait le restaurer<\/strong>.<\/li>\n\n\n\n<li><strong>L&rsquo;un a choisi la mort ; l&rsquo;autre, la vie<\/strong>.<\/li>\n<\/ul>\n\n\n\n<h3 class=\"wp-block-heading\"><strong>4. Le\u00e7ons pour nous aujourd&rsquo;hui<\/strong><\/h3>\n\n\n\n<p>Le Mercredi Saint nous appelle \u00e0 examiner&nbsp;<strong>comment nous r\u00e9agissons face \u00e0 nos chutes<\/strong>&nbsp;:<\/p>\n\n\n\n<p>\u2714&nbsp;<strong>Ne pas tomber dans le d\u00e9sespoir<\/strong>&nbsp;: Aucun p\u00e9ch\u00e9 n&rsquo;est plus grand que la mis\u00e9ricorde de Dieu (<em>\u00ab\u00a0L\u00e0 o\u00f9 le p\u00e9ch\u00e9 a abond\u00e9, la gr\u00e2ce a surabond\u00e9\u00a0\u00bb<\/em>, Rm 5,20).<br>\u2714&nbsp;<strong>Apprendre des larmes de Pierre<\/strong>&nbsp;: Le vrai repentir ne paralyse pas, mais pousse \u00e0 revenir vers le Christ.<br>\u2714&nbsp;<strong>Se confesser avec humilit\u00e9<\/strong>&nbsp;: Le sacrement de R\u00e9conciliation est l&rsquo;antidote au d\u00e9sespoir.<\/p>\n\n\n\n<p><em>Conclusion<\/em><br>En ce&nbsp;<strong>Mercredi Saint<\/strong>, l&rsquo;\u00c9glise nous invite \u00e0&nbsp;<strong>regarder Judas pour ne pas r\u00e9p\u00e9ter son erreur<\/strong>&nbsp;et \u00e0&nbsp;<strong>regarder Pierre pour imiter sa foi<\/strong>.&nbsp;<strong>Dieu ne rejette pas un c\u0153ur bris\u00e9<\/strong>&nbsp;(Ps 51,19). Allons-nous accepter Son pardon, ou rester enferm\u00e9s dans notre douleur ? Ce choix fait la diff\u00e9rence entre la perdition et la saintet\u00e9.<\/p>\n\n\n\n<p><em>Pri\u00e8re finale<\/em><br><em>\u00ab\u00a0Seigneur, en ce Mercredi Saint, aide-moi \u00e0 ne pas d\u00e9sesp\u00e9rer comme Judas, mais \u00e0 pleurer mes p\u00e9ch\u00e9s dans l&rsquo;esp\u00e9rance, comme Pierre. Que je ne doute jamais de Ta mis\u00e9ricorde, plus grande que toutes mes chutes. Amen.\u00a0\u00bb<\/em><\/p>\n","protected":false},"excerpt":{"rendered":"<p>IntroductionLe&nbsp;Mercredi Saint&nbsp;est un jour de profonde r\u00e9flexion durant la Semaine Sainte, marqu\u00e9 par deux attitudes oppos\u00e9es face au p\u00e9ch\u00e9 :&nbsp;le silence d\u00e9sesp\u00e9r\u00e9 de Judas et les larmes r\u00e9demptrices de Pierre. Les deux disciples ont failli envers J\u00e9sus, mais leurs r\u00e9actions les ont conduits sur des chemins radicalement diff\u00e9rents. Alors que Judas sombrait dans le d\u00e9sespoir, &hellip;<\/p>\n","protected":false},"author":3,"featured_media":3396,"comment_status":"open","ping_status":"open","sticky":false,"template":"","format":"standard","meta":{"_seopress_robots_primary_cat":"","_seopress_titles_title":"","_seopress_titles_desc":"","_seopress_robots_index":"","footnotes":""},"categories":[37,45],"tags":[1005,1007,1006],"class_list":["post-3395","post","type-post","status-publish","format-standard","has-post-thumbnail","","category-doctrine-et-foi","category-saintes-ecritures","tag-larmes-de-pierre","tag-mercredi-saint","tag-silence-de-judas"],"_links":{"self":[{"href":"https:\/\/catholicus.eu\/fr\/wp-json\/wp\/v2\/posts\/3395","targetHints":{"allow":["GET"]}}],"collection":[{"href":"https:\/\/catholicus.eu\/fr\/wp-json\/wp\/v2\/posts"}],"about":[{"href":"https:\/\/catholicus.eu\/fr\/wp-json\/wp\/v2\/types\/post"}],"author":[{"embeddable":true,"href":"https:\/\/catholicus.eu\/fr\/wp-json\/wp\/v2\/users\/3"}],"replies":[{"embeddable":true,"href":"https:\/\/catholicus.eu\/fr\/wp-json\/wp\/v2\/comments?post=3395"}],"version-history":[{"count":1,"href":"https:\/\/catholicus.eu\/fr\/wp-json\/wp\/v2\/posts\/3395\/revisions"}],"predecessor-version":[{"id":3397,"href":"https:\/\/catholicus.eu\/fr\/wp-json\/wp\/v2\/posts\/3395\/revisions\/3397"}],"wp:featuredmedia":[{"embeddable":true,"href":"https:\/\/catholicus.eu\/fr\/wp-json\/wp\/v2\/media\/3396"}],"wp:attachment":[{"href":"https:\/\/catholicus.eu\/fr\/wp-json\/wp\/v2\/media?parent=3395"}],"wp:term":[{"taxonomy":"category","embeddable":true,"href":"https:\/\/catholicus.eu\/fr\/wp-json\/wp\/v2\/categories?post=3395"},{"taxonomy":"post_tag","embeddable":true,"href":"https:\/\/catholicus.eu\/fr\/wp-json\/wp\/v2\/tags?post=3395"}],"curies":[{"name":"wp","href":"https:\/\/api.w.org\/{rel}","templated":true}]}}