{"id":3386,"date":"2025-04-15T15:58:31","date_gmt":"2025-04-15T13:58:31","guid":{"rendered":"https:\/\/catholicus.eu\/fr\/?p=3386"},"modified":"2025-04-15T15:58:31","modified_gmt":"2025-04-15T13:58:31","slug":"levangile-du-royaume-la-revolution-spirituelle-qui-changera-votre-vie","status":"publish","type":"post","link":"https:\/\/catholicus.eu\/fr\/levangile-du-royaume-la-revolution-spirituelle-qui-changera-votre-vie\/","title":{"rendered":"L&rsquo;\u00c9vangile du Royaume : La R\u00e9volution Spirituelle Qui Changera Votre Vie"},"content":{"rendered":"\n<p><strong>Introduction : Un Message Qui Transforme<\/strong><\/p>\n\n\n\n<p>Dans un monde marqu\u00e9 par l&rsquo;incertitude, l&rsquo;anxi\u00e9t\u00e9 et la qu\u00eate de sens, les paroles de J\u00e9sus-Christ r\u00e9sonnent avec une puissance \u00e9ternelle :&nbsp;<em>\u00ab\u00a0Convertissez-vous, car le Royaume des Cieux est proche\u00a0\u00bb<\/em>&nbsp;(Matthieu 4:17). Cette proclamation n&rsquo;est pas une simple invitation, mais une annonce divine qui a chang\u00e9 le cours de l&rsquo;histoire. Mais que signifie vraiment \u00ab\u00a0l&rsquo;\u00c9vangile du Royaume\u00a0\u00bb ? Pourquoi l&rsquo;\u00c9vangile de Saint Matthieu est-il appel\u00e9 \u00ab\u00a0l&rsquo;\u00c9vangile du Royaume\u00a0\u00bb ? Et surtout, comment cette v\u00e9rit\u00e9 peut-elle transformer notre vie aujourd&rsquo;hui ?<\/p>\n\n\n\n<p>Dans cet article, nous explorerons la profonde signification th\u00e9ologique du Royaume de Dieu, sa centralit\u00e9 dans le message de J\u00e9sus et comment nous pouvons vivre comme de v\u00e9ritables citoyens de ce Royaume au c\u0153ur du monde moderne.<\/p>\n\n\n\n<hr class=\"wp-block-separator has-alpha-channel-opacity\"\/>\n\n\n\n<h3 class=\"wp-block-heading\"><strong>1. Qu&rsquo;est-ce que l&rsquo;\u00c9vangile du Royaume ?<\/strong><\/h3>\n\n\n\n<p>L'\u00a0\u00bb\u00c9vangile du Royaume\u00a0\u00bb est le c\u0153ur de la pr\u00e9dication de J\u00e9sus-Christ. Ce n&rsquo;est pas seulement un message de salut individuel, mais une restauration cosmique : \u00e0 travers le Christ, Dieu \u00e9tablit Sa souverainet\u00e9 sur toute la cr\u00e9ation. Ce Royaume n&rsquo;est pas un territoire g\u00e9ographique, mais un&nbsp;<em>r\u00e8gne de gr\u00e2ce, de v\u00e9rit\u00e9 et de justice<\/em>&nbsp;qui se manifeste dans les c\u0153urs de ceux qui accueillent J\u00e9sus comme Seigneur.<\/p>\n\n\n\n<p>J\u00e9sus le d\u00e9crit avec des paraboles :&nbsp;<em>\u00ab\u00a0Le Royaume des Cieux est semblable \u00e0 un grain de moutarde&#8230; \u00e0 du levain&#8230; \u00e0 un tr\u00e9sor cach\u00e9\u00a0\u00bb<\/em>&nbsp;(Matthieu 13). Il est humble dans ses d\u00e9buts, mais transformateur dans sa croissance.<\/p>\n\n\n\n<hr class=\"wp-block-separator has-alpha-channel-opacity\"\/>\n\n\n\n<h3 class=\"wp-block-heading\"><strong>2. Pourquoi l&rsquo;\u00c9vangile de Saint Matthieu est-il \u00ab\u00a0l&rsquo;\u00c9vangile du Royaume\u00a0\u00bb ?<\/strong><\/h3>\n\n\n\n<p>Parmi les quatre \u00c9vangiles, celui de Matthieu se distingue par son insistance sur le&nbsp;<em>Royaume des Cieux<\/em>&nbsp;(terme utilis\u00e9 32 fois, \u00e9vitant \u00ab\u00a0Royaume de Dieu\u00a0\u00bb par respect pour la sensibilit\u00e9 juive, qui \u00e9vitait de prononcer le nom divin). Matthieu, \u00e9crivant pour des juifs convertis, pr\u00e9sente J\u00e9sus comme le&nbsp;<em>Messie Roi<\/em>, l&rsquo;accomplissement des promesses de l&rsquo;Ancien Testament.<\/p>\n\n\n\n<p><strong>Quelques cl\u00e9s de l&rsquo;\u00c9vangile de Matthieu :<\/strong><\/p>\n\n\n\n<ul class=\"wp-block-list\">\n<li><strong>J\u00e9sus comme Nouveau Mo\u00efse<\/strong>\u00a0: Tout comme Mo\u00efse a donn\u00e9 la Loi au Sina\u00ef, J\u00e9sus proclame la\u00a0<em>Nouvelle Loi<\/em>\u00a0dans le Sermon sur la Montagne (Matthieu 5-7).<\/li>\n\n\n\n<li><strong>Le Royaume comme th\u00e8me central<\/strong>\u00a0: D\u00e8s le premier chapitre (Matthieu 1:1, o\u00f9 J\u00e9sus est appel\u00e9 \u00ab\u00a0Fils de David\u00a0\u00bb) jusqu&rsquo;\u00e0 la Grande Mission (Matthieu 28:18-20), tout pointe vers l&rsquo;\u00e9tablissement de Son Royaume.<\/li>\n\n\n\n<li><strong>Les B\u00e9atitudes comme \u00ab\u00a0Constitution du Royaume\u00a0\u00bb<\/strong>\u00a0: Dans Matthieu 5, J\u00e9sus d\u00e9crit les valeurs du Royaume : humilit\u00e9, mis\u00e9ricorde, puret\u00e9 de c\u0153ur.<\/li>\n<\/ul>\n\n\n\n<hr class=\"wp-block-separator has-alpha-channel-opacity\"\/>\n\n\n\n<h3 class=\"wp-block-heading\"><strong>3. Le Royaume de Dieu face aux Royaumes du Monde<\/strong><\/h3>\n\n\n\n<p>Aujourd&rsquo;hui, nous vivons dans une culture qui idol\u00e2tre le pouvoir, le succ\u00e8s mat\u00e9riel et l&rsquo;autosuffisance. Mais le Royaume de Dieu renverse cette logique :<\/p>\n\n\n\n<ul class=\"wp-block-list\">\n<li><em>\u00ab\u00a0Les derniers seront les premiers\u00a0\u00bb<\/em>\u00a0(Matthieu 20:16).<\/li>\n\n\n\n<li><em>\u00ab\u00a0Celui qui veut \u00eatre grand, qu&rsquo;il se fasse serviteur\u00a0\u00bb<\/em>\u00a0(Matthieu 20:26).<\/li>\n<\/ul>\n\n\n\n<p><strong>Exemple pratique<\/strong>&nbsp;: Au travail, cherchons-nous \u00e0 exceller aux d\u00e9pens des autres, ou servons-nous avec int\u00e9grit\u00e9, refl\u00e9tant les valeurs du Royaume ?<\/p>\n\n\n\n<hr class=\"wp-block-separator has-alpha-channel-opacity\"\/>\n\n\n\n<h3 class=\"wp-block-heading\"><strong>4. Guide Pratique : Comment Vivre l&rsquo;\u00c9vangile du Royaume Aujourd&rsquo;hui<\/strong><\/h3>\n\n\n\n<p><strong>Du point de vue th\u00e9ologique et pastoral<\/strong>, vivre le Royaume implique :<\/p>\n\n\n\n<h4 class=\"wp-block-heading\"><strong>a) Une Conversion Continue (M\u00e9tanoia)<\/strong><\/h4>\n\n\n\n<ul class=\"wp-block-list\">\n<li>Ce n&rsquo;est pas un changement superficiel, mais une\u00a0<em>r\u00e9volution du c\u0153ur<\/em>.<\/li>\n\n\n\n<li><strong>Action concr\u00e8te<\/strong>\u00a0: Examinez votre vie quotidienne\u2014quelles zones ne sont pas sous la seigneurie du Christ ?<\/li>\n<\/ul>\n\n\n\n<h4 class=\"wp-block-heading\"><strong>b) Un Discipulat Radical<\/strong><\/h4>\n\n\n\n<ul class=\"wp-block-list\">\n<li>J\u00e9sus appelle \u00e0\u00a0<em>Le suivre<\/em>\u00a0(Matthieu 4:19), pas seulement \u00e0 croire en Lui.<\/li>\n\n\n\n<li><strong>Action concr\u00e8te<\/strong>\u00a0: Consacrez du temps quotidien \u00e0 la pri\u00e8re et \u00e0 la Parole.<\/li>\n<\/ul>\n\n\n\n<h4 class=\"wp-block-heading\"><strong>c) Une Mission Active<\/strong><\/h4>\n\n\n\n<ul class=\"wp-block-list\">\n<li>Le Royaume s&rsquo;\u00e9tend lorsque nous\u00a0<em>t\u00e9moignons par des \u0153uvres et des paroles<\/em>.<\/li>\n\n\n\n<li><strong>Action concr\u00e8te<\/strong>\u00a0: Aidez quelqu&rsquo;un dans le besoin aujourd&rsquo;hui, sans attendre de r\u00e9compense.<\/li>\n<\/ul>\n\n\n\n<h4 class=\"wp-block-heading\"><strong>d) Une Esp\u00e9rance Eschatologique<\/strong><\/h4>\n\n\n\n<ul class=\"wp-block-list\">\n<li>Le Royaume est d\u00e9j\u00e0 l\u00e0, mais\u00a0<em>pas encore pleinement<\/em>. Nous vivons dans l&rsquo;attente de son accomplissement final.<\/li>\n\n\n\n<li><strong>Action concr\u00e8te<\/strong>\u00a0: Au milieu des crises, croyez que\u00a0<em>\u00ab\u00a0Dieu fait tout concourir au bien\u00a0\u00bb<\/em>\u00a0(Romains 8:28).<\/li>\n<\/ul>\n\n\n\n<hr class=\"wp-block-separator has-alpha-channel-opacity\"\/>\n\n\n\n<h3 class=\"wp-block-heading\"><strong>Conclusion : Acceptez-vous d&rsquo;\u00catre Citoyen de ce Royaume ?<\/strong><\/h3>\n\n\n\n<p>L&rsquo;\u00c9vangile du Royaume n&rsquo;est pas un concept abstrait, mais un&nbsp;<em>appel urgent<\/em>&nbsp;\u00e0 vivre sous le r\u00e8gne de Dieu. Comme l&rsquo;a dit Saint Paul VI :&nbsp;<em>\u00ab\u00a0Le Royaume de Dieu est la lib\u00e9ration de tout ce qui opprime l&rsquo;homme.\u00a0\u00bb<\/em><\/p>\n\n\n\n<p>Aujourd&rsquo;hui, J\u00e9sus vous demande :&nbsp;<em>Voulez-vous que Mon Royaume transforme votre famille, votre travail, vos r\u00eaves ?<\/em>&nbsp;La r\u00e9ponse ne peut \u00eatre l&rsquo;indiff\u00e9rence.<\/p>\n\n\n\n<p><strong>Pri\u00e8re finale<\/strong>&nbsp;:&nbsp;<em>\u00ab\u00a0Seigneur J\u00e9sus, Roi de l&rsquo;Univers, \u00e9tablis Ton Royaume dans mon c\u0153ur. Que ma vie refl\u00e8te Ton amour et Ta justice. Amen.\u00a0\u00bb<\/em><\/p>\n\n\n\n<hr class=\"wp-block-separator has-alpha-channel-opacity\"\/>\n\n\n\n<p><strong>Que se passera-t-il si vous prenez ce message au s\u00e9rieux ?<\/strong>&nbsp;La r\u00e9volution silencieuse du Royaume commencera en vous\u2026 et changera le monde autour de vous.<\/p>\n\n\n\n[<strong>Partagez cet article et r\u00e9pandez l&rsquo;\u00c9vangile du Royaume !<\/strong>]\n","protected":false},"excerpt":{"rendered":"<p>Introduction : Un Message Qui Transforme Dans un monde marqu\u00e9 par l&rsquo;incertitude, l&rsquo;anxi\u00e9t\u00e9 et la qu\u00eate de sens, les paroles de J\u00e9sus-Christ r\u00e9sonnent avec une puissance \u00e9ternelle :&nbsp;\u00ab\u00a0Convertissez-vous, car le Royaume des Cieux est proche\u00a0\u00bb&nbsp;(Matthieu 4:17). Cette proclamation n&rsquo;est pas une simple invitation, mais une annonce divine qui a chang\u00e9 le cours de l&rsquo;histoire. Mais &hellip;<\/p>\n","protected":false},"author":3,"featured_media":3387,"comment_status":"open","ping_status":"open","sticky":false,"template":"","format":"standard","meta":{"_seopress_robots_primary_cat":"","_seopress_titles_title":"","_seopress_titles_desc":"","_seopress_robots_index":"","footnotes":""},"categories":[37,45],"tags":[999,1000],"class_list":["post-3386","post","type-post","status-publish","format-standard","has-post-thumbnail","","category-doctrine-et-foi","category-saintes-ecritures","tag-evangile-du-royaume","tag-saint-matthieu"],"_links":{"self":[{"href":"https:\/\/catholicus.eu\/fr\/wp-json\/wp\/v2\/posts\/3386","targetHints":{"allow":["GET"]}}],"collection":[{"href":"https:\/\/catholicus.eu\/fr\/wp-json\/wp\/v2\/posts"}],"about":[{"href":"https:\/\/catholicus.eu\/fr\/wp-json\/wp\/v2\/types\/post"}],"author":[{"embeddable":true,"href":"https:\/\/catholicus.eu\/fr\/wp-json\/wp\/v2\/users\/3"}],"replies":[{"embeddable":true,"href":"https:\/\/catholicus.eu\/fr\/wp-json\/wp\/v2\/comments?post=3386"}],"version-history":[{"count":1,"href":"https:\/\/catholicus.eu\/fr\/wp-json\/wp\/v2\/posts\/3386\/revisions"}],"predecessor-version":[{"id":3388,"href":"https:\/\/catholicus.eu\/fr\/wp-json\/wp\/v2\/posts\/3386\/revisions\/3388"}],"wp:featuredmedia":[{"embeddable":true,"href":"https:\/\/catholicus.eu\/fr\/wp-json\/wp\/v2\/media\/3387"}],"wp:attachment":[{"href":"https:\/\/catholicus.eu\/fr\/wp-json\/wp\/v2\/media?parent=3386"}],"wp:term":[{"taxonomy":"category","embeddable":true,"href":"https:\/\/catholicus.eu\/fr\/wp-json\/wp\/v2\/categories?post=3386"},{"taxonomy":"post_tag","embeddable":true,"href":"https:\/\/catholicus.eu\/fr\/wp-json\/wp\/v2\/tags?post=3386"}],"curies":[{"name":"wp","href":"https:\/\/api.w.org\/{rel}","templated":true}]}}