{"id":3371,"date":"2025-04-14T23:03:03","date_gmt":"2025-04-14T21:03:03","guid":{"rendered":"https:\/\/catholicus.eu\/fr\/?p=3371"},"modified":"2025-04-14T23:03:03","modified_gmt":"2025-04-14T21:03:03","slug":"sacrileges-dans-nos-eglises-lassaut-silencieux-contre-le-sacre-jusqua-quand-allons-nous-tolerer-le-manque-de-reverence","status":"publish","type":"post","link":"https:\/\/catholicus.eu\/fr\/sacrileges-dans-nos-eglises-lassaut-silencieux-contre-le-sacre-jusqua-quand-allons-nous-tolerer-le-manque-de-reverence\/","title":{"rendered":"Sacril\u00e8ges dans nos \u00e9glises : l\u2019assaut silencieux contre le Sacr\u00e9. Jusqu\u2019\u00e0 quand allons-nous tol\u00e9rer le manque de r\u00e9v\u00e9rence ?"},"content":{"rendered":"\n<p><strong>INTRODUCTION : Un cri qui s\u2019\u00e9l\u00e8ve du silence des temples<\/strong><\/p>\n\n\n\n<p>Entrez aujourd\u2019hui dans une \u00e9glise et arr\u00eatez-vous un instant. Que voyez-vous ? Qu\u2019entendez-vous ? Que ressentez-vous ? Pour beaucoup, le temple \u2014 qui devrait \u00eatre la demeure du Tr\u00e8s-Haut et un lieu de recueillement \u2014 semble envahi par l\u2019indiff\u00e9rence, la banalit\u00e9, voire l\u2019irr\u00e9v\u00e9rence. Des conversations \u00e0 voix haute, des t\u00e9l\u00e9phones qui sonnent, des tenues inappropri\u00e9es, des communions pr\u00e9cipit\u00e9es, des tabernacles abandonn\u00e9s, et m\u00eame des pr\u00eatres qui tol\u00e8rent \u2014 voire promeuvent \u2014 des spectacles dans le sanctuaire. Est-ce cela que nous avons permis ? Avons-nous oubli\u00e9 <em>qui<\/em> habite en ce lieu ?<\/p>\n\n\n\n<p>Cet article est un appel urgent \u00e0 r\u00e9veiller les consciences. Il ne s\u2019agit pas seulement d\u2019une d\u00e9nonciation. C\u2019est un guide spirituel, un regard profond \u2014 th\u00e9ologique et pastoral \u2014 sur la r\u00e9alit\u00e9 des sacril\u00e8ges commis dans nos \u00e9glises. Et surtout, une invitation \u00e0 retrouver le sens du sacr\u00e9.<\/p>\n\n\n\n<hr class=\"wp-block-separator has-alpha-channel-opacity\"\/>\n\n\n\n<h2 class=\"wp-block-heading\">1. QU\u2019EST-CE QUE LE SACRIL\u00c8GE ? \u2014 Profaner le Saint<\/h2>\n\n\n\n<p>\u00c9tymologiquement, le mot \u00ab sacril\u00e8ge \u00bb vient du latin <em>sacrilegium<\/em>, de <em>sacer<\/em> (sacr\u00e9) et <em>legere<\/em> (prendre, enlever). Cela signifie litt\u00e9ralement \u00ab le vol du sacr\u00e9 \u00bb. Mais ce n\u2019est pas seulement un acte mat\u00e9riel. C\u2019est toute action ou attitude qui profane, d\u00e9grade ou banalise quelque chose consacr\u00e9 \u00e0 Dieu.<\/p>\n\n\n\n<p>L\u2019\u00c9glise distingue plusieurs types de sacril\u00e8ges :<\/p>\n\n\n\n<ul class=\"wp-block-list\">\n<li><strong>Le sacril\u00e8ge contre les personnes<\/strong> : lorsqu\u2019on attaque des ministres sacr\u00e9s ou des personnes consacr\u00e9es.<\/li>\n\n\n\n<li><strong>Le sacril\u00e8ge contre les choses sacr\u00e9es<\/strong> : lorsqu\u2019on d\u00e9truit, maltraite ou utilise sans respect des objets liturgiques, des reliques ou des images sacr\u00e9es.<\/li>\n\n\n\n<li><strong>Le sacril\u00e8ge eucharistique<\/strong> : le plus grave de tous, lorsqu\u2019on manque de respect envers le Saint-Sacrement.<\/li>\n<\/ul>\n\n\n\n<p>Le Cat\u00e9chisme de l\u2019\u00c9glise catholique est clair :<\/p>\n\n\n\n<blockquote class=\"wp-block-quote is-layout-flow wp-block-quote-is-layout-flow\">\n<p>\u00ab Le sacril\u00e8ge consiste \u00e0 profaner ou traiter indignement les sacrements et les autres actions liturgiques, ainsi que les personnes, les choses ou les lieux consacr\u00e9s \u00e0 Dieu. Le sacril\u00e8ge est un p\u00e9ch\u00e9 grave, surtout lorsqu\u2019il est commis contre l\u2019Eucharistie, car dans ce sacrement, le vrai Corps du Seigneur est rendu substantiellement pr\u00e9sent. \u00bb (CEC 2120)<\/p>\n<\/blockquote>\n\n\n\n<hr class=\"wp-block-separator has-alpha-channel-opacity\"\/>\n\n\n\n<h2 class=\"wp-block-heading\">2. UNE BLESSURE OUVERTE DANS LE C\u0152UR DE L\u2019\u00c9GLISE<\/h2>\n\n\n\n<p>D\u00e8s les premiers si\u00e8cles, les chr\u00e9tiens comprenaient la gravit\u00e9 d\u2019offenser le culte ou le Corps du Christ. Saint Cyprien de Carthage, au IIIe si\u00e8cle, condamnait d\u00e9j\u00e0 ceux qui communiaient en \u00e9tat de p\u00e9ch\u00e9 mortel, profanant ainsi l\u2019Eucharistie. Saint Paul, lui, \u00e9tait encore plus direct :<\/p>\n\n\n\n<blockquote class=\"wp-block-quote is-layout-flow wp-block-quote-is-layout-flow\">\n<p>\u00ab Celui qui mange et boit indignement, mange et boit sa propre condamnation. \u00bb (1 Co 11, 27\u201329)<\/p>\n<\/blockquote>\n\n\n\n<p>Mais aujourd\u2019hui \u2014 h\u00e9las \u2014 le sacril\u00e8ge est devenu courant. Et pire encore : tol\u00e9r\u00e9.<\/p>\n\n\n\n<hr class=\"wp-block-separator has-alpha-channel-opacity\"\/>\n\n\n\n<h2 class=\"wp-block-heading\">3. FORMES MODERNES DE SACRIL\u00c8GE : L\u2019ENNEMI INVISIBLE<\/h2>\n\n\n\n<h3 class=\"wp-block-heading\">1. <strong>Communier en \u00e9tat de p\u00e9ch\u00e9 mortel<\/strong><\/h3>\n\n\n\n<p>Beaucoup communient sans s\u2019\u00eatre confess\u00e9s depuis des mois, voire des ann\u00e9es. On ne pr\u00eache plus le p\u00e9ch\u00e9, ni la n\u00e9cessit\u00e9 de la conversion. La communion devient un geste social, et non une rencontre intime avec le Dieu vivant.<\/p>\n\n\n\n<h3 class=\"wp-block-heading\">2. <strong>Communier dans la main sans r\u00e9v\u00e9rence<\/strong><\/h3>\n\n\n\n<p>Bien que permis dans certains contextes, la communion dans la main a entra\u00een\u00e9 d\u2019innombrables abus : particules tombant au sol, absence de g\u00e9nuflexion ou d\u2019inclinaison, traitement n\u00e9glig\u00e9 du Corps du Christ\u2026 Comment en est-on arriv\u00e9 l\u00e0 ?<\/p>\n\n\n\n<h3 class=\"wp-block-heading\">3. <strong>Tenues et comportements inappropri\u00e9s<\/strong><\/h3>\n\n\n\n<p>Des personnes entrent dans l\u2019\u00e9glise \u00e0 moiti\u00e9 v\u00eatues, des touristes s\u2019y prom\u00e8nent comme dans un mus\u00e9e, des gens m\u00e2chent du chewing-gum, bavardent pendant la messe\u2026 Croyons-nous encore \u00e0 la <em>pr\u00e9sence r\u00e9elle<\/em> du Christ dans le Tabernacle ?<\/p>\n\n\n\n<h3 class=\"wp-block-heading\">4. <strong>C\u00e9l\u00e9brations liturgiques d\u00e9form\u00e9es<\/strong><\/h3>\n\n\n\n<p>Des messes avec des clowns, des danses, des exp\u00e9riences liturgiques, des chants profanes, des autels vides\u2026 O\u00f9 est l\u2019<em>ars celebrandi<\/em> ? O\u00f9 est la r\u00e9v\u00e9rence envers le Myst\u00e8re ?<\/p>\n\n\n\n<h3 class=\"wp-block-heading\">5. <strong>Tabernacles d\u00e9plac\u00e9s ou vides<\/strong><\/h3>\n\n\n\n<p>Dans beaucoup d\u2019\u00e9glises modernes, le tabernacle a \u00e9t\u00e9 rel\u00e9gu\u00e9 dans un coin \u2014 ou m\u00eame dans une pi\u00e8ce \u00e0 part. Comme si J\u00e9sus \u00e9tait un objet d\u00e9coratif encombrant ! N\u2019est-ce pas une blessure au C\u0153ur du R\u00e9dempteur ?<\/p>\n\n\n\n<hr class=\"wp-block-separator has-alpha-channel-opacity\"\/>\n\n\n\n<h2 class=\"wp-block-heading\">4. LE FOND TH\u00c9OLOGIQUE : QUE RISQUE-T-ON VRAIMENT ?<\/h2>\n\n\n\n<p>La racine du probl\u00e8me n\u2019est pas seulement l\u2019ignorance ou la n\u00e9gligence. C\u2019est la perte du <em>sens du sacr\u00e9<\/em>. La crise liturgique post-conciliaire a g\u00e9n\u00e9r\u00e9 une vision horizontale de la foi : on privil\u00e9gie la communaut\u00e9 au d\u00e9triment du myst\u00e8re, la spontan\u00e9it\u00e9 au d\u00e9triment du rite, l\u2019humain au d\u00e9triment du divin.<\/p>\n\n\n\n<p>Et cela a des cons\u00e9quences spirituelles majeures.<\/p>\n\n\n\n<h3 class=\"wp-block-heading\">a) <strong>L\u2019Eucharistie n\u2019est plus le centre<\/strong><\/h3>\n\n\n\n<p>Si nous ne croyons plus que le Christ est vraiment et substantiellement pr\u00e9sent, tout s\u2019effondre. La foi catholique est centr\u00e9e sur l\u2019Eucharistie. Comme l\u2019a dit le pape Beno\u00eet XVI :<\/p>\n\n\n\n<blockquote class=\"wp-block-quote is-layout-flow wp-block-quote-is-layout-flow\">\n<p>\u00ab La crise que traverse l\u2019\u00c9glise est largement une crise liturgique. \u00bb<\/p>\n<\/blockquote>\n\n\n\n<h3 class=\"wp-block-heading\">b) <strong>Perte de la crainte de Dieu<\/strong><\/h3>\n\n\n\n<p>Il ne s\u2019agit pas de peur servile, mais de sainte r\u00e9v\u00e9rence \u2014 cette stupeur sacr\u00e9e devant la Majest\u00e9 infinie. Sans cette crainte, le sacr\u00e9 devient \u201coptionnel\u201d, \u201cadaptable\u201d, \u201cbanalis\u00e9\u201d.<\/p>\n\n\n\n<h3 class=\"wp-block-heading\">c) <strong>Ti\u00e9deur spirituelle<\/strong><\/h3>\n\n\n\n<p>Quand la r\u00e9v\u00e9rence dispara\u00eet, la ti\u00e9deur s\u2019installe. Et J\u00e9sus l\u2019a dit clairement :<\/p>\n\n\n\n<blockquote class=\"wp-block-quote is-layout-flow wp-block-quote-is-layout-flow\">\n<p>\u00ab Parce que tu es ti\u00e8de, je vais te vomir de ma bouche. \u00bb (Ap 3,16)<\/p>\n<\/blockquote>\n\n\n\n<hr class=\"wp-block-separator has-alpha-channel-opacity\"\/>\n\n\n\n<h2 class=\"wp-block-heading\">5. QUE FAIRE ? \u2014 UNE R\u00c9PONSE PASTORALE ET SPIRITUELLE<\/h2>\n\n\n\n<h3 class=\"wp-block-heading\">\ud83d\udd39 1. <strong>Retrouver la formation liturgique et doctrinale<\/strong><\/h3>\n\n\n\n<p>Il est urgent d\u2019enseigner \u00e0 nouveau ce qu\u2019est l\u2019Eucharistie, ce qu\u2019est le sacril\u00e8ge, ce que signifie \u00eatre en \u00e9tat de gr\u00e2ce. Hom\u00e9lies, cat\u00e9ch\u00e8ses, retraites\u2026 Repartons des fondements !<\/p>\n\n\n\n<h3 class=\"wp-block-heading\">\ud83d\udd39 2. <strong>R\u00e9tablir la confession fr\u00e9quente<\/strong><\/h3>\n\n\n\n<p>Tout catholique devrait se confesser r\u00e9guli\u00e8rement. Il n\u2019y a pas d\u2019Eucharistie f\u00e9conde sans \u00e2me purifi\u00e9e.<\/p>\n\n\n\n<h3 class=\"wp-block-heading\">\ud83d\udd39 3. <strong>Favoriser la communion sur la langue et \u00e0 genoux<\/strong><\/h3>\n\n\n\n<p>Non par fanatisme, mais par coh\u00e9rence th\u00e9ologique. Les grands saints communiaient ainsi. Pourquoi ne pas suivre leur exemple ? L\u2019attitude ext\u00e9rieure forme la d\u00e9votion int\u00e9rieure.<\/p>\n\n\n\n<h3 class=\"wp-block-heading\">\ud83d\udd39 4. <strong>Prot\u00e9ger le silence sacr\u00e9 dans l\u2019\u00e9glise<\/strong><\/h3>\n\n\n\n<p>Retrouver le silence sacr\u00e9 n\u2019est pas de la rigidit\u00e9 \u2014 c\u2019est du respect. L\u2019\u00e2me a besoin de recueillement pour entendre Dieu.<\/p>\n\n\n\n<h3 class=\"wp-block-heading\">\ud83d\udd39 5. <strong>Former les ministres et les servants<\/strong><\/h3>\n\n\n\n<p>Pr\u00eatres, servants d\u2019autel, lecteurs, sacristains\u2026 tous doivent comprendre la valeur de ce qu\u2019ils manipulent. Le sacr\u00e9 ne s\u2019improvise pas.<\/p>\n\n\n\n<h3 class=\"wp-block-heading\">\ud83d\udd39 6. <strong>\u00catre des t\u00e9moins r\u00e9v\u00e9rencieux<\/strong><\/h3>\n\n\n\n<p>Chaque fid\u00e8le peut \u00eatre un t\u00e9moignage vivant. Par l\u2019attitude, la tenue modeste, la mani\u00e8re de communier, le silence\u2026 on peut pr\u00eacher sans paroles.<\/p>\n\n\n\n<hr class=\"wp-block-separator has-alpha-channel-opacity\"\/>\n\n\n\n<h2 class=\"wp-block-heading\">6. UN APPEL URGENT \u00c0 LA CONVERSION<\/h2>\n\n\n\n<p>Le v\u00e9ritable scandale, ce n\u2019est pas que des sacril\u00e8ges aient lieu. C\u2019est que nous nous y soyons habitu\u00e9s. Qu\u2019ils ne nous blessent plus. Que nous d\u00e9tournions les yeux. Que nous gardions le silence par peur de \u201cfroisser\u201d.<\/p>\n\n\n\n<p>Mais l\u2019\u00c9glise n\u2019a pas besoin de silences complices \u2014 elle a besoin de voix proph\u00e9tiques. Elle a besoin de catholiques br\u00fblants d\u2019amour pour l\u2019Eucharistie. Qui luttent pour redonner au Christ la place qui Lui revient. Qui d\u00e9fendent le temple comme leur maison \u2014 car c\u2019est bien leur maison. Qui vivent la messe comme le Ciel \u2014 car c\u2019est bien le Ciel.<\/p>\n\n\n\n<hr class=\"wp-block-separator has-alpha-channel-opacity\"\/>\n\n\n\n<h2 class=\"wp-block-heading\">CONCLUSION : <em>Le z\u00e8le de ta maison me d\u00e9vore<\/em> (Jn 2,17)<\/h2>\n\n\n\n<p>Quand J\u00e9sus vit le Temple profan\u00e9, Il ne resta pas passif. Avec un z\u00e8le br\u00fblant, Il le purifia. Non par haine, mais par amour. Par r\u00e9v\u00e9rence pour le P\u00e8re.<br>Et nous ? Allons-nous rester indiff\u00e9rents ?<\/p>\n\n\n\n<p>L\u2019histoire de l\u2019\u00c9glise est remplie de saints qui ont vers\u00e9 des larmes \u2014 et parfois leur sang \u2014 pour d\u00e9fendre le sacr\u00e9. Aujourd\u2019hui, cette responsabilit\u00e9 nous revient. Qu\u2019on ne dise jamais que notre g\u00e9n\u00e9ration a \u00e9t\u00e9 ti\u00e8de, silencieuse, ou qu\u2019elle a laiss\u00e9 le Christ \u00eatre m\u00e9pris\u00e9 dans sa propre maison.<\/p>\n\n\n\n<p>R\u00e9veillons-nous ! R\u00e9agissons ! Red\u00e9couvrons la grandeur du sacr\u00e9 !<br>Car ce n\u2019est qu\u2019en traitant les choses de Dieu comme ce qu\u2019elles sont r\u00e9ellement, que nous commencerons \u00e0 vivre comme de v\u00e9ritables enfants du Ciel.<\/p>\n","protected":false},"excerpt":{"rendered":"<p>INTRODUCTION : Un cri qui s\u2019\u00e9l\u00e8ve du silence des temples Entrez aujourd\u2019hui dans une \u00e9glise et arr\u00eatez-vous un instant. Que voyez-vous ? Qu\u2019entendez-vous ? Que ressentez-vous ? Pour beaucoup, le temple \u2014 qui devrait \u00eatre la demeure du Tr\u00e8s-Haut et un lieu de recueillement \u2014 semble envahi par l\u2019indiff\u00e9rence, la banalit\u00e9, voire l\u2019irr\u00e9v\u00e9rence. Des conversations &hellip;<\/p>\n","protected":false},"author":3,"featured_media":3372,"comment_status":"open","ping_status":"open","sticky":false,"template":"","format":"standard","meta":{"_seopress_robots_primary_cat":"","_seopress_titles_title":"","_seopress_titles_desc":"","_seopress_robots_index":"","footnotes":""},"categories":[66,41],"tags":[993],"class_list":["post-3371","post","type-post","status-publish","format-standard","has-post-thumbnail","","category-culture-populaire-et-catholicisme","category-foi-et-culture","tag-sacrileges"],"_links":{"self":[{"href":"https:\/\/catholicus.eu\/fr\/wp-json\/wp\/v2\/posts\/3371","targetHints":{"allow":["GET"]}}],"collection":[{"href":"https:\/\/catholicus.eu\/fr\/wp-json\/wp\/v2\/posts"}],"about":[{"href":"https:\/\/catholicus.eu\/fr\/wp-json\/wp\/v2\/types\/post"}],"author":[{"embeddable":true,"href":"https:\/\/catholicus.eu\/fr\/wp-json\/wp\/v2\/users\/3"}],"replies":[{"embeddable":true,"href":"https:\/\/catholicus.eu\/fr\/wp-json\/wp\/v2\/comments?post=3371"}],"version-history":[{"count":1,"href":"https:\/\/catholicus.eu\/fr\/wp-json\/wp\/v2\/posts\/3371\/revisions"}],"predecessor-version":[{"id":3373,"href":"https:\/\/catholicus.eu\/fr\/wp-json\/wp\/v2\/posts\/3371\/revisions\/3373"}],"wp:featuredmedia":[{"embeddable":true,"href":"https:\/\/catholicus.eu\/fr\/wp-json\/wp\/v2\/media\/3372"}],"wp:attachment":[{"href":"https:\/\/catholicus.eu\/fr\/wp-json\/wp\/v2\/media?parent=3371"}],"wp:term":[{"taxonomy":"category","embeddable":true,"href":"https:\/\/catholicus.eu\/fr\/wp-json\/wp\/v2\/categories?post=3371"},{"taxonomy":"post_tag","embeddable":true,"href":"https:\/\/catholicus.eu\/fr\/wp-json\/wp\/v2\/tags?post=3371"}],"curies":[{"name":"wp","href":"https:\/\/api.w.org\/{rel}","templated":true}]}}