{"id":3362,"date":"2025-04-14T21:23:15","date_gmt":"2025-04-14T19:23:15","guid":{"rendered":"https:\/\/catholicus.eu\/fr\/?p=3362"},"modified":"2025-04-14T21:23:15","modified_gmt":"2025-04-14T19:23:15","slug":"10-questions-que-tout-catholique-devrait-savoir-repondre","status":"publish","type":"post","link":"https:\/\/catholicus.eu\/fr\/10-questions-que-tout-catholique-devrait-savoir-repondre\/","title":{"rendered":"10 Questions Que Tout Catholique Devrait Savoir R\u00e9pondre"},"content":{"rendered":"\n<p>Dans un monde de plus en plus s\u00e9cularis\u00e9 et rempli de questions sur la foi, il est essentiel que nous, catholiques, soyons pr\u00eats \u00e0&nbsp;<strong>\u00ab\u00a0donner une r\u00e9ponse raisonn\u00e9e \u00e0 quiconque vous demande compte de l&rsquo;esp\u00e9rance qui est en vous\u00a0\u00bb<\/strong>&nbsp;(1 Pierre 3:15). Souvent, des amis, des membres de notre famille ou m\u00eame nous-m\u00eames sommes confront\u00e9s \u00e0 des doutes concernant la doctrine catholique, la morale, la Bible ou l&rsquo;histoire de l&rsquo;\u00c9glise.<\/p>\n\n\n\n<p>C&rsquo;est pourquoi, dans cet article, nous r\u00e9pondrons \u00e0&nbsp;<strong>10 questions essentielles<\/strong>&nbsp;que tout catholique devrait conna\u00eetre, non seulement pour se d\u00e9fendre dans un d\u00e9bat, mais aussi pour&nbsp;<strong>grandir dans la foi et la transmettre avec clart\u00e9 et charit\u00e9<\/strong>.<\/p>\n\n\n\n<hr class=\"wp-block-separator has-alpha-channel-opacity\"\/>\n\n\n\n<h2 class=\"wp-block-heading\"><strong>1. Pourquoi croire en Dieu si on ne peut ni Le voir ni Le prouver scientifiquement ?<\/strong><\/h2>\n\n\n\n<h3 class=\"wp-block-heading\"><strong>R\u00e9ponse courte :<\/strong><\/h3>\n\n\n\n<p>Dieu n&rsquo;est pas un objet mat\u00e9riel qu&rsquo;on peut mesurer en laboratoire, mais Son existence se d\u00e9duit par&nbsp;<strong>la raison, la cr\u00e9ation et l&rsquo;exp\u00e9rience spirituelle<\/strong>.<\/p>\n\n\n\n<h3 class=\"wp-block-heading\"><strong>Explication d\u00e9taill\u00e9e :<\/strong><\/h3>\n\n\n\n<ul class=\"wp-block-list\">\n<li><strong>L&rsquo;argument cosmologique :<\/strong>\u00a0Tout ce qui existe a une cause. L&rsquo;univers a eu un commencement (Big Bang), donc il doit y avoir une\u00a0<strong>Cause Premi\u00e8re non caus\u00e9e<\/strong>\u00a0: Dieu.<\/li>\n\n\n\n<li><strong>L&rsquo;ordre de l&rsquo;univers :<\/strong>\u00a0La pr\u00e9cision des lois physiques sugg\u00e8re un\u00a0<strong>Dessinateur Intelligent<\/strong>\u00a0(Psaume 19:2).<\/li>\n\n\n\n<li><strong>L&rsquo;exp\u00e9rience morale :<\/strong>\u00a0La conscience du bien et du mal pointe vers une\u00a0<strong>Loi Morale Universelle<\/strong>, qui requiert un L\u00e9gislateur.<\/li>\n\n\n\n<li><strong>Le t\u00e9moignage des saints et mystiques :<\/strong>\u00a0Beaucoup ont exp\u00e9riment\u00e9 Dieu personnellement (Sainte Th\u00e9r\u00e8se d&rsquo;Avila, Saint Jean de la Croix).<\/li>\n<\/ul>\n\n\n\n<p><strong>Citation cl\u00e9 :<\/strong>&nbsp;<em>\u00ab\u00a0La foi et la raison sont comme les deux ailes qui permettent \u00e0 l&rsquo;esprit humain de s&rsquo;\u00e9lever vers la contemplation de la v\u00e9rit\u00e9\u00a0\u00bb<\/em>&nbsp;(Saint Jean-Paul II,&nbsp;<em>Fides et Ratio<\/em>).<\/p>\n\n\n\n<hr class=\"wp-block-separator has-alpha-channel-opacity\"\/>\n\n\n\n<h2 class=\"wp-block-heading\"><strong>2. Pourquoi l&rsquo;\u00c9glise Catholique et pas une autre religion ou d\u00e9nomination chr\u00e9tienne ?<\/strong><\/h2>\n\n\n\n<h3 class=\"wp-block-heading\"><strong>R\u00e9ponse courte :<\/strong><\/h3>\n\n\n\n<p>Parce que l&rsquo;\u00c9glise Catholique a \u00e9t\u00e9&nbsp;<strong>fond\u00e9e par J\u00e9sus-Christ<\/strong>&nbsp;(Matthieu 16:18), poss\u00e8de une succession apostolique ininterrompue et pr\u00e9serve la&nbsp;<strong>pl\u00e9nitude de la v\u00e9rit\u00e9 r\u00e9v\u00e9l\u00e9e<\/strong>.<\/p>\n\n\n\n<h3 class=\"wp-block-heading\"><strong>Explication d\u00e9taill\u00e9e :<\/strong><\/h3>\n\n\n\n<ul class=\"wp-block-list\">\n<li><strong>Fondation historique :<\/strong>\u00a0J\u00e9sus a donn\u00e9 \u00e0 Pierre l&rsquo;autorit\u00e9 pour guider l&rsquo;\u00c9glise (Matthieu 16:18-19). Les P\u00e8res de l&rsquo;\u00c9glise (comme Saint Ignace d&rsquo;Antioche) parlaient d\u00e9j\u00e0 de \u00ab\u00a0l&rsquo;\u00c9glise Catholique\u00a0\u00bb au IIe si\u00e8cle.<\/li>\n\n\n\n<li><strong>Succession apostolique :<\/strong>\u00a0Les \u00e9v\u00eaques catholiques sont les successeurs directs des ap\u00f4tres, garantissant la\u00a0<strong>transmission fid\u00e8le de la doctrine<\/strong>.<\/li>\n\n\n\n<li><strong>Unit\u00e9 doctrinale :<\/strong>\u00a0Contrairement aux milliers de d\u00e9nominations protestantes, l&rsquo;\u00c9glise Catholique maintient\u00a0<strong>une seule foi \u00e0 travers le monde<\/strong>.<\/li>\n\n\n\n<li><strong>Les sacrements :<\/strong>\u00a0Seule l&rsquo;\u00c9glise Catholique poss\u00e8de tous les moyens de salut institu\u00e9s par Christ (Eucharistie, Confession, etc.).<\/li>\n<\/ul>\n\n\n\n<p><strong>Citation cl\u00e9 :<\/strong>&nbsp;<em>\u00ab\u00a0Hors de l&rsquo;\u00c9glise, point de salut\u00a0\u00bb<\/em>&nbsp;(Cat\u00e9chisme de l&rsquo;\u00c9glise Catholique, 846), comprenant que Dieu peut sauver qui Il veut, mais que l&rsquo;\u00c9glise est le&nbsp;<strong>chemin ordinaire<\/strong>&nbsp;qu&rsquo;Il a \u00e9tabli.<\/p>\n\n\n\n<hr class=\"wp-block-separator has-alpha-channel-opacity\"\/>\n\n\n\n<h2 class=\"wp-block-heading\"><strong>3. Pourquoi les catholiques v\u00e9n\u00e8rent-ils Marie et les saints ? N&rsquo;est-ce pas de l&rsquo;idol\u00e2trie ?<\/strong><\/h2>\n\n\n\n<h3 class=\"wp-block-heading\"><strong>R\u00e9ponse courte :<\/strong><\/h3>\n\n\n\n<p><strong>Ce n&rsquo;est pas de l&rsquo;idol\u00e2trie<\/strong>, car nous n&rsquo;adorons ni Marie ni les saints (l&rsquo;adoration est r\u00e9serv\u00e9e \u00e0 Dieu seul). La v\u00e9n\u00e9ration est un&nbsp;<strong>honneur respectueux<\/strong>, comme celui qu&rsquo;on rend aux h\u00e9ros ou aux d\u00e9funts.<\/p>\n\n\n\n<h3 class=\"wp-block-heading\"><strong>Explication d\u00e9taill\u00e9e :<\/strong><\/h3>\n\n\n\n<ul class=\"wp-block-list\">\n<li><strong>Marie est la M\u00e8re de Dieu (Theotokos) :<\/strong>\u00a0J\u00e9sus l&rsquo;a honor\u00e9e (Jean 19:26-27), et l&rsquo;ange Gabriel l&rsquo;a appel\u00e9e \u00ab\u00a0pleine de gr\u00e2ce\u00a0\u00bb (Luc 1:28).<\/li>\n\n\n\n<li><strong>L&rsquo;intercession des saints :<\/strong>\u00a0Tout comme nous demandons \u00e0 nos amis sur terre de prier pour nous, nous pouvons demander aux saints de prier pour nous (Apocalypse 5:8).<\/li>\n\n\n\n<li><strong>Les reliques et miracles :<\/strong>\u00a0Dieu agit \u00e0 travers Ses serviteurs (Actes 19:11-12).<\/li>\n<\/ul>\n\n\n\n<p><strong>Citation cl\u00e9 :<\/strong>&nbsp;<em>\u00ab\u00a0La v\u00e9n\u00e9ration de la Tr\u00e8s Sainte Vierge est un \u00e9l\u00e9ment intrins\u00e8que du culte chr\u00e9tien\u00a0\u00bb<\/em>&nbsp;(Saint Paul VI).<\/p>\n\n\n\n<h2 class=\"wp-block-heading\"><strong>4. Pourquoi se confesser \u00e0 un pr\u00eatre si Dieu peut me pardonner directement ?<\/strong><\/h2>\n\n\n\n<h3 class=\"wp-block-heading\"><strong>R\u00e9ponse courte :<\/strong><\/h3>\n\n\n\n<p>Parce que&nbsp;<strong>J\u00e9sus a institu\u00e9 le sacrement de la Confession<\/strong>&nbsp;(Jean 20:22-23) et veut que nous recevions son pardon de mani\u00e8re&nbsp;<strong>visible et tangible<\/strong>, \u00e0 travers son \u00c9glise.<\/p>\n\n\n\n<h3 class=\"wp-block-heading\"><strong>Explication d\u00e9taill\u00e9e :<\/strong><\/h3>\n\n\n\n<ul class=\"wp-block-list\">\n<li><strong>Ordre biblique :<\/strong>\u00a0J\u00e9sus a donn\u00e9 aux ap\u00f4tres le pouvoir de pardonner les p\u00e9ch\u00e9s :\u00a0<em>\u00ab\u00a0Ceux \u00e0 qui vous pardonnerez les p\u00e9ch\u00e9s, ils leur seront pardonn\u00e9s\u00a0\u00bb<\/em>\u00a0(Jean 20:23).<\/li>\n\n\n\n<li><strong>B\u00e9n\u00e9fice psychologique et spirituel :<\/strong>\u00a0Dire ses p\u00e9ch\u00e9s \u00e0 voix haute aide \u00e0\u00a0<strong>prendre conscience<\/strong>\u00a0et \u00e0 recevoir des conseils.<\/li>\n\n\n\n<li><strong>Gr\u00e2ce sacramentelle :<\/strong>\u00a0Ce n&rsquo;est pas seulement le pr\u00eatre qui pardonne, mais\u00a0<strong>le Christ agissant \u00e0 travers lui<\/strong>.<\/li>\n\n\n\n<li><strong>Condition pour l&rsquo;Eucharistie :<\/strong>\u00a0Pour recevoir la Communion en \u00e9tat de gr\u00e2ce, nous devons nous \u00eatre confess\u00e9s (1 Cor 11:27-29).<\/li>\n<\/ul>\n\n\n\n<p><strong>Citation cl\u00e9 :<\/strong>&nbsp;<em>\u00ab\u00a0La confession est un bain d&rsquo;humilit\u00e9 et de mis\u00e9ricorde\u00a0\u00bb<\/em>&nbsp;(Saint Jean-Paul II).<\/p>\n\n\n\n<hr class=\"wp-block-separator has-alpha-channel-opacity\"\/>\n\n\n\n<h2 class=\"wp-block-heading\"><strong>5. Pourquoi l&rsquo;\u00c9glise s&rsquo;oppose-t-elle au divorce et au \u00ab\u00a0mariage\u00a0\u00bb homosexuel ?<\/strong><\/h2>\n\n\n\n<h3 class=\"wp-block-heading\"><strong>R\u00e9ponse courte :<\/strong><\/h3>\n\n\n\n<p>Parce que&nbsp;<strong>J\u00e9sus a enseign\u00e9 l&rsquo;indissolubilit\u00e9 du mariage<\/strong>&nbsp;(Matthieu 19:6) et le plan originel de Dieu pour la sexualit\u00e9 (Gen\u00e8se 2:24).<\/p>\n\n\n\n<h3 class=\"wp-block-heading\"><strong>Explication d\u00e9taill\u00e9e :<\/strong><\/h3>\n\n\n\n<ul class=\"wp-block-list\">\n<li><strong>Le mariage est un sacrement :<\/strong>\u00a0C&rsquo;est une alliance devant Dieu, pas un simple contrat civil.<\/li>\n\n\n\n<li><strong>J\u00e9sus l&rsquo;a affirm\u00e9 clairement :<\/strong>\u00a0<em>\u00ab\u00a0Ce que Dieu a uni, que l&rsquo;homme ne le s\u00e9pare pas\u00a0\u00bb<\/em>\u00a0(Marc 10:9).<\/li>\n\n\n\n<li><strong>Concernant les unions homosexuelles :<\/strong>\u00a0La sexualit\u00e9 est con\u00e7ue pour la\u00a0<strong>compl\u00e9mentarit\u00e9 homme-femme<\/strong>\u00a0et l&rsquo;ouverture \u00e0 la vie (Gen\u00e8se 1:28).<\/li>\n\n\n\n<li><strong>L&rsquo;\u00c9glise aime les personnes<\/strong>, mais ne peut b\u00e9nir ce qui va contre le plan de Dieu.<\/li>\n<\/ul>\n\n\n\n<p><strong>Citation cl\u00e9 :<\/strong>&nbsp;<em>\u00ab\u00a0La v\u00e9rit\u00e9 ne change pas m\u00eame si la soci\u00e9t\u00e9 la rejette\u00a0\u00bb<\/em>&nbsp;(Beno\u00eet XVI).<\/p>\n\n\n\n<hr class=\"wp-block-separator has-alpha-channel-opacity\"\/>\n\n\n\n<h2 class=\"wp-block-heading\"><strong>6. Comment peut-il y avoir un seul Dieu et en m\u00eame temps trois Personnes (Trinit\u00e9) ?<\/strong><\/h2>\n\n\n\n<h3 class=\"wp-block-heading\"><strong>R\u00e9ponse courte :<\/strong><\/h3>\n\n\n\n<p>C&rsquo;est un&nbsp;<strong>myst\u00e8re<\/strong>, mais la Bible et la Tradition r\u00e9v\u00e8lent que&nbsp;<strong>Dieu est un en essence et trine en personnes<\/strong>&nbsp;(P\u00e8re, Fils et Saint-Esprit).<\/p>\n\n\n\n<h3 class=\"wp-block-heading\"><strong>Explication d\u00e9taill\u00e9e :<\/strong><\/h3>\n\n\n\n<ul class=\"wp-block-list\">\n<li><strong>J\u00e9sus parle du P\u00e8re et de l&rsquo;Esprit<\/strong>\u00a0(Matthieu 28:19).<\/li>\n\n\n\n<li><strong>Le Fils est Dieu<\/strong>\u00a0(Jean 1:1), le Saint-Esprit est Dieu (Actes 5:3-4), mais\u00a0<strong>ils ne sont pas trois dieux<\/strong>.<\/li>\n\n\n\n<li><strong>Analogies imparfaites :<\/strong>\u00a0Comme le soleil (astre, lumi\u00e8re et chaleur) ou l&rsquo;eau (liquide, glace, vapeur).<\/li>\n<\/ul>\n\n\n\n<p><strong>Citation cl\u00e9 :<\/strong>&nbsp;<em>\u00ab\u00a0Quiconque veut \u00eatre sauv\u00e9 doit croire en la Sainte Trinit\u00e9\u00a0\u00bb<\/em>&nbsp;(Symbole d&rsquo;Athanase).<\/p>\n\n\n\n<hr class=\"wp-block-separator has-alpha-channel-opacity\"\/>\n\n\n\n<h2 class=\"wp-block-heading\"><strong>7. Si Dieu est bon, pourquoi permet-Il le mal et la souffrance ?<\/strong><\/h2>\n\n\n\n<h3 class=\"wp-block-heading\"><strong>R\u00e9ponse courte :<\/strong><\/h3>\n\n\n\n<p>Dieu&nbsp;<strong>ne cause pas le mal<\/strong>, mais le permet pour un bien sup\u00e9rieur (comme la libert\u00e9 humaine ou la purification), et le vainc par la&nbsp;<strong>R\u00e9demption du Christ<\/strong>.<\/p>\n\n\n\n<h3 class=\"wp-block-heading\"><strong>Explication d\u00e9taill\u00e9e :<\/strong><\/h3>\n\n\n\n<ul class=\"wp-block-list\">\n<li><strong>Le mal moral<\/strong>\u00a0(p\u00e9ch\u00e9) vient de l&rsquo;abus de la libert\u00e9 humaine.<\/li>\n\n\n\n<li><strong>Le mal physique<\/strong>\u00a0(maladies, catastrophes) est une cons\u00e9quence du p\u00e9ch\u00e9 originel, mais Dieu s&rsquo;en sert pour\u00a0<strong>nous sanctifier<\/strong>\u00a0(Romains 8:28).<\/li>\n\n\n\n<li><strong>Le Christ a souffert pour nous racheter :<\/strong>\u00a0La souffrance prend sens unie \u00e0 la sienne.<\/li>\n<\/ul>\n\n\n\n<p><strong>Citation cl\u00e9 :<\/strong>&nbsp;<em>\u00ab\u00a0Dieu \u00e9crit droit avec des lignes courbes\u00a0\u00bb<\/em>&nbsp;(Providence divine).<\/p>\n\n\n\n<hr class=\"wp-block-separator has-alpha-channel-opacity\"\/>\n\n\n\n<h2 class=\"wp-block-heading\"><strong>8. Pourquoi les catholiques croient-ils \u00e0 l&rsquo;Eucharistie ? N&rsquo;est-ce pas qu&rsquo;un symbole ?<\/strong><\/h2>\n\n\n\n<h3 class=\"wp-block-heading\"><strong>R\u00e9ponse courte :<\/strong><\/h3>\n\n\n\n<p>Parce que&nbsp;<strong>J\u00e9sus a dit clairement :<\/strong>&nbsp;<em>\u00ab\u00a0Ceci est mon corps\u00a0\u00bb<\/em>&nbsp;(Luc 22:19), et l&rsquo;\u00c9glise l&rsquo;a toujours cru ainsi (Jean 6:51-58).<\/p>\n\n\n\n<h3 class=\"wp-block-heading\"><strong>Explication d\u00e9taill\u00e9e :<\/strong><\/h3>\n\n\n\n<ul class=\"wp-block-list\">\n<li><strong>Les paroles de J\u00e9sus :<\/strong>\u00a0Il n&rsquo;a pas dit \u00ab\u00a0ceci repr\u00e9sente\u00a0\u00bb, mais\u00a0<strong>\u00ab\u00a0ceci EST\u00a0\u00bb<\/strong>.<\/li>\n\n\n\n<li><strong>Les P\u00e8res de l&rsquo;\u00c9glise<\/strong>\u00a0(comme Saint Ignace d&rsquo;Antioche) enseignaient d\u00e9j\u00e0 la\u00a0<strong>Pr\u00e9sence R\u00e9elle<\/strong>\u00a0au IIe si\u00e8cle.<\/li>\n\n\n\n<li><strong>Les miracles eucharistiques<\/strong>\u00a0(comme Lanciano) confirment que\u00a0<strong>ce n&rsquo;est pas du pain, mais de la chair et du sang<\/strong>.<\/li>\n<\/ul>\n\n\n\n<p><strong>Citation cl\u00e9 :<\/strong>&nbsp;<em>\u00ab\u00a0L&rsquo;Eucharistie est le plus grand don que Dieu nous ait fait\u00a0\u00bb<\/em>&nbsp;(Saint Jean-Paul II).<\/p>\n\n\n\n<hr class=\"wp-block-separator has-alpha-channel-opacity\"\/>\n\n\n\n<h2 class=\"wp-block-heading\"><strong>9. Pourquoi le Pape est-il infaillible ? Ne peut-il pas se tromper ?<\/strong><\/h2>\n\n\n\n<h3 class=\"wp-block-heading\"><strong>R\u00e9ponse courte :<\/strong><\/h3>\n\n\n\n<p>Le Pape n&rsquo;est infaillible que&nbsp;<strong>sur les questions de foi et de morale<\/strong>, lorsqu&rsquo;il parle&nbsp;<em>ex cathedra<\/em>&nbsp;(en tant que successeur de Pierre). Cela ne signifie pas qu&rsquo;il soit parfait en tout.<\/p>\n\n\n\n<h3 class=\"wp-block-heading\"><strong>Explication d\u00e9taill\u00e9e :<\/strong><\/h3>\n\n\n\n<ul class=\"wp-block-list\">\n<li><strong>J\u00e9sus a donn\u00e9 autorit\u00e9 \u00e0 Pierre<\/strong>\u00a0(Matthieu 16:18-19).<\/li>\n\n\n\n<li><strong>L&rsquo;infaillibilit\u00e9 emp\u00eache l&rsquo;\u00c9glise de tomber dans l&rsquo;erreur<\/strong>\u00a0sur l&rsquo;essentiel.<\/li>\n\n\n\n<li><strong>Exemples historiques :<\/strong>\u00a0Les d\u00e9finitions comme l&rsquo;Immacul\u00e9e Conception (1854).<\/li>\n<\/ul>\n\n\n\n<p><strong>Citation cl\u00e9 :<\/strong>&nbsp;<em>\u00ab\u00a0Le Pape est le serviteur de la v\u00e9rit\u00e9, non son ma\u00eetre\u00a0\u00bb<\/em>&nbsp;(Beno\u00eet XVI).<\/p>\n\n\n\n<hr class=\"wp-block-separator has-alpha-channel-opacity\"\/>\n\n\n\n<h2 class=\"wp-block-heading\"><strong>10. Pourquoi l&rsquo;\u00c9glise a-t-elle tant de r\u00e8gles ? L&rsquo;amour de Dieu ne suffit-il pas ?<\/strong><\/h2>\n\n\n\n<h3 class=\"wp-block-heading\"><strong>R\u00e9ponse courte :<\/strong><\/h3>\n\n\n\n<p>Les r\u00e8gles de l&rsquo;\u00c9glise&nbsp;<strong>aident \u00e0 vivre l&rsquo;amour de Dieu<\/strong>&nbsp;(Jean 14:15), car l&rsquo;amour sans v\u00e9rit\u00e9 devient du sentimentalisme.<\/p>\n\n\n\n<h3 class=\"wp-block-heading\"><strong>Explication d\u00e9taill\u00e9e :<\/strong><\/h3>\n\n\n\n<ul class=\"wp-block-list\">\n<li><strong>J\u00e9sus a donn\u00e9 des commandements<\/strong>\u00a0(Matthieu 19:17).<\/li>\n\n\n\n<li><strong>La discipline eccl\u00e9siale<\/strong>\u00a0(je\u00fbne, messe dominicale)\u00a0<strong>fortifie la foi<\/strong>.<\/li>\n\n\n\n<li><strong>L&rsquo;amour exige la coh\u00e9rence<\/strong>\u00a0(1 Jean 5:3).<\/li>\n<\/ul>\n\n\n\n<p><strong>Citation cl\u00e9 :<\/strong>&nbsp;<em>\u00ab\u00a0La v\u00e9rit\u00e9 vous rendra libres\u00a0\u00bb<\/em>&nbsp;(Jean 8:32).<\/p>\n\n\n\n<hr class=\"wp-block-separator has-alpha-channel-opacity\"\/>\n\n\n\n<h3 class=\"wp-block-heading\"><strong>Conclusion<\/strong><\/h3>\n\n\n\n<p>Ces&nbsp;<strong>10 r\u00e9ponses<\/strong>&nbsp;sont un point de d\u00e9part pour&nbsp;<strong>d\u00e9fendre la foi avec charit\u00e9 et fermet\u00e9<\/strong>. L&rsquo;\u00c9glise poss\u00e8de 2000 ans de sagesse, et plus nous approfondissons, plus&nbsp;<strong>nous aimerons notre foi<\/strong>.<\/p>\n\n\n\n<p><strong>Des questions subsistent ?<\/strong>&nbsp;Cherchez, \u00e9tudiez et priez ! Comme disait Saint Augustin :&nbsp;<em>\u00ab\u00a0La foi cherche \u00e0 comprendre\u00a0\u00bb<\/em>.<\/p>\n\n\n\n<p><strong>Quelle autre question aimeriez-vous que nous abordions ?<\/strong>&nbsp;Laissez-la en commentaires !<\/p>\n\n\n\n<p>\ud83d\udccc&nbsp;<strong>Si cet article vous a \u00e9t\u00e9 utile, partagez-le pour aider d&rsquo;autres catholiques.<\/strong>&nbsp;Que Dieu vous b\u00e9nisse !<\/p>\n","protected":false},"excerpt":{"rendered":"<p>Dans un monde de plus en plus s\u00e9cularis\u00e9 et rempli de questions sur la foi, il est essentiel que nous, catholiques, soyons pr\u00eats \u00e0&nbsp;\u00ab\u00a0donner une r\u00e9ponse raisonn\u00e9e \u00e0 quiconque vous demande compte de l&rsquo;esp\u00e9rance qui est en vous\u00a0\u00bb&nbsp;(1 Pierre 3:15). Souvent, des amis, des membres de notre famille ou m\u00eame nous-m\u00eames sommes confront\u00e9s \u00e0 des &hellip;<\/p>\n","protected":false},"author":3,"featured_media":3363,"comment_status":"open","ping_status":"open","sticky":false,"template":"","format":"standard","meta":{"_seopress_robots_primary_cat":"","_seopress_titles_title":"","_seopress_titles_desc":"","_seopress_robots_index":"","footnotes":""},"categories":[43,37],"tags":[85,991],"class_list":["post-3362","post","type-post","status-publish","format-standard","has-post-thumbnail","","category-catechisme-de-leglise-catholique","category-doctrine-et-foi","tag-catholique","tag-questions"],"_links":{"self":[{"href":"https:\/\/catholicus.eu\/fr\/wp-json\/wp\/v2\/posts\/3362","targetHints":{"allow":["GET"]}}],"collection":[{"href":"https:\/\/catholicus.eu\/fr\/wp-json\/wp\/v2\/posts"}],"about":[{"href":"https:\/\/catholicus.eu\/fr\/wp-json\/wp\/v2\/types\/post"}],"author":[{"embeddable":true,"href":"https:\/\/catholicus.eu\/fr\/wp-json\/wp\/v2\/users\/3"}],"replies":[{"embeddable":true,"href":"https:\/\/catholicus.eu\/fr\/wp-json\/wp\/v2\/comments?post=3362"}],"version-history":[{"count":1,"href":"https:\/\/catholicus.eu\/fr\/wp-json\/wp\/v2\/posts\/3362\/revisions"}],"predecessor-version":[{"id":3364,"href":"https:\/\/catholicus.eu\/fr\/wp-json\/wp\/v2\/posts\/3362\/revisions\/3364"}],"wp:featuredmedia":[{"embeddable":true,"href":"https:\/\/catholicus.eu\/fr\/wp-json\/wp\/v2\/media\/3363"}],"wp:attachment":[{"href":"https:\/\/catholicus.eu\/fr\/wp-json\/wp\/v2\/media?parent=3362"}],"wp:term":[{"taxonomy":"category","embeddable":true,"href":"https:\/\/catholicus.eu\/fr\/wp-json\/wp\/v2\/categories?post=3362"},{"taxonomy":"post_tag","embeddable":true,"href":"https:\/\/catholicus.eu\/fr\/wp-json\/wp\/v2\/tags?post=3362"}],"curies":[{"name":"wp","href":"https:\/\/api.w.org\/{rel}","templated":true}]}}