{"id":3353,"date":"2025-04-13T22:04:29","date_gmt":"2025-04-13T20:04:29","guid":{"rendered":"https:\/\/catholicus.eu\/fr\/?p=3353"},"modified":"2025-04-13T22:04:29","modified_gmt":"2025-04-13T20:04:29","slug":"plan-de-lecture-des-evangiles-synoptiques-en-30-jours","status":"publish","type":"post","link":"https:\/\/catholicus.eu\/fr\/plan-de-lecture-des-evangiles-synoptiques-en-30-jours\/","title":{"rendered":"Plan de Lecture des \u00c9vangiles Synoptiques en 30 Jours"},"content":{"rendered":"\n<p><strong>Objectif :<\/strong>&nbsp;Lire les \u00c9vangiles de&nbsp;<strong>Matthieu, Marc et Luc<\/strong>&nbsp;en un mois, en comparant leurs r\u00e9cits parall\u00e8les pour approfondir votre compr\u00e9hension de la vie et des enseignements de J\u00e9sus.<\/p>\n\n\n\n<hr class=\"wp-block-separator has-alpha-channel-opacity\"\/>\n\n\n\n<h4 class=\"wp-block-heading\"><strong>\ud83d\udcd6 Structure du Plan :<\/strong><\/h4>\n\n\n\n<ol start=\"1\" class=\"wp-block-list\">\n<li><strong>Lecture quotidienne<\/strong>\u00a0de passages parall\u00e8les<\/li>\n\n\n\n<li><strong>Approche th\u00e9matique :<\/strong>\u00a0Chaque jour explore un aspect cl\u00e9 du minist\u00e8re de J\u00e9sus<\/li>\n\n\n\n<li><strong>Temps estim\u00e9 :<\/strong>\u00a015-20 minutes par jour<\/li>\n<\/ol>\n\n\n\n<hr class=\"wp-block-separator has-alpha-channel-opacity\"\/>\n\n\n\n<h3 class=\"wp-block-heading\"><strong>\ud83d\udcc5 Jours 1-10 : Naissance, Bapt\u00eame et Premiers Enseignements<\/strong><\/h3>\n\n\n\n<figure class=\"wp-block-table\"><table class=\"has-fixed-layout\"><thead><tr><th><strong>Jour<\/strong><\/th><th><strong>Matthieu<\/strong><\/th><th><strong>Marc<\/strong><\/th><th><strong>Luc<\/strong><\/th><th><strong>Th\u00e8me Principal<\/strong><\/th><\/tr><\/thead><tbody><tr><td>1<\/td><td>1:1-17<\/td><td>&#8211;<\/td><td>3:23-38<\/td><td>G\u00e9n\u00e9alogie de J\u00e9sus<\/td><\/tr><tr><td>2<\/td><td>1:18-25<\/td><td>&#8211;<\/td><td>1:26-38<\/td><td>Annonciation et Naissance<\/td><\/tr><tr><td>3<\/td><td>2:1-12<\/td><td>&#8211;<\/td><td>2:1-20<\/td><td>Visite des Mages\/Bergers<\/td><\/tr><tr><td>4<\/td><td>3:1-12<\/td><td>1:1-8<\/td><td>3:1-20<\/td><td>Jean le Baptiste<\/td><\/tr><tr><td>5<\/td><td>3:13-17<\/td><td>1:9-11<\/td><td>3:21-22<\/td><td>Bapt\u00eame de J\u00e9sus<\/td><\/tr><tr><td>6<\/td><td>4:1-11<\/td><td>1:12-13<\/td><td>4:1-13<\/td><td>Tentation au d\u00e9sert<\/td><\/tr><tr><td>7<\/td><td>4:12-25<\/td><td>1:14-20<\/td><td>4:14-30<\/td><td>Appel des disciples<\/td><\/tr><tr><td>8<\/td><td>5:1-12<\/td><td>&#8211;<\/td><td>6:20-23<\/td><td>Les B\u00e9atitudes<\/td><\/tr><tr><td>9<\/td><td>5:13-48<\/td><td>&#8211;<\/td><td>6:27-36<\/td><td>Sermon sur la Montagne : Amour et Loi<\/td><\/tr><tr><td>10<\/td><td>6:1-18<\/td><td>&#8211;<\/td><td>11:1-4<\/td><td>Pri\u00e8re et Je\u00fbne (Notre P\u00e8re)<\/td><\/tr><\/tbody><\/table><\/figure>\n\n\n\n<hr class=\"wp-block-separator has-alpha-channel-opacity\"\/>\n\n\n\n<h3 class=\"wp-block-heading\"><strong>\ud83d\udcc5 Jours 11-20 : Miracles, Paraboles et Enseignements<\/strong><\/h3>\n\n\n\n<figure class=\"wp-block-table\"><table class=\"has-fixed-layout\"><thead><tr><th><strong>Jour<\/strong><\/th><th><strong>Matthieu<\/strong><\/th><th><strong>Marc<\/strong><\/th><th><strong>Luc<\/strong><\/th><th><strong>Th\u00e8me Principal<\/strong><\/th><\/tr><\/thead><tbody><tr><td>11<\/td><td>8:1-17<\/td><td>1:29-34<\/td><td>4:38-41<\/td><td>Gu\u00e9risons et Autorit\u00e9<\/td><\/tr><tr><td>12<\/td><td>8:23-27<\/td><td>4:35-41<\/td><td>8:22-25<\/td><td>J\u00e9sus apaise la temp\u00eate<\/td><\/tr><tr><td>13<\/td><td>9:18-26<\/td><td>5:21-43<\/td><td>8:40-56<\/td><td>Fille de Ja\u00efrus et femme malade<\/td><\/tr><tr><td>14<\/td><td>13:1-23<\/td><td>4:1-20<\/td><td>8:4-15<\/td><td>Parabole du Semeur<\/td><\/tr><tr><td>15<\/td><td>13:31-35<\/td><td>4:30-34<\/td><td>13:18-21<\/td><td>Paraboles du Royaume<\/td><\/tr><tr><td>16<\/td><td>14:13-21<\/td><td>6:30-44<\/td><td>9:10-17<\/td><td>Multiplication des pains<\/td><\/tr><tr><td>17<\/td><td>15:1-20<\/td><td>7:1-23<\/td><td>&#8211;<\/td><td>Tradition et puret\u00e9 du c\u0153ur<\/td><\/tr><tr><td>18<\/td><td>16:13-20<\/td><td>8:27-30<\/td><td>9:18-21<\/td><td>Pierre confesse le Christ<\/td><\/tr><tr><td>19<\/td><td>17:1-13<\/td><td>9:2-13<\/td><td>9:28-36<\/td><td>Transfiguration<\/td><\/tr><tr><td>20<\/td><td>18:1-14<\/td><td>9:33-50<\/td><td>9:46-50<\/td><td>Humilit\u00e9 et Pardon<\/td><\/tr><\/tbody><\/table><\/figure>\n\n\n\n<hr class=\"wp-block-separator has-alpha-channel-opacity\"\/>\n\n\n\n<h3 class=\"wp-block-heading\"><strong>\ud83d\udcc5 Jours 21-30 : Passion, Mort et R\u00e9surrection<\/strong><\/h3>\n\n\n\n<figure class=\"wp-block-table\"><table class=\"has-fixed-layout\"><thead><tr><th><strong>Jour<\/strong><\/th><th><strong>Matthieu<\/strong><\/th><th><strong>Marc<\/strong><\/th><th><strong>Luc<\/strong><\/th><th><strong>Th\u00e8me Principal<\/strong><\/th><\/tr><\/thead><tbody><tr><td>21<\/td><td>21:1-11<\/td><td>11:1-11<\/td><td>19:28-44<\/td><td>Entr\u00e9e triomphale \u00e0 J\u00e9rusalem<\/td><\/tr><tr><td>22<\/td><td>21:12-17<\/td><td>11:15-19<\/td><td>19:45-48<\/td><td>Purification du Temple<\/td><\/tr><tr><td>23<\/td><td>22:15-22<\/td><td>12:13-17<\/td><td>20:20-26<\/td><td>Imp\u00f4t \u00e0 C\u00e9sar<\/td><\/tr><tr><td>24<\/td><td>24:1-14<\/td><td>13:1-13<\/td><td>21:5-19<\/td><td>Signes de la fin des temps<\/td><\/tr><tr><td>25<\/td><td>26:17-30<\/td><td>14:12-26<\/td><td>22:7-20<\/td><td>Derni\u00e8re C\u00e8ne<\/td><\/tr><tr><td>26<\/td><td>26:36-46<\/td><td>14:32-42<\/td><td>22:39-46<\/td><td>Pri\u00e8re \u00e0 Geths\u00e9mani<\/td><\/tr><tr><td>27<\/td><td>27:11-26<\/td><td>15:1-15<\/td><td>23:1-25<\/td><td>J\u00e9sus devant Pilate<\/td><\/tr><tr><td>28<\/td><td>27:32-56<\/td><td>15:21-41<\/td><td>23:26-49<\/td><td>Crucifixion et Mort<\/td><\/tr><tr><td>29<\/td><td>28:1-10<\/td><td>16:1-8<\/td><td>24:1-12<\/td><td>R\u00e9surrection<\/td><\/tr><tr><td>30<\/td><td>28:16-20<\/td><td>16:15-20<\/td><td>24:36-53<\/td><td>Grande Mission et Ascension<\/td><\/tr><\/tbody><\/table><\/figure>\n\n\n\n<hr class=\"wp-block-separator has-alpha-channel-opacity\"\/>\n\n\n\n<h3 class=\"wp-block-heading\"><strong>\u2728 Conseils pour le Plan :<\/strong><\/h3>\n\n\n\n<ol start=\"1\" class=\"wp-block-list\">\n<li><strong>Comparez les r\u00e9cits :<\/strong>\u00a0Notez les diff\u00e9rences et les accents de chaque \u00e9vang\u00e9liste<\/li>\n\n\n\n<li><strong>Pratiquez la Lectio Divina<\/strong>\u00a0(Lire, M\u00e9diter, Pri\u00e8re, Agir)<\/li>\n\n\n\n<li><strong>Notez vos r\u00e9flexions<\/strong>\u00a0ou questions dans un journal<\/li>\n\n\n\n<li><strong>Compl\u00e9tez<\/strong>\u00a0avec des commentaires bibliques ou cat\u00e9ch\u00e8se<\/li>\n<\/ol>\n\n\n\n<p><strong>\ud83d\udccc Verset cl\u00e9 pour la m\u00e9ditation :<\/strong><br><em>\u00ab\u00a0Le ciel et la terre passeront, mais mes paroles ne passeront pas\u00a0\u00bb<\/em>&nbsp;(Matthieu 24:35)<\/p>\n\n\n\n<hr class=\"wp-block-separator has-alpha-channel-opacity\"\/>\n\n\n\n<p><strong>T\u00e9l\u00e9chargez ce plan en PDF et partagez-le avec votre communaut\u00e9 !<\/strong>\u00a0\ud83c\udf1f<\/p>\n\n\n\n<p>Quel jour vous parle le plus ? Commencez aujourd&rsquo;hui et laissez les Synoptiques transformer votre foi !<\/p>\n","protected":false},"excerpt":{"rendered":"<p>Objectif :&nbsp;Lire les \u00c9vangiles de&nbsp;Matthieu, Marc et Luc&nbsp;en un mois, en comparant leurs r\u00e9cits parall\u00e8les pour approfondir votre compr\u00e9hension de la vie et des enseignements de J\u00e9sus. \ud83d\udcd6 Structure du Plan : Lecture quotidienne\u00a0de passages parall\u00e8les Approche th\u00e9matique :\u00a0Chaque jour explore un aspect cl\u00e9 du minist\u00e8re de J\u00e9sus Temps estim\u00e9 :\u00a015-20 minutes par jour \ud83d\udcc5 &hellip;<\/p>\n","protected":false},"author":3,"featured_media":3354,"comment_status":"open","ping_status":"open","sticky":false,"template":"","format":"standard","meta":{"_seopress_robots_primary_cat":"","_seopress_titles_title":"","_seopress_titles_desc":"","_seopress_robots_index":"","footnotes":""},"categories":[37,45],"tags":[988,987],"class_list":["post-3353","post","type-post","status-publish","format-standard","has-post-thumbnail","","category-doctrine-et-foi","category-saintes-ecritures","tag-30-jours","tag-evangiles-synoptiques"],"_links":{"self":[{"href":"https:\/\/catholicus.eu\/fr\/wp-json\/wp\/v2\/posts\/3353","targetHints":{"allow":["GET"]}}],"collection":[{"href":"https:\/\/catholicus.eu\/fr\/wp-json\/wp\/v2\/posts"}],"about":[{"href":"https:\/\/catholicus.eu\/fr\/wp-json\/wp\/v2\/types\/post"}],"author":[{"embeddable":true,"href":"https:\/\/catholicus.eu\/fr\/wp-json\/wp\/v2\/users\/3"}],"replies":[{"embeddable":true,"href":"https:\/\/catholicus.eu\/fr\/wp-json\/wp\/v2\/comments?post=3353"}],"version-history":[{"count":1,"href":"https:\/\/catholicus.eu\/fr\/wp-json\/wp\/v2\/posts\/3353\/revisions"}],"predecessor-version":[{"id":3355,"href":"https:\/\/catholicus.eu\/fr\/wp-json\/wp\/v2\/posts\/3353\/revisions\/3355"}],"wp:featuredmedia":[{"embeddable":true,"href":"https:\/\/catholicus.eu\/fr\/wp-json\/wp\/v2\/media\/3354"}],"wp:attachment":[{"href":"https:\/\/catholicus.eu\/fr\/wp-json\/wp\/v2\/media?parent=3353"}],"wp:term":[{"taxonomy":"category","embeddable":true,"href":"https:\/\/catholicus.eu\/fr\/wp-json\/wp\/v2\/categories?post=3353"},{"taxonomy":"post_tag","embeddable":true,"href":"https:\/\/catholicus.eu\/fr\/wp-json\/wp\/v2\/tags?post=3353"}],"curies":[{"name":"wp","href":"https:\/\/api.w.org\/{rel}","templated":true}]}}