{"id":3296,"date":"2025-04-09T22:32:46","date_gmt":"2025-04-09T20:32:46","guid":{"rendered":"https:\/\/catholicus.eu\/fr\/?p=3296"},"modified":"2025-04-09T22:32:46","modified_gmt":"2025-04-09T20:32:46","slug":"le-suicide-une-blessure-de-lame-que-dieu-peut-guerir-reflexion-theologique-et-esperance-dans-le-christ","status":"publish","type":"post","link":"https:\/\/catholicus.eu\/fr\/le-suicide-une-blessure-de-lame-que-dieu-peut-guerir-reflexion-theologique-et-esperance-dans-le-christ\/","title":{"rendered":"Le Suicide : Une Blessure de l&rsquo;\u00c2me que Dieu Peut Gu\u00e9rir \u2013 R\u00e9flexion Th\u00e9ologique et Esp\u00e9rance dans le Christ"},"content":{"rendered":"\n<h2 class=\"wp-block-heading\"><strong>Introduction : La Douleur Silencieuse de Notre \u00c9poque<\/strong><\/h2>\n\n\n\n<p>Dans un monde toujours plus fr\u00e9n\u00e9tique, o\u00f9 le stress, la solitude et le vide existentiel frappent avec force, le suicide est devenu l&rsquo;une des trag\u00e9dies les plus douloureuses de notre temps. Les chiffres sont alarmants : selon l&rsquo;Organisation Mondiale de la Sant\u00e9 (OMS), pr\u00e8s de 700 000 personnes meurent par suicide chaque ann\u00e9e. Derri\u00e8re chaque chiffre se cache un visage, une histoire, une \u00e2me arriv\u00e9e \u00e0 un point de d\u00e9sespoir si profond qu&rsquo;elle a vu dans la mort la seule issue.<\/p>\n\n\n\n<p>Mais que dit la foi catholique sur ce sujet ? Comment l&rsquo;aborder d&rsquo;un point de vue th\u00e9ologique et pastoral, sans tomber dans des simplifications ou des jugements s\u00e9v\u00e8res ? Dans cet article, nous explorerons le suicide depuis ses origines historiques, son traitement dans les Saintes \u00c9critures et la Tradition de l&rsquo;\u00c9glise, et comment aujourd&rsquo;hui plus que jamais, nous devons r\u00e9pondre par la mis\u00e9ricorde, l&rsquo;accompagnement et l&rsquo;esp\u00e9rance en la r\u00e9demption du Christ.<\/p>\n\n\n\n<hr class=\"wp-block-separator has-alpha-channel-opacity\"\/>\n\n\n\n<h2 class=\"wp-block-heading\"><strong>I. Le Suicide dans l&rsquo;Histoire : Entre Stigmatisation et Compr\u00e9hension<\/strong><\/h2>\n\n\n\n<h3 class=\"wp-block-heading\"><strong>1. Le Suicide dans les Cultures Anciennes<\/strong><\/h3>\n\n\n\n<p>Depuis des temps imm\u00e9moriaux, le suicide a \u00e9t\u00e9 per\u00e7u de mani\u00e8res contradictoires. Dans la Rome antique, par exemple, des figures comme S\u00e9n\u00e8que le justifiaient comme un acte de libert\u00e9 face au d\u00e9shonneur ou \u00e0 la souffrance extr\u00eame. Les sto\u00efciens le consid\u00e9raient comme une sortie digne lorsque la vie perdait son sens.<\/p>\n\n\n\n<p>Cependant, dans le juda\u00efsme puis dans le christianisme, le suicide \u00e9tait compris diff\u00e9remment. Pour les H\u00e9breux, la vie \u00e9tait un don sacr\u00e9 de Dieu (Gen\u00e8se 9:5-6), et se l&rsquo;\u00f4ter soi-m\u00eame constituait une grave transgression.<\/p>\n\n\n\n<h3 class=\"wp-block-heading\"><strong>2. La Perspective de l&rsquo;\u00c9glise Catholique \u00e0 Travers les Si\u00e8cles<\/strong><\/h3>\n\n\n\n<p>Au Moyen \u00c2ge, des figures comme Saint Augustin et Saint Thomas d&rsquo;Aquin condamn\u00e8rent le suicide, le consid\u00e9rant comme un rejet de la souverainet\u00e9 de Dieu sur la vie. Saint Thomas l&rsquo;argumenta sous trois angles :<\/p>\n\n\n\n<ul class=\"wp-block-list\">\n<li><strong>Contre la charit\u00e9<\/strong>\u00a0: C&rsquo;est un acte de haine envers soi-m\u00eame.<\/li>\n\n\n\n<li><strong>Contre la justice<\/strong>\u00a0: C&rsquo;est un dommage pour la communaut\u00e9.<\/li>\n\n\n\n<li><strong>Contre Dieu<\/strong>\u00a0: C&rsquo;est usurper Son droit de donner et de reprendre la vie.<\/li>\n<\/ul>\n\n\n\n<p>Pendant longtemps, l&rsquo;\u00c9glise refusa les fun\u00e9railles chr\u00e9tiennes \u00e0 ceux qui mouraient par suicide, ce qui g\u00e9n\u00e9ra une stigmatisation douloureuse pour les familles. Cependant, avec le temps, la compr\u00e9hension pastorale a \u00e9volu\u00e9.<\/p>\n\n\n\n<hr class=\"wp-block-separator has-alpha-channel-opacity\"\/>\n\n\n\n<h2 class=\"wp-block-heading\"><strong>II. Le Suicide dans la Th\u00e9ologie Catholique : Culpabilit\u00e9, Gr\u00e2ce et Mis\u00e9ricorde<\/strong><\/h2>\n\n\n\n<h3 class=\"wp-block-heading\"><strong>1. Le Suicide est-il un P\u00e9ch\u00e9 Mortel ?<\/strong><\/h3>\n\n\n\n<p>La th\u00e9ologie catholique enseigne que pour qu&rsquo;un acte soit un p\u00e9ch\u00e9 mortel, trois conditions sont requises :<\/p>\n\n\n\n<ol start=\"1\" class=\"wp-block-list\">\n<li><strong>Mati\u00e8re grave<\/strong>\u00a0(comme \u00f4ter une vie).<\/li>\n\n\n\n<li><strong>Pleine connaissance<\/strong>\u00a0de sa gravit\u00e9.<\/li>\n\n\n\n<li><strong>Consentement d\u00e9lib\u00e9r\u00e9<\/strong>.<\/li>\n<\/ol>\n\n\n\n<p>Le Cat\u00e9chisme de l&rsquo;\u00c9glise Catholique (CEC 2282-2283) pr\u00e9cise :<\/p>\n\n\n\n<blockquote class=\"wp-block-quote is-layout-flow wp-block-quote-is-layout-flow\">\n<p><em>\u00ab\u00a0La gravit\u00e9 du suicide est encore aggrav\u00e9e s&rsquo;il est accompli sous l&rsquo;influence de troubles psychiques graves, d&rsquo;angoisse, ou de la crainte grave de l&rsquo;\u00e9preuve, de la souffrance ou de la torture.\u00a0\u00bb<\/em><\/p>\n<\/blockquote>\n\n\n\n<p>Cela signifie que, dans bien des cas, la personne agit sous une&nbsp;<strong>obnubilation de l&rsquo;esprit<\/strong>&nbsp;qui diminue sa responsabilit\u00e9 morale.&nbsp;<strong>Dieu, dans Son infinie mis\u00e9ricorde, conna\u00eet le c\u0153ur et les circonstances de chacun.<\/strong><\/p>\n\n\n\n<h3 class=\"wp-block-heading\"><strong>2. Un Suicide Peut-il \u00eatre Sauv\u00e9 ?<\/strong><\/h3>\n\n\n\n<p>Pendant des si\u00e8cles, beaucoup crurent que le suicide condamnait irr\u00e9m\u00e9diablement. Mais l&rsquo;\u00c9glise enseigne aujourd&rsquo;hui avec esp\u00e9rance :<\/p>\n\n\n\n<ul class=\"wp-block-list\">\n<li><strong>Dieu n&rsquo;abandonne personne \u00e0 son dernier instant.<\/strong><\/li>\n\n\n\n<li><strong>La pri\u00e8re pour les d\u00e9funts est puissante<\/strong>\u00a0(2 Maccab\u00e9es 12:46).<\/li>\n\n\n\n<li><strong>Nul ne peut juger l&rsquo;\u00e9tat d&rsquo;une \u00e2me \u00e0 l&rsquo;instant final.<\/strong><\/li>\n<\/ul>\n\n\n\n<p>Le Pape Fran\u00e7ois a d\u00e9clar\u00e9 :<\/p>\n\n\n\n<blockquote class=\"wp-block-quote is-layout-flow wp-block-quote-is-layout-flow\">\n<p><em>\u00ab\u00a0Nous ne devons jamais cesser de prier pour eux, car la mis\u00e9ricorde de Dieu est plus grande que notre compr\u00e9hension.\u00a0\u00bb<\/em><\/p>\n<\/blockquote>\n\n\n\n<hr class=\"wp-block-separator has-alpha-channel-opacity\"\/>\n\n\n\n<h2 class=\"wp-block-heading\"><strong>III. L&rsquo;Approche Pastorale : Comment Aider et Pr\u00e9venir dans la Foi<\/strong><\/h2>\n\n\n\n<h3 class=\"wp-block-heading\"><strong>1. Reconna\u00eetre les Signes d&rsquo;Alerte<\/strong><\/h3>\n\n\n\n<p>De nombreux suicides peuvent \u00eatre \u00e9vit\u00e9s si nous restons vigilants :<\/p>\n\n\n\n<ul class=\"wp-block-list\">\n<li><strong>Isolement extr\u00eame.<\/strong><\/li>\n\n\n\n<li><strong>Expressions de d\u00e9sespoir.<\/strong><\/li>\n\n\n\n<li><strong>Changements comportementaux radicaux.<\/strong><\/li>\n<\/ul>\n\n\n\n<h3 class=\"wp-block-heading\"><strong>2. Accompagner avec Amour, non avec Jugement<\/strong><\/h3>\n\n\n\n<p>La r\u00e9ponse catholique doit \u00eatre :<\/p>\n\n\n\n<ul class=\"wp-block-list\">\n<li><strong>\u00c9coute active<\/strong>\u00a0(sans minimiser la douleur).<\/li>\n\n\n\n<li><strong>Pri\u00e8re et sacrements<\/strong>\u00a0(la Confession et l&rsquo;Eucharistie sont sources de gr\u00e2ce).<\/li>\n\n\n\n<li><strong>Orientation vers des professionnels<\/strong>\u00a0(psychologues, psychiatres).<\/li>\n<\/ul>\n\n\n\n<h3 class=\"wp-block-heading\"><strong>3. Gu\u00e9rir ceux qui Restent : Le Deuil des Proches<\/strong><\/h3>\n\n\n\n<p>Les proches d&rsquo;un suicid\u00e9 portent souvent culpabilit\u00e9, col\u00e8re et honte. La pastorale doit :<\/p>\n\n\n\n<ul class=\"wp-block-list\">\n<li><strong>Valider leur douleur.<\/strong><\/li>\n\n\n\n<li><strong>Leur rappeler que Dieu n&rsquo;a pas abandonn\u00e9 leur \u00eatre cher.<\/strong><\/li>\n\n\n\n<li><strong>Les inviter \u00e0 se confier \u00e0 la Mis\u00e9ricorde Divine.<\/strong><\/li>\n<\/ul>\n\n\n\n<hr class=\"wp-block-separator has-alpha-channel-opacity\"\/>\n\n\n\n<h2 class=\"wp-block-heading\"><strong>Conclusion : Le Christ, Lumi\u00e8re dans les T\u00e9n\u00e8bres de la Souffrance<\/strong><\/h2>\n\n\n\n<p>Le suicide est une blessure profonde, mais&nbsp;<strong>ce n&rsquo;est pas la fin de l&rsquo;histoire<\/strong>. En tant que catholiques, nous croyons en un Dieu qui a vaincu la mort et peut gu\u00e9rir m\u00eame les blessures les plus sombres de l&rsquo;\u00e2me.<\/p>\n\n\n\n<p>Si toi ou quelqu&rsquo;un que tu connais lutte contre des pens\u00e9es suicidaires,&nbsp;<strong>tu n&rsquo;es pas seul<\/strong>.&nbsp;<strong>Le Christ marche \u00e0 tes c\u00f4t\u00e9s, m\u00eame dans la vall\u00e9e des ombres<\/strong>&nbsp;(Psaume 23:4). Cherche de l&rsquo;aide, ouvre ton c\u0153ur \u00e0 la gr\u00e2ce, et souviens-toi :&nbsp;<strong>ta vie a une valeur \u00e9ternelle<\/strong>.<\/p>\n\n\n\n<blockquote class=\"wp-block-quote is-layout-flow wp-block-quote-is-layout-flow\">\n<p><em>\u00ab\u00a0Venez \u00e0 moi, vous tous qui peinez sous le poids du fardeau, et moi, je vous procurerai le repos.\u00a0\u00bb<\/em>&nbsp;(Matthieu 11:28)<\/p>\n<\/blockquote>\n\n\n\n<p><strong>Prions ensemble :<\/strong><br><em>Seigneur, accueille en Ta mis\u00e9ricorde ceux qui ont perdu l&rsquo;esp\u00e9rance. Console ceux qui pleurent un \u00eatre cher. Donne-nous le courage d&rsquo;\u00eatre des instruments de Ton amour pour ceux qui souffrent le plus. Amen.<\/em><\/p>\n\n\n\n<hr class=\"wp-block-separator has-alpha-channel-opacity\"\/>\n\n\n\n[<strong>Si tu as besoin d&rsquo;aide, n&rsquo;h\u00e9site pas \u00e0 contacter un pr\u00eatre, un th\u00e9rapeute ou une ligne de pr\u00e9vention du suicide dans ton pays.<\/strong>]\n\n\n\n<p>Cet article ne cherche pas seulement \u00e0 informer, mais \u00e0 tendre une main fraternelle. Car au c\u0153ur de la foi catholique se trouve cette certitude :&nbsp;<strong>personne n&rsquo;est hors de port\u00e9e de l&rsquo;amour de Dieu<\/strong>.<\/p>\n","protected":false},"excerpt":{"rendered":"<p>Introduction : La Douleur Silencieuse de Notre \u00c9poque Dans un monde toujours plus fr\u00e9n\u00e9tique, o\u00f9 le stress, la solitude et le vide existentiel frappent avec force, le suicide est devenu l&rsquo;une des trag\u00e9dies les plus douloureuses de notre temps. Les chiffres sont alarmants : selon l&rsquo;Organisation Mondiale de la Sant\u00e9 (OMS), pr\u00e8s de 700 000 &hellip;<\/p>\n","protected":false},"author":3,"featured_media":3297,"comment_status":"open","ping_status":"open","sticky":false,"template":"","format":"standard","meta":{"_seopress_robots_primary_cat":"","_seopress_titles_title":"","_seopress_titles_desc":"","_seopress_robots_index":"","footnotes":""},"categories":[54,39],"tags":[968],"class_list":["post-3296","post","type-post","status-publish","format-standard","has-post-thumbnail","","category-bioethique-et-questions-contemporaines","category-morale-et-vie-chretienne","tag-suicide"],"_links":{"self":[{"href":"https:\/\/catholicus.eu\/fr\/wp-json\/wp\/v2\/posts\/3296","targetHints":{"allow":["GET"]}}],"collection":[{"href":"https:\/\/catholicus.eu\/fr\/wp-json\/wp\/v2\/posts"}],"about":[{"href":"https:\/\/catholicus.eu\/fr\/wp-json\/wp\/v2\/types\/post"}],"author":[{"embeddable":true,"href":"https:\/\/catholicus.eu\/fr\/wp-json\/wp\/v2\/users\/3"}],"replies":[{"embeddable":true,"href":"https:\/\/catholicus.eu\/fr\/wp-json\/wp\/v2\/comments?post=3296"}],"version-history":[{"count":1,"href":"https:\/\/catholicus.eu\/fr\/wp-json\/wp\/v2\/posts\/3296\/revisions"}],"predecessor-version":[{"id":3298,"href":"https:\/\/catholicus.eu\/fr\/wp-json\/wp\/v2\/posts\/3296\/revisions\/3298"}],"wp:featuredmedia":[{"embeddable":true,"href":"https:\/\/catholicus.eu\/fr\/wp-json\/wp\/v2\/media\/3297"}],"wp:attachment":[{"href":"https:\/\/catholicus.eu\/fr\/wp-json\/wp\/v2\/media?parent=3296"}],"wp:term":[{"taxonomy":"category","embeddable":true,"href":"https:\/\/catholicus.eu\/fr\/wp-json\/wp\/v2\/categories?post=3296"},{"taxonomy":"post_tag","embeddable":true,"href":"https:\/\/catholicus.eu\/fr\/wp-json\/wp\/v2\/tags?post=3296"}],"curies":[{"name":"wp","href":"https:\/\/api.w.org\/{rel}","templated":true}]}}