{"id":3259,"date":"2025-04-06T22:29:10","date_gmt":"2025-04-06T20:29:10","guid":{"rendered":"https:\/\/catholicus.eu\/fr\/?p=3259"},"modified":"2025-04-06T22:29:10","modified_gmt":"2025-04-06T20:29:10","slug":"la-benediction-de-purification-une-renaissance-spirituelle-pour-les-femmes-apres-laccouchement","status":"publish","type":"post","link":"https:\/\/catholicus.eu\/fr\/la-benediction-de-purification-une-renaissance-spirituelle-pour-les-femmes-apres-laccouchement\/","title":{"rendered":"La B\u00e9n\u00e9diction de Purification : Une Renaissance Spirituelle pour les Femmes Apr\u00e8s l&rsquo;Accouchement"},"content":{"rendered":"\n<h2 class=\"wp-block-heading\"><strong>Introduction : Une Tradition Oubli\u00e9e, Une Gr\u00e2ce Renouvel\u00e9e<\/strong><\/h2>\n\n\n\n<p>Dans un monde o\u00f9 la maternit\u00e9 est souvent banalis\u00e9e ou r\u00e9duite \u00e0 un simple \u00e9v\u00e9nement biologique, l&rsquo;\u00c9glise catholique pr\u00e9serve une tradition empreinte de beaut\u00e9 et de profonde signification th\u00e9ologique :&nbsp;<strong>la b\u00e9n\u00e9diction des femmes apr\u00e8s l&rsquo;accouchement<\/strong>, \u00e9galement appel\u00e9e&nbsp;<em>\u00ab\u00a0Relevailles\u00a0\u00bb<\/em>&nbsp;ou&nbsp;<em>\u00ab\u00a0C\u00e9r\u00e9monie de Purification\u00a0\u00bb<\/em>.<\/p>\n\n\n\n<p>Cette pratique, autrefois courante dans les paroisses et foyers catholiques, s&rsquo;est estomp\u00e9e dans de nombreuses communaut\u00e9s. Pourtant, elle r\u00e9appara\u00eet aujourd&rsquo;hui comme une lumi\u00e8re d&rsquo;esp\u00e9rance pour les m\u00e8res qui cherchent&nbsp;<strong>\u00e0 renouer avec Dieu apr\u00e8s le miracle de donner la vie.<\/strong><\/p>\n\n\n\n<p>Mais en quoi consiste exactement cette b\u00e9n\u00e9diction ? S&rsquo;agit-il d&rsquo;un rite archa\u00efque consid\u00e9rant la femme \u00ab\u00a0impure\u00a0\u00bb apr\u00e8s l&rsquo;accouchement, comme certains le pensent \u00e0 tort ? Ou est-ce plut\u00f4t une&nbsp;<strong>c\u00e9l\u00e9bration de la vie, un acte de gratitude et une renaissance spirituelle ?<\/strong><\/p>\n\n\n\n<p>Dans cet article, nous explorerons :<\/p>\n\n\n\n<ol start=\"1\" class=\"wp-block-list\">\n<li><strong>Les origines bibliques et th\u00e9ologiques<\/strong>\u00a0de cette tradition.<\/li>\n\n\n\n<li><strong>Son \u00e9volution historique<\/strong>\u00a0dans la liturgie catholique.<\/li>\n\n\n\n<li><strong>Sa signification actuelle<\/strong>\u00a0et pourquoi les femmes devraient se r\u00e9approprier cette b\u00e9n\u00e9diction.<\/li>\n\n\n\n<li><strong>Comment vivre cette c\u00e9r\u00e9monie aujourd&rsquo;hui<\/strong>\u00a0dans un monde qui a besoin de red\u00e9couvrir le caract\u00e8re sacr\u00e9 de la maternit\u00e9.<\/li>\n<\/ol>\n\n\n\n<hr class=\"wp-block-separator has-alpha-channel-opacity\"\/>\n\n\n\n<h2 class=\"wp-block-heading\"><strong>I. Origines Bibliques : De la Loi de Mo\u00efse \u00e0 la Rencontre avec le Christ<\/strong><\/h2>\n\n\n\n<h3 class=\"wp-block-heading\"><strong>1. La Purification dans l&rsquo;Ancien Testament<\/strong><\/h3>\n\n\n\n<p>Le fondement de cette tradition se trouve dans&nbsp;<strong>L\u00e9vitique 12<\/strong>, o\u00f9 la Loi mosa\u00efque \u00e9tablit une p\u00e9riode de purification pour la femme apr\u00e8s l&rsquo;accouchement :<\/p>\n\n\n\n<blockquote class=\"wp-block-quote is-layout-flow wp-block-quote-is-layout-flow\">\n<p><em>\u00ab\u00a0Parle aux enfants d&rsquo;Isra\u00ebl et dis-leur : Lorsqu&rsquo;une femme enfantera un gar\u00e7on, elle sera impure pendant sept jours [&#8230;] Elle restera encore trente-trois jours \u00e0 se purifier de son sang. Elle ne touchera aucune chose sainte et n&rsquo;ira pas au sanctuaire jusqu&rsquo;\u00e0 ce que soient accomplis les jours de sa purification.\u00a0\u00bb<\/em>&nbsp;(Lv 12, 2-4)<\/p>\n<\/blockquote>\n\n\n\n<p>Ce pr\u00e9cepte n&rsquo;\u00e9tait pas une punition, mais une&nbsp;<strong>protection rituelle<\/strong>, reconnaissant le myst\u00e8re de la vie et le sang vers\u00e9 pendant l&rsquo;accouchement \u2013 symboliquement li\u00e9 \u00e0 la mort (car, dans la pens\u00e9e juive, le sang hors de son lieu naturel \u2013 comme dans les blessures ou les accouchements \u2013 n\u00e9cessitait un rite de r\u00e9int\u00e9gration).<\/p>\n\n\n\n<h3 class=\"wp-block-heading\"><strong>2. La Purification de Marie : La Pr\u00e9sentation au Temple<\/strong><\/h3>\n\n\n\n<p>Le Nouveau Testament nous montre la&nbsp;<strong>Vierge Marie<\/strong>, bien que libre de tout p\u00e9ch\u00e9, se soumettant humblement \u00e0 cette loi :<\/p>\n\n\n\n<blockquote class=\"wp-block-quote is-layout-flow wp-block-quote-is-layout-flow\">\n<p><em>\u00ab\u00a0Et quand furent accomplis les jours de leur purification selon la loi de Mo\u00efse, ils l&#8217;emmen\u00e8rent \u00e0 J\u00e9rusalem pour le pr\u00e9senter au Seigneur.\u00a0\u00bb<\/em>&nbsp;(Lc 2, 22)<\/p>\n<\/blockquote>\n\n\n\n<p>Ce passage est capital car :<\/p>\n\n\n\n<ul class=\"wp-block-list\">\n<li><strong>J\u00e9sus n&rsquo;avait pas besoin d&rsquo;\u00eatre \u00ab\u00a0rachet\u00e9\u00a0\u00bb<\/strong>\u00a0(comme l&rsquo;exigeait l&rsquo;offrande du premier-n\u00e9), mais Il le fit pour sanctifier chaque \u00e9tape de la vie humaine.<\/li>\n\n\n\n<li><strong>Marie n&rsquo;avait pas besoin de purification<\/strong>, mais elle ob\u00e9it \u00e0 la loi, nous enseignant l&rsquo;humilit\u00e9 et la soumission \u00e0 la volont\u00e9 divine.<\/li>\n<\/ul>\n\n\n\n<hr class=\"wp-block-separator has-alpha-channel-opacity\"\/>\n\n\n\n<h2 class=\"wp-block-heading\"><strong>II. La Tradition dans l&rsquo;\u00c9glise : Des Premiers Si\u00e8cles au Rite Moderne<\/strong><\/h2>\n\n\n\n<h3 class=\"wp-block-heading\"><strong>1. Les P\u00e8res de l&rsquo;\u00c9glise et la B\u00e9n\u00e9diction Postpartum<\/strong><\/h3>\n\n\n\n<p>Aux premiers si\u00e8cles du christianisme, l&rsquo;\u00c9glise&nbsp;<strong>transforma<\/strong>&nbsp;la notion juive d'\u00a0\u00bbimpuret\u00e9 rituelle\u00a0\u00bb en une&nbsp;<strong>b\u00e9n\u00e9diction d&rsquo;action de gr\u00e2ce<\/strong>. Saint Augustin et d&rsquo;autres P\u00e8res voyaient dans l&rsquo;accouchement un&nbsp;<strong>\u00e9v\u00e9nement sacr\u00e9<\/strong>, mais reconnaissaient aussi l&rsquo;\u00e9puisement physique et \u00e9motionnel de la m\u00e8re, qui m\u00e9ritait un&nbsp;<strong>moment de gr\u00e2ce et de renouveau spirituel<\/strong>.<\/p>\n\n\n\n<h3 class=\"wp-block-heading\"><strong>2. Les \u00ab\u00a0Relevailles\u00a0\u00bb au Moyen \u00c2ge et le Rite Tridentin<\/strong><\/h3>\n\n\n\n<p>Au Moyen \u00c2ge, la c\u00e9r\u00e9monie se consolida comme un&nbsp;<strong>rite de r\u00e9int\u00e9gration dans la communaut\u00e9 eccl\u00e9siale<\/strong>. La femme, accompagn\u00e9e de sa famille et de la sage-femme, \u00e9tait accueillie \u00e0 la porte de l&rsquo;\u00e9glise avec un&nbsp;<strong>voile blanc<\/strong>&nbsp;(symbole de puret\u00e9) et asperg\u00e9e d&rsquo;eau b\u00e9nite. Le pr\u00eatre r\u00e9citait le&nbsp;<strong>Psaume 121<\/strong>&nbsp;(<em>\u00ab\u00a0Je l\u00e8ve les yeux vers les montagnes&#8230;\u00a0\u00bb<\/em>) et la conduisait \u00e0 l&rsquo;autel, o\u00f9 elle recevait une b\u00e9n\u00e9diction sp\u00e9ciale.<\/p>\n\n\n\n<p>Le&nbsp;<strong>Rituel Romain de 1614<\/strong>&nbsp;(suite au Concile de Trente) formalisa cette c\u00e9r\u00e9monie, soulignant :<\/p>\n\n\n\n<ul class=\"wp-block-list\">\n<li><strong>L&rsquo;action de gr\u00e2ce<\/strong>\u00a0pour la naissance de l&rsquo;enfant.<\/li>\n\n\n\n<li><strong>La protection contre le malin<\/strong>\u00a0(car l&rsquo;accouchement \u00e9tait vu comme un moment de vuln\u00e9rabilit\u00e9 spirituelle).<\/li>\n\n\n\n<li><strong>Le renouvellement de la cons\u00e9cration \u00e0 Dieu<\/strong>\u00a0apr\u00e8s la convalescence.<\/li>\n<\/ul>\n\n\n\n<h3 class=\"wp-block-heading\"><strong>3. Pourquoi 40 Jours ?<\/strong><\/h3>\n\n\n\n<p>Le nombre&nbsp;<strong>40<\/strong>&nbsp;rev\u00eat une profonde symbolique biblique :<\/p>\n\n\n\n<ul class=\"wp-block-list\">\n<li><strong>J\u00e9sus fut pr\u00e9sent\u00e9 au 40e jour<\/strong>\u00a0(Lc 2, 22).<\/li>\n\n\n\n<li><strong>Les 40 jours du D\u00e9luge, de l&rsquo;Exode et du je\u00fbne du Christ<\/strong>.<br>Dans la tradition catholique, cette p\u00e9riode \u00e9voque\u00a0<strong>purification, attente et renouveau<\/strong>.<\/li>\n<\/ul>\n\n\n\n<hr class=\"wp-block-separator has-alpha-channel-opacity\"\/>\n\n\n\n<h2 class=\"wp-block-heading\"><strong>III. Le Sens Actuel : Pourquoi Retrouver Cette B\u00e9n\u00e9diction ?<\/strong><\/h2>\n\n\n\n<h3 class=\"wp-block-heading\"><strong>1. Ce n&rsquo;est Pas une \u00ab\u00a0Purification du P\u00e9ch\u00e9\u00a0\u00bb, Mais une Cons\u00e9cration<\/strong><\/h3>\n\n\n\n<p>Certains critiques interpr\u00e8tent mal ce rite, croyant que l&rsquo;\u00c9glise consid\u00e8re la femme \u00ab\u00a0impure\u00a0\u00bb.&nbsp;<strong>Rien n&rsquo;est plus faux !<\/strong><\/p>\n\n\n\n<ul class=\"wp-block-list\">\n<li><strong>L&rsquo;accouchement n&rsquo;est pas un p\u00e9ch\u00e9<\/strong>, mais une coop\u00e9ration avec Dieu dans la cr\u00e9ation.<\/li>\n\n\n\n<li>La b\u00e9n\u00e9diction est une\u00a0<strong>renaissance spirituelle<\/strong>, une occasion de :\n<ul class=\"wp-block-list\">\n<li><strong>Rendre gr\u00e2ce<\/strong>\u00a0pour l&rsquo;enfant re\u00e7u.<\/li>\n\n\n\n<li><strong>Gu\u00e9rir \u00e9motionnellement<\/strong>\u00a0(le post-partum peut \u00eatre une p\u00e9riode fragile).<\/li>\n\n\n\n<li><strong>Consacrer la m\u00e8re et l&rsquo;enfant \u00e0 la Vierge Marie<\/strong>.<\/li>\n<\/ul>\n<\/li>\n<\/ul>\n\n\n\n<h3 class=\"wp-block-heading\"><strong>2. Un Antidote \u00e0 une Culture Qui D\u00e9sacralise la Maternit\u00e9<\/strong><\/h3>\n\n\n\n<p>Nous vivons dans une soci\u00e9t\u00e9 qui :<\/p>\n\n\n\n<ul class=\"wp-block-list\">\n<li><strong>M\u00e9dicalise l&rsquo;accouchement<\/strong>, en occultant sa dimension spirituelle.<\/li>\n\n\n\n<li><strong>Isole les m\u00e8res<\/strong>, sans leur offrir de soutien communautaire.<\/li>\n\n\n\n<li><strong>Banalise la vie<\/strong>, traitant les enfants comme un \u00ab\u00a0fardeau\u00a0\u00bb.<\/li>\n<\/ul>\n\n\n\n<p>Cette b\u00e9n\u00e9diction&nbsp;<strong>restaure la dignit\u00e9 sacr\u00e9e de la femme<\/strong>, lui rappelant que :<\/p>\n\n\n\n<ul class=\"wp-block-list\">\n<li><strong>Son corps a \u00e9t\u00e9 un temple de la vie.<\/strong><\/li>\n\n\n\n<li><strong>Son sacrifice refl\u00e8te l&rsquo;amour du Christ.<\/strong><\/li>\n<\/ul>\n\n\n\n<h3 class=\"wp-block-heading\"><strong>3. Comment se D\u00e9roule-t-elle Aujourd&rsquo;hui ?<\/strong><\/h3>\n\n\n\n<p>Bien que non obligatoire, beaucoup de paroisses traditionalistes la pratiquent encore. La c\u00e9r\u00e9monie peut inclure :<\/p>\n\n\n\n<ol start=\"1\" class=\"wp-block-list\">\n<li><strong>Une procession<\/strong>\u00a0vers l&rsquo;\u00e9glise (la m\u00e8re porte l&rsquo;enfant).<\/li>\n\n\n\n<li><strong>La r\u00e9citation du Psaume 121 ou du Magnificat.<\/strong><\/li>\n\n\n\n<li><strong>Une pri\u00e8re de b\u00e9n\u00e9diction<\/strong>\u00a0(comme celle du Rituel Romain).<\/li>\n\n\n\n<li><strong>L&rsquo;imposition d&rsquo;un voile blanc<\/strong>\u00a0(optionnel, comme symbole de gr\u00e2ce).<\/li>\n\n\n\n<li><strong>Une aspersion d&rsquo;eau b\u00e9nite.<\/strong><\/li>\n<\/ol>\n\n\n\n<hr class=\"wp-block-separator has-alpha-channel-opacity\"\/>\n\n\n\n<h2 class=\"wp-block-heading\"><strong>Conclusion : Un Appel aux M\u00e8res Catholiques<\/strong><\/h2>\n\n\n\n<p>Ch\u00e8re m\u00e8re qui avez donn\u00e9 la vie,&nbsp;<strong>votre corps a \u00e9t\u00e9 un instrument de Dieu.<\/strong>&nbsp;Ne laissez pas le monde vous voler la joie de ce moment sacr\u00e9.&nbsp;<strong>Recherchez cette b\u00e9n\u00e9diction<\/strong>, non par obligation, mais comme une&nbsp;<strong>rencontre avec la mis\u00e9ricorde divine.<\/strong><\/p>\n\n\n\n<p>Et aux paroisses :&nbsp;<strong>Ranimons cette tradition !<\/strong>&nbsp;Non comme une relique du pass\u00e9, mais comme une&nbsp;<strong>\u00e9treinte maternelle de l&rsquo;\u00c9glise<\/strong>&nbsp;pour chaque femme ayant mis au monde une \u00e2me nouvelle.<\/p>\n\n\n\n<p><strong>Marie, M\u00e8re de l&rsquo;\u00c9glise, priez pour toutes les m\u00e8res.<\/strong><\/p>\n\n\n\n<hr class=\"wp-block-separator has-alpha-channel-opacity\"\/>\n\n\n\n<p><strong>Avez-vous ou connaissez-vous quelqu&rsquo;un ayant re\u00e7u cette b\u00e9n\u00e9diction ? Partagez votre exp\u00e9rience en commentaires !<\/strong><\/p>\n\n\n\n<p><em>[Si vous souhaitez que votre paroisse propose cette c\u00e9r\u00e9monie, parlez-en \u00e0 votre pr\u00eatre ou cherchez des communaut\u00e9s catholiques traditionnelles la pratiquant.]<\/em><\/p>\n\n\n\n<hr class=\"wp-block-separator has-alpha-channel-opacity\"\/>\n\n\n\n<p>Cet article ne cherche pas seulement \u00e0 informer mais&nbsp;<strong>\u00e0 inspirer une d\u00e9votion plus profonde envers la maternit\u00e9 comme vocation sacr\u00e9e.<\/strong>&nbsp;Souhaitez-vous explorer d&rsquo;autres th\u00e8mes de spiritualit\u00e9 catholique ? Dites-le nous !<\/p>\n\n\n\n<p><strong>Que Dieu b\u00e9nisse toutes les m\u00e8res !<\/strong>&nbsp;\ud83d\ude4f\ud83d\udc99<\/p>\n","protected":false},"excerpt":{"rendered":"<p>Introduction : Une Tradition Oubli\u00e9e, Une Gr\u00e2ce Renouvel\u00e9e Dans un monde o\u00f9 la maternit\u00e9 est souvent banalis\u00e9e ou r\u00e9duite \u00e0 un simple \u00e9v\u00e9nement biologique, l&rsquo;\u00c9glise catholique pr\u00e9serve une tradition empreinte de beaut\u00e9 et de profonde signification th\u00e9ologique :&nbsp;la b\u00e9n\u00e9diction des femmes apr\u00e8s l&rsquo;accouchement, \u00e9galement appel\u00e9e&nbsp;\u00ab\u00a0Relevailles\u00a0\u00bb&nbsp;ou&nbsp;\u00ab\u00a0C\u00e9r\u00e9monie de Purification\u00a0\u00bb. Cette pratique, autrefois courante dans les paroisses et &hellip;<\/p>\n","protected":false},"author":3,"featured_media":3260,"comment_status":"open","ping_status":"open","sticky":false,"template":"","format":"standard","meta":{"_seopress_robots_primary_cat":"","_seopress_titles_title":"","_seopress_titles_desc":"","_seopress_robots_index":"","footnotes":""},"categories":[55,39],"tags":[954,955],"class_list":["post-3259","post","type-post","status-publish","format-standard","has-post-thumbnail","","category-famille-et-mariage","category-morale-et-vie-chretienne","tag-benediction-de-purification","tag-relevailles"],"_links":{"self":[{"href":"https:\/\/catholicus.eu\/fr\/wp-json\/wp\/v2\/posts\/3259","targetHints":{"allow":["GET"]}}],"collection":[{"href":"https:\/\/catholicus.eu\/fr\/wp-json\/wp\/v2\/posts"}],"about":[{"href":"https:\/\/catholicus.eu\/fr\/wp-json\/wp\/v2\/types\/post"}],"author":[{"embeddable":true,"href":"https:\/\/catholicus.eu\/fr\/wp-json\/wp\/v2\/users\/3"}],"replies":[{"embeddable":true,"href":"https:\/\/catholicus.eu\/fr\/wp-json\/wp\/v2\/comments?post=3259"}],"version-history":[{"count":1,"href":"https:\/\/catholicus.eu\/fr\/wp-json\/wp\/v2\/posts\/3259\/revisions"}],"predecessor-version":[{"id":3261,"href":"https:\/\/catholicus.eu\/fr\/wp-json\/wp\/v2\/posts\/3259\/revisions\/3261"}],"wp:featuredmedia":[{"embeddable":true,"href":"https:\/\/catholicus.eu\/fr\/wp-json\/wp\/v2\/media\/3260"}],"wp:attachment":[{"href":"https:\/\/catholicus.eu\/fr\/wp-json\/wp\/v2\/media?parent=3259"}],"wp:term":[{"taxonomy":"category","embeddable":true,"href":"https:\/\/catholicus.eu\/fr\/wp-json\/wp\/v2\/categories?post=3259"},{"taxonomy":"post_tag","embeddable":true,"href":"https:\/\/catholicus.eu\/fr\/wp-json\/wp\/v2\/tags?post=3259"}],"curies":[{"name":"wp","href":"https:\/\/api.w.org\/{rel}","templated":true}]}}