{"id":3255,"date":"2025-04-06T21:59:05","date_gmt":"2025-04-06T19:59:05","guid":{"rendered":"https:\/\/catholicus.eu\/fr\/?p=3255"},"modified":"2025-04-06T21:59:05","modified_gmt":"2025-04-06T19:59:05","slug":"le-jeune-de-minuit-un-secret-spirituel-oublie-qui-transformera-votre-foi","status":"publish","type":"post","link":"https:\/\/catholicus.eu\/fr\/le-jeune-de-minuit-un-secret-spirituel-oublie-qui-transformera-votre-foi\/","title":{"rendered":"Le Je\u00fbne de Minuit : Un Secret Spirituel Oubli\u00e9 Qui Transformera Votre Foi"},"content":{"rendered":"\n<p>Dans un monde effr\u00e9n\u00e9 o\u00f9 le bruit constant et l&rsquo;exc\u00e8s de sensations nous d\u00e9tournent de l&rsquo;essentiel, l&rsquo;\u00c9glise catholique garde des tr\u00e9sors de sagesse asc\u00e9tique qui, loin d&rsquo;\u00eatre des reliques du pass\u00e9, sont&nbsp;<strong>des rem\u00e8des pour l&rsquo;\u00e2me moderne<\/strong>. Parmi ces pratiques se trouve&nbsp;<strong>le je\u00fbne de minuit<\/strong>, une ancienne discipline spirituelle qui, bien que m\u00e9connue aujourd&rsquo;hui, fut pendant des si\u00e8cles un pilier de la pr\u00e9paration \u00e0 la r\u00e9ception de l&rsquo;Eucharistie.<\/p>\n\n\n\n<p>Pourquoi les premiers chr\u00e9tiens s&rsquo;abstenaient-ils de nourriture d\u00e8s minuit avant de communier ? Quelle signification profonde ce je\u00fbne a-t-il et comment pouvons-nous le r\u00e9int\u00e9grer dans notre vie spirituelle aujourd&rsquo;hui ? Dans cet article, nous explorerons&nbsp;<strong>les origines bibliques, le d\u00e9veloppement historique, le sens th\u00e9ologique et l&rsquo;application pratique<\/strong>&nbsp;de cette tradition, r\u00e9v\u00e9lant comment elle peut&nbsp;<strong>renouveler notre r\u00e9v\u00e9rence pour la Tr\u00e8s Sainte Eucharistie<\/strong>&nbsp;\u00e0 une \u00e9poque o\u00f9 le sacr\u00e9 est souvent banalis\u00e9.<\/p>\n\n\n\n<hr class=\"wp-block-separator has-alpha-channel-opacity\"\/>\n\n\n\n<h2 class=\"wp-block-heading\"><strong>1. Les Origines Bibliques et les Premiers Si\u00e8cles de l&rsquo;\u00c9glise<\/strong><\/h2>\n\n\n\n<p>Le je\u00fbne eucharistique n&rsquo;est pas une invention m\u00e9di\u00e9vale, mais plonge ses racines dans&nbsp;<strong>la tradition apostolique et l&rsquo;\u00c9criture Sainte<\/strong>.<\/p>\n\n\n\n<h3 class=\"wp-block-heading\"><strong>A. L&rsquo;Ancien Testament : Pr\u00e9paration \u00e0 la Rencontre avec Dieu<\/strong><\/h3>\n\n\n\n<p>Dans le juda\u00efsme, le je\u00fbne \u00e9tait un signe de&nbsp;<strong>purification et de pr\u00e9paration<\/strong>&nbsp;avant les th\u00e9ophanies (manifestations divines). Mo\u00efse je\u00fbna 40 jours avant de recevoir les Tables de la Loi (Exode 34,28), et David pratiqua le je\u00fbne en signe de p\u00e9nitence (2 Samuel 12,16).<\/p>\n\n\n\n<p>Mais un passage cl\u00e9, associ\u00e9 par les P\u00e8res de l&rsquo;\u00c9glise au je\u00fbne eucharistique, est&nbsp;<strong>Exode 16<\/strong>, o\u00f9 Dieu ordonne aux Isra\u00e9lites de ne pas garder la manne pour le lendemain (sauf \u00e0 la veille du sabbat). Saint J\u00e9r\u00f4me et d&rsquo;autres y virent un symbole : de m\u00eame que la manne devait \u00eatre re\u00e7ue fra\u00eeche chaque matin,&nbsp;<strong>l&rsquo;Eucharistie doit \u00eatre re\u00e7ue avec un \u00ab\u00a0estomac nouveau\u00a0\u00bb<\/strong>, libre de toute autre nourriture.<\/p>\n\n\n\n<h3 class=\"wp-block-heading\"><strong>B. Le Nouveau Testament : La C\u00e8ne et la Tradition Apostolique<\/strong><\/h3>\n\n\n\n<p>Lors de la C\u00e8ne, le Christ institua l&rsquo;Eucharistie&nbsp;<strong>apr\u00e8s avoir je\u00fbn\u00e9<\/strong>&nbsp;(car c&rsquo;\u00e9tait le repas pascal, pr\u00e9c\u00e9d\u00e9 d&rsquo;un jour d&rsquo;abstinence). Les premiers chr\u00e9tiens, impr\u00e9gn\u00e9s de la solennit\u00e9 du \u00ab\u00a0Pain de Vie\u00a0\u00bb, adopt\u00e8rent l&rsquo;usage de&nbsp;<strong>ne pas manger avant de le recevoir<\/strong>.<\/p>\n\n\n\n<p>Un texte cl\u00e9 est&nbsp;<strong>Actes 2,42<\/strong>, o\u00f9 il est dit que les disciples \u00ab\u00a0pers\u00e9v\u00e9raient dans la fraction du pain\u00a0\u00bb (l&rsquo;Eucharistie)&nbsp;<strong>aux premi\u00e8res heures du jour<\/strong>, sugg\u00e9rant une c\u00e9l\u00e9bration matinale pr\u00e9c\u00e9d\u00e9e d&rsquo;une abstinence nocturne.<\/p>\n\n\n\n<hr class=\"wp-block-separator has-alpha-channel-opacity\"\/>\n\n\n\n<h2 class=\"wp-block-heading\"><strong>2. D\u00e9veloppement Historique : Des P\u00e8res de l&rsquo;\u00c9glise \u00e0 Vatican II<\/strong><\/h2>\n\n\n\n<h3 class=\"wp-block-heading\"><strong>A. Les Premiers Si\u00e8cles : Rigueur et R\u00e9v\u00e9rence<\/strong><\/h3>\n\n\n\n<p>D\u00e8s le IIe si\u00e8cle,&nbsp;<strong>Saint Justin Martyr<\/strong>&nbsp;mentionne que les chr\u00e9tiens je\u00fbnaient avant la liturgie. Tertullien (IIIe si\u00e8cle) \u00e9crivit que&nbsp;<strong>le je\u00fbne de minuit \u00e9tait obligatoire<\/strong>&nbsp;pour ceux qui allaient communier, en signe de respect pour le \u00ab\u00a0Corps du Seigneur\u00a0\u00bb.<\/p>\n\n\n\n<p><strong>Saint Augustin<\/strong>&nbsp;(IVe-Ve si\u00e8cle) le d\u00e9fendit avec force :<\/p>\n\n\n\n<blockquote class=\"wp-block-quote is-layout-flow wp-block-quote-is-layout-flow\">\n<p><em>\u00ab\u00a0Comment pouvons-nous recevoir le Corps du Christ avec notre bouche si nous l&rsquo;avons d&rsquo;abord profan\u00e9e avec des aliments ordinaires ?\u00a0\u00bb<\/em><\/p>\n<\/blockquote>\n\n\n\n<h3 class=\"wp-block-heading\"><strong>B. Le Moyen \u00c2ge : Codification et Exceptions<\/strong><\/h3>\n\n\n\n<p>Avec le temps, la pratique fut codifi\u00e9e dans les canons eccl\u00e9siastiques. Le&nbsp;<strong>Concile de Carthage (419)<\/strong>&nbsp;puis le&nbsp;<strong>IVe Concile du Latran (1215)<\/strong>&nbsp;\u00e9tablirent le je\u00fbne&nbsp;<strong>depuis minuit<\/strong>&nbsp;comme norme universelle.<\/p>\n\n\n\n<p>Cependant, des exceptions existaient : les malades, les femmes en couches et les voyageurs pouvaient recevoir l&rsquo;Eucharistie sans je\u00fbner, montrant que&nbsp;<strong>la mis\u00e9ricorde ne se s\u00e9pare jamais de la discipline<\/strong>.<\/p>\n\n\n\n<h3 class=\"wp-block-heading\"><strong>C. Le Changement au XXe Si\u00e8cle : R\u00e9duction \u00e0 Trois, Puis Une Heure<\/strong><\/h3>\n\n\n\n<p>En 1953, le pape Pie XII r\u00e9duisit le je\u00fbne \u00e0&nbsp;<strong>trois heures<\/strong>&nbsp;avant la communion. Puis,&nbsp;<strong>Paul VI (1966)<\/strong>&nbsp;le limita \u00e0&nbsp;<strong>une heure<\/strong>, arguant que cela faciliterait la participation eucharistique dans la vie moderne.<\/p>\n\n\n\n<p>Bien que bien intentionn\u00e9e, cette r\u00e9forme&nbsp;<strong>att\u00e9nua le sens de pr\u00e9paration sacrificielle<\/strong>&nbsp;qui avait marqu\u00e9 des si\u00e8cles de spiritualit\u00e9 catholique.<\/p>\n\n\n\n<hr class=\"wp-block-separator has-alpha-channel-opacity\"\/>\n\n\n\n<h2 class=\"wp-block-heading\"><strong>3. Le Sens Th\u00e9ologique : Pourquoi le Je\u00fbne de Minuit ?<\/strong><\/h2>\n\n\n\n<p>Le je\u00fbne eucharistique n&rsquo;est pas un formalisme, mais&nbsp;<strong>une p\u00e9dagogie divine<\/strong>&nbsp;enseignant trois v\u00e9rit\u00e9s essentielles :<\/p>\n\n\n\n<h3 class=\"wp-block-heading\"><strong>A. L&rsquo;Eucharistie est la Nourriture Supr\u00eame<\/strong><\/h3>\n\n\n\n<p>En s&rsquo;abstenant de nourriture physique, le chr\u00e9tien proclame :&nbsp;<strong>\u00ab\u00a0L&rsquo;homme ne vit pas seulement de pain, mais de toute parole qui sort de la bouche de Dieu\u00a0\u00bb<\/strong>&nbsp;(Matthieu 4,4). L&rsquo;hostie est&nbsp;<strong>la vraie manne<\/strong>, sup\u00e9rieure \u00e0 toute nourriture terrestre.<\/p>\n\n\n\n<h3 class=\"wp-block-heading\"><strong>B. Cultiver la Ma\u00eetrise de Soi et l&rsquo;Attente<\/strong><\/h3>\n\n\n\n<p>Dans une culture de gratification instantan\u00e9e, le je\u00fbne rappelle que&nbsp;<strong>le sacr\u00e9 exige une pr\u00e9paration<\/strong>. Comme les vierges sages qui attendirent l&rsquo;\u00c9poux avec leur lampe (Matthieu 25), le je\u00fbne nous garde&nbsp;<strong>vigilants<\/strong>.<\/p>\n\n\n\n<h3 class=\"wp-block-heading\"><strong>C. Une Fronti\u00e8re Entre Sacr\u00e9 et Profane<\/strong><\/h3>\n\n\n\n<p>Dans un monde qui banalise le religieux, le je\u00fbne \u00e9tablit&nbsp;<strong>une distinction claire<\/strong>&nbsp;: l&rsquo;Eucharistie n&rsquo;est pas un simple rite, mais&nbsp;<strong>le Saint des Saints<\/strong>.<\/p>\n\n\n\n<hr class=\"wp-block-separator has-alpha-channel-opacity\"\/>\n\n\n\n<h2 class=\"wp-block-heading\"><strong>4. Comment Pratiquer le Je\u00fbne de Minuit Aujourd&rsquo;hui ?<\/strong><\/h2>\n\n\n\n<p>Bien que l&rsquo;\u00c9glise ne l&rsquo;exige plus,&nbsp;<strong>retrouver cette pratique peut approfondir la d\u00e9votion<\/strong>. Quelques id\u00e9es :<\/p>\n\n\n\n<ul class=\"wp-block-list\">\n<li><strong>Avant les vigiles ou les f\u00eates solennelles<\/strong>\u00a0(ex. : une premi\u00e8re communion).<\/li>\n\n\n\n<li><strong>En offrande spirituelle<\/strong>\u00a0(je\u00fbner un jour par mois pour une intention).<\/li>\n\n\n\n<li><strong>En l&rsquo;adaptant<\/strong>\u00a0(si la messe est \u00e0 midi, je\u00fbner apr\u00e8s le petit-d\u00e9jeuner).<\/li>\n<\/ul>\n\n\n\n<hr class=\"wp-block-separator has-alpha-channel-opacity\"\/>\n\n\n\n<h2 class=\"wp-block-heading\"><strong>Conclusion : Un Tr\u00e9sor \u00e0 Red\u00e9couvrir<\/strong><\/h2>\n\n\n\n<p>Le je\u00fbne de minuit n&rsquo;est pas un fardeau l\u00e9galiste, mais&nbsp;<strong>un cadeau<\/strong>&nbsp;: une mani\u00e8re tangible de dire au Christ :&nbsp;<em>\u00ab\u00a0Tu es ma premi\u00e8re nourriture.\u00a0\u00bb<\/em>&nbsp;\u00c0 une \u00e9poque o\u00f9 l&rsquo;Eucharistie est souvent re\u00e7ue avec distraction, cette pratique&nbsp;<strong>peut \u00eatre un antidote \u00e0 la routine et un chemin pour aimer davantage le Saint-Sacrement<\/strong>.<\/p>\n\n\n\n<p>Comme l&rsquo;\u00e9crivait&nbsp;<strong>Sainte M\u00e8re Teresa<\/strong>&nbsp;:<\/p>\n\n\n\n<blockquote class=\"wp-block-quote is-layout-flow wp-block-quote-is-layout-flow\">\n<p><em>\u00ab\u00a0Quand tu regardes l&rsquo;hostie, souviens-toi : J\u00e9sus a je\u00fbn\u00e9 40 jours pour toi. Ne peux-tu pas attendre quelques heures pour Lui ?\u00a0\u00bb<\/em><\/p>\n<\/blockquote>\n\n\n\n<p>Oserez-vous essayer ce je\u00fbne ? Votre foi&nbsp;<strong>n&rsquo;en sera plus jamais la m\u00eame<\/strong>.<\/p>\n\n\n\n<hr class=\"wp-block-separator has-alpha-channel-opacity\"\/>\n\n\n\n<p><strong>Qu&rsquo;en pensez-vous ?<\/strong>&nbsp;Avez-vous d\u00e9j\u00e0 pratiqu\u00e9 le je\u00fbne eucharistique ? Partagez votre exp\u00e9rience en commentaires. Grandissons ensemble dans l&rsquo;amour de l&rsquo;Eucharistie !<\/p>\n\n\n\n<p><em>[Si cet article vous a plu, partagez-le avec d&rsquo;autres catholiques cherchant \u00e0 approfondir leur foi.]<\/em><\/p>\n","protected":false},"excerpt":{"rendered":"<p>Dans un monde effr\u00e9n\u00e9 o\u00f9 le bruit constant et l&rsquo;exc\u00e8s de sensations nous d\u00e9tournent de l&rsquo;essentiel, l&rsquo;\u00c9glise catholique garde des tr\u00e9sors de sagesse asc\u00e9tique qui, loin d&rsquo;\u00eatre des reliques du pass\u00e9, sont&nbsp;des rem\u00e8des pour l&rsquo;\u00e2me moderne. Parmi ces pratiques se trouve&nbsp;le je\u00fbne de minuit, une ancienne discipline spirituelle qui, bien que m\u00e9connue aujourd&rsquo;hui, fut pendant &hellip;<\/p>\n","protected":false},"author":3,"featured_media":3256,"comment_status":"open","ping_status":"open","sticky":false,"template":"","format":"standard","meta":{"_seopress_robots_primary_cat":"","_seopress_titles_title":"","_seopress_titles_desc":"","_seopress_robots_index":"","footnotes":""},"categories":[59,40],"tags":[953],"class_list":["post-3255","post","type-post","status-publish","format-standard","has-post-thumbnail","","category-eucharistie-et-adoration","category-priere-et-spiritualite","tag-jeune-de-minuit"],"_links":{"self":[{"href":"https:\/\/catholicus.eu\/fr\/wp-json\/wp\/v2\/posts\/3255","targetHints":{"allow":["GET"]}}],"collection":[{"href":"https:\/\/catholicus.eu\/fr\/wp-json\/wp\/v2\/posts"}],"about":[{"href":"https:\/\/catholicus.eu\/fr\/wp-json\/wp\/v2\/types\/post"}],"author":[{"embeddable":true,"href":"https:\/\/catholicus.eu\/fr\/wp-json\/wp\/v2\/users\/3"}],"replies":[{"embeddable":true,"href":"https:\/\/catholicus.eu\/fr\/wp-json\/wp\/v2\/comments?post=3255"}],"version-history":[{"count":1,"href":"https:\/\/catholicus.eu\/fr\/wp-json\/wp\/v2\/posts\/3255\/revisions"}],"predecessor-version":[{"id":3257,"href":"https:\/\/catholicus.eu\/fr\/wp-json\/wp\/v2\/posts\/3255\/revisions\/3257"}],"wp:featuredmedia":[{"embeddable":true,"href":"https:\/\/catholicus.eu\/fr\/wp-json\/wp\/v2\/media\/3256"}],"wp:attachment":[{"href":"https:\/\/catholicus.eu\/fr\/wp-json\/wp\/v2\/media?parent=3255"}],"wp:term":[{"taxonomy":"category","embeddable":true,"href":"https:\/\/catholicus.eu\/fr\/wp-json\/wp\/v2\/categories?post=3255"},{"taxonomy":"post_tag","embeddable":true,"href":"https:\/\/catholicus.eu\/fr\/wp-json\/wp\/v2\/tags?post=3255"}],"curies":[{"name":"wp","href":"https:\/\/api.w.org\/{rel}","templated":true}]}}