{"id":3249,"date":"2025-04-06T21:08:56","date_gmt":"2025-04-06T19:08:56","guid":{"rendered":"https:\/\/catholicus.eu\/fr\/?p=3249"},"modified":"2025-04-06T21:08:56","modified_gmt":"2025-04-06T19:08:56","slug":"que-celui-qui-na-jamais-peche-lui-jette-la-premiere-pierre-une-lecon-de-misericorde-dans-un-monde-de-jugement","status":"publish","type":"post","link":"https:\/\/catholicus.eu\/fr\/que-celui-qui-na-jamais-peche-lui-jette-la-premiere-pierre-une-lecon-de-misericorde-dans-un-monde-de-jugement\/","title":{"rendered":"\u00ab\u00a0Que celui qui n&rsquo;a jamais p\u00e9ch\u00e9 lui jette la premi\u00e8re pierre\u00a0\u00bb : Une le\u00e7on de mis\u00e9ricorde dans un monde de jugement"},"content":{"rendered":"\n<p><em>\u00ab\u00a0Nous portons tous une pierre dans la main, mais le Christ nous invite \u00e0 la laisser tomber.\u00a0\u00bb<\/em><\/p>\n\n\n\n<p>Dans un monde hyperconnect\u00e9 o\u00f9 les r\u00e9seaux sociaux sont devenus un tribunal virtuel et o\u00f9 les opinions fusent comme des pierres tranchantes, les paroles de J\u00e9sus r\u00e9sonnent avec une force proph\u00e9tique :&nbsp;<em>\u00ab\u00a0Que celui qui n&rsquo;a jamais p\u00e9ch\u00e9 lui jette la premi\u00e8re pierre\u00a0\u00bb<\/em>&nbsp;(Jean 8,7).<\/p>\n\n\n\n<p>Cette phrase, prononc\u00e9e il y a plus de deux mille ans, n&rsquo;est pas simplement un \u00e9pisode \u00e9vang\u00e9lique parmi d&rsquo;autres, mais un appel radical \u00e0 l&rsquo;humilit\u00e9, \u00e0 la mis\u00e9ricorde et \u00e0 l&rsquo;examen de conscience. Dans cet article, nous explorerons son origine, sa signification th\u00e9ologique et son application urgente dans notre soci\u00e9t\u00e9 actuelle, o\u00f9 les jugements h\u00e2tifs et les condamnations publiques semblent \u00eatre devenus la norme.<\/p>\n\n\n\n<hr class=\"wp-block-separator has-alpha-channel-opacity\"\/>\n\n\n\n<h2 class=\"wp-block-heading\"><strong>1. Le contexte historique et biblique : Un pi\u00e8ge pour J\u00e9sus<\/strong><\/h2>\n\n\n\n<p>Le r\u00e9cit de&nbsp;<em>la femme adult\u00e8re<\/em>&nbsp;(Jean 8,1-11) est l&rsquo;un des passages les plus \u00e9mouvants de l&rsquo;\u00c9vangile. Les pharisiens et les scribes am\u00e8nent \u00e0 J\u00e9sus une femme surprise en adult\u00e8re &#8211; un crime puni de lapidation selon la Loi de Mo\u00efse (L\u00e9vitique 20,10).<\/p>\n\n\n\n<p>Mais leur intention n&rsquo;\u00e9tait pas de faire justice, mais de&nbsp;<strong>pi\u00e9ger J\u00e9sus<\/strong>&nbsp;:<\/p>\n\n\n\n<ul class=\"wp-block-list\">\n<li><strong>S&rsquo;il la pardonnait<\/strong>, ils pourraient l&rsquo;accuser de violer la Loi.<\/li>\n\n\n\n<li><strong>S&rsquo;il la condamnait<\/strong>, il trahirait son message de mis\u00e9ricorde et s&rsquo;exposerait aux autorit\u00e9s romaines (qui se r\u00e9servaient le droit d&rsquo;ex\u00e9cution).<\/li>\n<\/ul>\n\n\n\n<p>J\u00e9sus, connaissant leurs c\u0153urs, ne tombe pas dans le pi\u00e8ge. Au lieu de r\u00e9pondre imm\u00e9diatement,&nbsp;<strong>il se baisse et \u00e9crit sur le sol<\/strong>&nbsp;(un geste myst\u00e9rieux que certains P\u00e8res de l&rsquo;\u00c9glise interpr\u00e8tent comme une allusion \u00e0 J\u00e9r\u00e9mie 17,13 :&nbsp;<em>\u00ab\u00a0Ceux qui s&rsquo;\u00e9loignent de toi seront \u00e9crits sur la poussi\u00e8re\u00a0\u00bb<\/em>).<\/p>\n\n\n\n<p>Finalement, il prononce ces paroles qui changent tout :<\/p>\n\n\n\n<blockquote class=\"wp-block-quote is-layout-flow wp-block-quote-is-layout-flow\">\n<p><em>\u00ab\u00a0Que celui qui n&rsquo;a jamais p\u00e9ch\u00e9 lui jette la premi\u00e8re pierre.\u00a0\u00bb<\/em>&nbsp;(Jean 8,7)<\/p>\n<\/blockquote>\n\n\n\n<p>Un \u00e0 un, les accusateurs s&rsquo;\u00e9loignent, en commen\u00e7ant par les plus \u00e2g\u00e9s (peut-\u00eatre les plus conscients de leurs propres fautes).<\/p>\n\n\n\n<hr class=\"wp-block-separator has-alpha-channel-opacity\"\/>\n\n\n\n<h2 class=\"wp-block-heading\"><strong>2. La signification th\u00e9ologique : Mis\u00e9ricorde contre justice l\u00e9galiste<\/strong><\/h2>\n\n\n\n<p>Ce passage r\u00e9v\u00e8le plusieurs v\u00e9rit\u00e9s fondamentales du christianisme :<\/p>\n\n\n\n<h3 class=\"wp-block-heading\"><strong>A) L&rsquo;hypocrisie du jugement humain<\/strong><\/h3>\n\n\n\n<p>Les pharisiens repr\u00e9sentent la&nbsp;<strong>religion sans c\u0153ur<\/strong>, l&rsquo;ob\u00e9issance froide \u00e0 la loi sans amour du prochain. J\u00e9sus ne nie pas le p\u00e9ch\u00e9 de la femme, mais il expose la&nbsp;<strong>double morale<\/strong>&nbsp;de ceux qui l&rsquo;accusent.<\/p>\n\n\n\n<h3 class=\"wp-block-heading\"><strong>B) La primaut\u00e9 de la mis\u00e9ricorde<\/strong><\/h3>\n\n\n\n<p>J\u00e9sus ne justifie pas l&rsquo;adult\u00e8re, mais il ne condamne pas non plus la femme. Au contraire, il lui dit :&nbsp;<em>\u00ab\u00a0Va, et ne p\u00e8che plus\u00a0\u00bb<\/em>&nbsp;(Jean 8,11).&nbsp;<strong>Dieu ne nous absout pas pour que nous restions les m\u00eames, mais pour que nous changions.<\/strong><\/p>\n\n\n\n<h3 class=\"wp-block-heading\"><strong>C) Nous sommes tous p\u00e9cheurs ayant besoin de pardon<\/strong><\/h3>\n\n\n\n<p>Saint Paul le r\u00e9sume dans Romains 3,23 :&nbsp;<em>\u00ab\u00a0Tous ont p\u00e9ch\u00e9 et sont priv\u00e9s de la gloire de Dieu.\u00a0\u00bb<\/em>&nbsp;Personne n&rsquo;a le droit de s&rsquo;\u00e9riger en juge supr\u00eame, car nous avons tous failli.<\/p>\n\n\n\n<hr class=\"wp-block-separator has-alpha-channel-opacity\"\/>\n\n\n\n<h2 class=\"wp-block-heading\"><strong>3. L&rsquo;actualit\u00e9 du message : Pierres virtuelles et culture de l&rsquo;annulation<\/strong><\/h2>\n\n\n\n<p>Aujourd&rsquo;hui, ce r\u00e9cit est plus pertinent que jamais. Nous vivons \u00e0 une \u00e9poque de :<\/p>\n\n\n\n<ul class=\"wp-block-list\">\n<li><strong>Tribunaux d&rsquo;opinion sur les r\u00e9seaux sociaux<\/strong>, o\u00f9 l&rsquo;on juge et condamne sans droit de d\u00e9fense.<\/li>\n\n\n\n<li><strong>Culture de l&rsquo;annulation<\/strong>, o\u00f9 une erreur pass\u00e9e peut valoir une exclusion perp\u00e9tuelle.<\/li>\n\n\n\n<li><strong>Pharisa\u00efsme moderne<\/strong>\u00a0: des personnes qui pointent du doigt les p\u00e9ch\u00e9s des autres tout en ignorant les leurs.<\/li>\n<\/ul>\n\n\n\n<p>J\u00e9sus ne nous appelle pas \u00e0 \u00eatre indiff\u00e9rents au mal, mais \u00e0&nbsp;<strong>corriger avec charit\u00e9<\/strong>&nbsp;(Matthieu 18,15). Avant de signaler le p\u00e9ch\u00e9 de l&rsquo;autre, nous devons examiner notre conscience.<\/p>\n\n\n\n<hr class=\"wp-block-separator has-alpha-channel-opacity\"\/>\n\n\n\n<h2 class=\"wp-block-heading\"><strong>4. Comment appliquer cette le\u00e7on dans notre vie ?<\/strong><\/h2>\n\n\n\n<h3 class=\"wp-block-heading\"><strong>\u2714\ufe0f Laissez tomber votre pierre<\/strong><\/h3>\n\n\n\n<p>\u00cates-vous prompt \u00e0 critiquer ? Participez-vous \u00e0 des comm\u00e9rages ou \u00e0 des jugements t\u00e9m\u00e9raires ? Rappelez-vous :&nbsp;<em>\u00ab\u00a0Ne jugez pas, afin de n&rsquo;\u00eatre pas jug\u00e9s\u00a0\u00bb<\/em>&nbsp;(Matthieu 7,1).<\/p>\n\n\n\n<h3 class=\"wp-block-heading\"><strong>\u2714\ufe0f Transformez la condamnation en compassion<\/strong><\/h3>\n\n\n\n<p>Au lieu de d\u00e9truire le p\u00e9cheur, priez pour lui et aidez-le \u00e0 se relever, comme J\u00e9sus l&rsquo;a fait avec la femme adult\u00e8re.<\/p>\n\n\n\n<h3 class=\"wp-block-heading\"><strong>\u2714\ufe0f Vivez la mis\u00e9ricorde en action<\/strong><\/h3>\n\n\n\n<p>Le pape Fran\u00e7ois, dans&nbsp;<em>Misericordiae Vultus<\/em>, nous rappelle :&nbsp;<em>\u00ab\u00a0La mis\u00e9ricorde est la loi fondamentale qui habite dans le c\u0153ur de chaque personne.\u00a0\u00bb<\/em>&nbsp;Pratiquez le pardon, la patience et l&rsquo;humilit\u00e9.<\/p>\n\n\n\n<hr class=\"wp-block-separator has-alpha-channel-opacity\"\/>\n\n\n\n<h2 class=\"wp-block-heading\"><strong>Conclusion : Un monde sans pierres est possible<\/strong><\/h2>\n\n\n\n<p>J\u00e9sus n&rsquo;est pas venu abolir la loi, mais l&rsquo;accomplir dans l&rsquo;amour (Matthieu 5,17). Sa r\u00e9ponse aux pharisiens n&rsquo;\u00e9tait pas une excuse pour le p\u00e9ch\u00e9, mais une invitation \u00e0&nbsp;<strong>nous regarder d&rsquo;abord dans le miroir de notre \u00e2me<\/strong>.<\/p>\n\n\n\n<p>Aujourd&rsquo;hui, lorsque vous sentez la tentation de lancer une pierre &#8211; par des mots, des jugements ou de la ranc\u0153ur &#8211; souvenez-vous :&nbsp;<strong>le Christ a d\u00e9j\u00e0 \u00e9crit vos fautes dans la poussi\u00e8re&#8230; et pourtant, il vous offre encore son pardon.<\/strong><\/p>\n\n\n\n<blockquote class=\"wp-block-quote is-layout-flow wp-block-quote-is-layout-flow\">\n<p><em>\u00ab\u00a0Seigneur, apprends-moi \u00e0 \u00eatre un instrument de ta mis\u00e9ricorde, et non un juge de mes fr\u00e8res et s\u0153urs.\u00a0\u00bb<\/em>&nbsp;\ud83d\ude4f<\/p>\n<\/blockquote>\n\n\n\n<p><strong>Et vous ? \u00cates-vous pr\u00eat \u00e0 l\u00e2cher votre pierre ?<\/strong><\/p>\n","protected":false},"excerpt":{"rendered":"<p>\u00ab\u00a0Nous portons tous une pierre dans la main, mais le Christ nous invite \u00e0 la laisser tomber.\u00a0\u00bb Dans un monde hyperconnect\u00e9 o\u00f9 les r\u00e9seaux sociaux sont devenus un tribunal virtuel et o\u00f9 les opinions fusent comme des pierres tranchantes, les paroles de J\u00e9sus r\u00e9sonnent avec une force proph\u00e9tique :&nbsp;\u00ab\u00a0Que celui qui n&rsquo;a jamais p\u00e9ch\u00e9 lui &hellip;<\/p>\n","protected":false},"author":3,"featured_media":3250,"comment_status":"open","ping_status":"open","sticky":false,"template":"","format":"standard","meta":{"_seopress_robots_primary_cat":"","_seopress_titles_title":"","_seopress_titles_desc":"","_seopress_robots_index":"","footnotes":""},"categories":[37,45],"tags":[951],"class_list":["post-3249","post","type-post","status-publish","format-standard","has-post-thumbnail","","category-doctrine-et-foi","category-saintes-ecritures","tag-la-femme-adultere"],"_links":{"self":[{"href":"https:\/\/catholicus.eu\/fr\/wp-json\/wp\/v2\/posts\/3249","targetHints":{"allow":["GET"]}}],"collection":[{"href":"https:\/\/catholicus.eu\/fr\/wp-json\/wp\/v2\/posts"}],"about":[{"href":"https:\/\/catholicus.eu\/fr\/wp-json\/wp\/v2\/types\/post"}],"author":[{"embeddable":true,"href":"https:\/\/catholicus.eu\/fr\/wp-json\/wp\/v2\/users\/3"}],"replies":[{"embeddable":true,"href":"https:\/\/catholicus.eu\/fr\/wp-json\/wp\/v2\/comments?post=3249"}],"version-history":[{"count":1,"href":"https:\/\/catholicus.eu\/fr\/wp-json\/wp\/v2\/posts\/3249\/revisions"}],"predecessor-version":[{"id":3251,"href":"https:\/\/catholicus.eu\/fr\/wp-json\/wp\/v2\/posts\/3249\/revisions\/3251"}],"wp:featuredmedia":[{"embeddable":true,"href":"https:\/\/catholicus.eu\/fr\/wp-json\/wp\/v2\/media\/3250"}],"wp:attachment":[{"href":"https:\/\/catholicus.eu\/fr\/wp-json\/wp\/v2\/media?parent=3249"}],"wp:term":[{"taxonomy":"category","embeddable":true,"href":"https:\/\/catholicus.eu\/fr\/wp-json\/wp\/v2\/categories?post=3249"},{"taxonomy":"post_tag","embeddable":true,"href":"https:\/\/catholicus.eu\/fr\/wp-json\/wp\/v2\/tags?post=3249"}],"curies":[{"name":"wp","href":"https:\/\/api.w.org\/{rel}","templated":true}]}}