{"id":3246,"date":"2025-04-06T15:20:15","date_gmt":"2025-04-06T13:20:15","guid":{"rendered":"https:\/\/catholicus.eu\/fr\/?p=3246"},"modified":"2025-04-06T15:20:15","modified_gmt":"2025-04-06T13:20:15","slug":"priere-pour-les-enfants-egares-supplication-dune-mere-desesperee","status":"publish","type":"post","link":"https:\/\/catholicus.eu\/fr\/priere-pour-les-enfants-egares-supplication-dune-mere-desesperee\/","title":{"rendered":"Pri\u00e8re pour les Enfants \u00c9gar\u00e9s : Supplication d&rsquo;une M\u00e8re D\u00e9sesp\u00e9r\u00e9e"},"content":{"rendered":"\n<p><strong>Introduction<\/strong><br>Rien ne brise plus le c\u0153ur d&rsquo;une m\u00e8re que de voir son enfant s&rsquo;\u00e9loigner de Dieu, se perdre dans le monde ou tomber dans les vices et les mauvaises fr\u00e9quentations. Sainte Monique pleura pendant des ann\u00e9es pour la conversion de son fils Augustin (le futur grand Saint Augustin), et sa pers\u00e9v\u00e9rance fut r\u00e9compens\u00e9e. Cette pri\u00e8re est pour ces m\u00e8res courageuses qui, entre larmes et esp\u00e9rance, ne cessent de combattre pour l&rsquo;\u00e2me de leurs enfants.<\/p>\n\n\n\n<blockquote class=\"wp-block-quote is-layout-flow wp-block-quote-is-layout-flow\">\n<p><em>\u00ab\u00a0La pri\u00e8re fervente du juste a une grande efficacit\u00e9\u00a0\u00bb<\/em>&nbsp;(Jacques 5,16).<\/p>\n<\/blockquote>\n\n\n\n<hr class=\"wp-block-separator has-alpha-channel-opacity\"\/>\n\n\n\n<h3 class=\"wp-block-heading\"><strong>Pri\u00e8re pour un Enfant \u00c9gar\u00e9<\/strong><\/h3>\n\n\n\n<p><strong>\u271d\ufe0f Au Nom du P\u00e8re, et du Fils, et du Saint-Esprit. Amen.<\/strong><\/p>\n\n\n\n<p>*\u00ab\u00d4 Dieu de Mis\u00e9ricorde !<br>Toi qui as entendu les larmes de Sainte Monique,<br>\u00e9coute aujourd&rsquo;hui le cri de mon c\u0153ur angoiss\u00e9.<br>Je Te pr\u00e9sente mon enfant, [dire son nom],<br>qui s&rsquo;est \u00e9loign\u00e9(e) de Tes chemins.<\/p>\n\n\n\n<p>Vierge Marie, M\u00e8re Douloureuse,<br>qui as souffert pour Ton Fils J\u00e9sus,<br>couvre mon enfant de ton manteau protecteur.<br>Tire-le(la) des t\u00e9n\u00e8bres,<br>garde-le(la) de tout mal,<br>et ram\u00e8ne-le(la) \u00e0 la Maison du P\u00e8re.<\/p>\n\n\n\n<p>Saint Michel Archange,<br>d\u00e9fends-le(la) dans le combat spirituel.<br>Saint Joseph, mod\u00e8le de paternit\u00e9,<br>interc\u00e8de pour sa conversion.<br>Sainte Monique,<br>apprends-moi \u00e0 prier avec ta m\u00eame foi et patience.<\/p>\n\n\n\n<p>Seigneur, touche son c\u0153ur,<br>brise ses cha\u00eenes,<br>et attire-le(la) \u00e0 Toi<br>avant qu&rsquo;il ne soit trop tard.<br>Que ma souffrance soit la semence<br>de son salut.<\/p>\n\n\n\n<p>Je Te le(la) confie,<br>je Te le(la) remets,<br>je Te le(la) consacre.<br>Amen.\u00bb*<\/p>\n\n\n\n<hr class=\"wp-block-separator has-alpha-channel-opacity\"\/>\n\n\n\n<h3 class=\"wp-block-heading\"><strong>R\u00e9flexion Spirituelle<\/strong><\/h3>\n\n\n\n<ol start=\"1\" class=\"wp-block-list\">\n<li><strong>Vous n&rsquo;\u00eates pas seule<\/strong>\u00a0&#8211; Sainte Monique pria pendant\u00a0<strong>17 ans<\/strong>\u00a0pour Augustin, et Dieu accorda non seulement sa conversion mais un grand saint. Vos pri\u00e8res sont tout aussi puissantes.<\/li>\n\n\n\n<li><strong>Offrez des sacrifices<\/strong>\u00a0&#8211; Au-del\u00e0 de la pri\u00e8re, offrez de petits sacrifices (je\u00fbnes, renoncements) pour la conversion de votre enfant.<\/li>\n\n\n\n<li><strong>Confiez-vous \u00e0 la Divine Mis\u00e9ricorde<\/strong>\u00a0&#8211; J\u00e9sus dit \u00e0 Sainte Faustine :\u00a0<em>\u00ab\u00a0Plus le p\u00e9cheur est grand, plus il a droit \u00e0 Ma mis\u00e9ricorde.\u00a0\u00bb<\/em><\/li>\n<\/ol>\n\n\n\n<hr class=\"wp-block-separator has-alpha-channel-opacity\"\/>\n\n\n\n<h3 class=\"wp-block-heading\"><strong>Conseils Pratiques<\/strong><\/h3>\n\n\n\n<ul class=\"wp-block-list\">\n<li><strong>Inscrivez son nom<\/strong>\u00a0dans le Livre des Intentions d&rsquo;un sanctuaire marial (ex : Lourdes, Fatima).<\/li>\n\n\n\n<li><strong>Allumez une bougie<\/strong>\u00a0devant une image de\u00a0<em>Notre-Dame du Perp\u00e9tuel Secours<\/em>\u00a0(avocate des cas difficiles).<\/li>\n\n\n\n<li><strong>Ne cessez jamais de montrer de l&rsquo;amour<\/strong>, m\u00eame s&rsquo;il(elle) est distant(e). La haine ne convertit pas ; l&rsquo;amour, si.<\/li>\n<\/ul>\n\n\n\n<hr class=\"wp-block-separator has-alpha-channel-opacity\"\/>\n\n\n\n<h3 class=\"wp-block-heading\"><strong>Conclusion<\/strong><\/h3>\n\n\n\n<p>M\u00e8re, votre enfant&nbsp;<strong>n&rsquo;est pas perdu(e)<\/strong>&nbsp;pour Dieu. Comme l&rsquo;enfant prodigue, il(elle) peut revenir. Continuez \u00e0 r\u00e9citer cette pri\u00e8re avec foi, surtout aux dates cl\u00e9s :<\/p>\n\n\n\n<ul class=\"wp-block-list\">\n<li>Son anniversaire<\/li>\n\n\n\n<li>Le jour de son Bapt\u00eame<\/li>\n\n\n\n<li>Les f\u00eates de la Vierge Marie<\/li>\n<\/ul>\n\n\n\n<p><strong>\u00ab\u00a0Dieu ne rejette pas un c\u0153ur qui souffre et qui esp\u00e8re\u00a0\u00bb<\/strong>&nbsp;&#8211; Saint Padre Pio<\/p>\n\n\n\n<hr class=\"wp-block-separator has-alpha-channel-opacity\"\/>\n\n\n\n<p><strong>Que la Vierge Marie vous fortifie et que Saint Joseph garde votre famille.<\/strong>&nbsp;\ud83c\udf39\u271d\ufe0f<\/p>\n","protected":false},"excerpt":{"rendered":"<p>IntroductionRien ne brise plus le c\u0153ur d&rsquo;une m\u00e8re que de voir son enfant s&rsquo;\u00e9loigner de Dieu, se perdre dans le monde ou tomber dans les vices et les mauvaises fr\u00e9quentations. Sainte Monique pleura pendant des ann\u00e9es pour la conversion de son fils Augustin (le futur grand Saint Augustin), et sa pers\u00e9v\u00e9rance fut r\u00e9compens\u00e9e. Cette pri\u00e8re &hellip;<\/p>\n","protected":false},"author":3,"featured_media":3247,"comment_status":"open","ping_status":"open","sticky":false,"template":"","format":"standard","meta":{"_seopress_robots_primary_cat":"","_seopress_titles_title":"","_seopress_titles_desc":"","_seopress_robots_index":"","footnotes":""},"categories":[40,58],"tags":[950],"class_list":["post-3246","post","type-post","status-publish","format-standard","has-post-thumbnail","","category-priere-et-spiritualite","category-priere-et-vie-spirituelle","tag-priere-pour-les-enfants"],"_links":{"self":[{"href":"https:\/\/catholicus.eu\/fr\/wp-json\/wp\/v2\/posts\/3246","targetHints":{"allow":["GET"]}}],"collection":[{"href":"https:\/\/catholicus.eu\/fr\/wp-json\/wp\/v2\/posts"}],"about":[{"href":"https:\/\/catholicus.eu\/fr\/wp-json\/wp\/v2\/types\/post"}],"author":[{"embeddable":true,"href":"https:\/\/catholicus.eu\/fr\/wp-json\/wp\/v2\/users\/3"}],"replies":[{"embeddable":true,"href":"https:\/\/catholicus.eu\/fr\/wp-json\/wp\/v2\/comments?post=3246"}],"version-history":[{"count":1,"href":"https:\/\/catholicus.eu\/fr\/wp-json\/wp\/v2\/posts\/3246\/revisions"}],"predecessor-version":[{"id":3248,"href":"https:\/\/catholicus.eu\/fr\/wp-json\/wp\/v2\/posts\/3246\/revisions\/3248"}],"wp:featuredmedia":[{"embeddable":true,"href":"https:\/\/catholicus.eu\/fr\/wp-json\/wp\/v2\/media\/3247"}],"wp:attachment":[{"href":"https:\/\/catholicus.eu\/fr\/wp-json\/wp\/v2\/media?parent=3246"}],"wp:term":[{"taxonomy":"category","embeddable":true,"href":"https:\/\/catholicus.eu\/fr\/wp-json\/wp\/v2\/categories?post=3246"},{"taxonomy":"post_tag","embeddable":true,"href":"https:\/\/catholicus.eu\/fr\/wp-json\/wp\/v2\/tags?post=3246"}],"curies":[{"name":"wp","href":"https:\/\/api.w.org\/{rel}","templated":true}]}}