{"id":3243,"date":"2025-04-06T14:50:11","date_gmt":"2025-04-06T12:50:11","guid":{"rendered":"https:\/\/catholicus.eu\/fr\/?p=3243"},"modified":"2025-04-06T14:50:11","modified_gmt":"2025-04-06T12:50:11","slug":"la-communion-spirituelle-quand-lame-recoit-meme-si-les-levres-ne-le-font-pas","status":"publish","type":"post","link":"https:\/\/catholicus.eu\/fr\/la-communion-spirituelle-quand-lame-recoit-meme-si-les-levres-ne-le-font-pas\/","title":{"rendered":"La Communion Spirituelle : Quand l\u2019\u00e2me re\u00e7oit m\u00eame si les l\u00e8vres ne le font pas"},"content":{"rendered":"\n<h3 class=\"wp-block-heading\"><strong>Introduction : Un d\u00e9sir qui touche le Ciel<\/strong><\/h3>\n\n\n\n<p>Au c\u0153ur de la vie chr\u00e9tienne se trouve l\u2019Eucharistie : le Corps, le Sang, l\u2019\u00c2me et la Divinit\u00e9 de notre Seigneur J\u00e9sus-Christ, offert par amour \u00e0 chaque Sainte Messe. Mais que se passe-t-il lorsqu\u2019une \u00e2me d\u00e9sire ardemment recevoir J\u00e9sus dans le Saint-Sacrement, sans pouvoir le faire physiquement ? Est-elle priv\u00e9e de cette gr\u00e2ce ?<br>C\u2019est ici qu\u2019entre en lumi\u00e8re l\u2019une des pratiques les plus belles, les plus anciennes et pourtant souvent oubli\u00e9es de la spiritualit\u00e9 chr\u00e9tienne : <strong>la Communion spirituelle<\/strong>.<\/p>\n\n\n\n<p>Dans un monde marqu\u00e9 par la pr\u00e9cipitation, les restrictions, la distance physique, et parfois l\u2019impossibilit\u00e9 d\u2019assister \u00e0 la messe \u2014 en raison de maladie, de pers\u00e9cution, d\u2019isolement ou de circonstances exceptionnelles comme la pand\u00e9mie \u2014 la Communion spirituelle rena\u00eet avec force comme un <strong>pont invisible d\u2019amour entre l\u2019\u00e2me et son Dieu<\/strong>.<\/p>\n\n\n\n<hr class=\"wp-block-separator has-alpha-channel-opacity\"\/>\n\n\n\n<h3 class=\"wp-block-heading\"><strong>Qu\u2019est-ce que la Communion spirituelle ?<\/strong><\/h3>\n\n\n\n<p>La Communion spirituelle est un <strong>acte de d\u00e9sir profond et sinc\u00e8re<\/strong> de recevoir J\u00e9sus dans l\u2019Eucharistie, lorsque cela n\u2019est pas possible sacramentellement. Elle ne remplace pas la Communion sacramentelle, mais <strong>dispose l\u2019\u00e2me \u00e0 recevoir de nombreuses gr\u00e2ces<\/strong>, et l\u2019unit intimement au Christ.<\/p>\n\n\n\n<p>Saint Thomas d\u2019Aquin, le Docteur Ang\u00e9lique, enseignait que <strong>la Communion spirituelle est une mani\u00e8re v\u00e9ritable de recevoir le Christ<\/strong>, m\u00eame si l\u2019Hostie consacr\u00e9e n\u2019est pas physiquement re\u00e7ue. C\u2019est un acte d\u2019amour qui jaillit du c\u0153ur, un cri de l\u2019\u00e2me qui dit : \u00ab Seigneur, je ne peux pas Te recevoir \u00e0 l\u2019autel, mais je Te d\u00e9sire plus que tout au monde. \u00bb<\/p>\n\n\n\n<hr class=\"wp-block-separator has-alpha-channel-opacity\"\/>\n\n\n\n<h3 class=\"wp-block-heading\"><strong>Origines et d\u00e9veloppement historique<\/strong><\/h3>\n\n\n\n<p>La pratique de la Communion spirituelle a des racines tr\u00e8s anciennes dans la vie de l\u2019\u00c9glise. Bien qu\u2019elle n\u2019ait pas \u00e9t\u00e9 institutionnalis\u00e9e dans les premiers si\u00e8cles comme la Communion sacramentelle, <strong>l\u2019id\u00e9e de s\u2019unir spirituellement au Christ<\/strong> est pr\u00e9sente d\u00e8s les P\u00e8res de l\u2019\u00c9glise.<\/p>\n\n\n\n<p>Au IV\u1d49 si\u00e8cle, saint Ambroise encourageait d\u00e9j\u00e0 ceux qui ne pouvaient pas s\u2019approcher de l\u2019autel \u00e0 le faire <strong>avec foi et ferveur dans leur c\u0153ur<\/strong>. Plus tard, des saints comme saint Augustin parlaient d\u2019une \u201ccommunion de d\u00e9sir\u201d, comprise comme l\u2019intention sinc\u00e8re de recevoir J\u00e9sus.<\/p>\n\n\n\n<p>Mais c\u2019est au Moyen \u00c2ge, notamment gr\u00e2ce \u00e0 <strong>saint Thomas d\u2019Aquin<\/strong>, que cette doctrine est clarifi\u00e9e. Il enseignait que tout comme il existe un bapt\u00eame de d\u00e9sir pour ceux qui ne peuvent recevoir le sacrement, <strong>il existe aussi une communion de d\u00e9sir<\/strong>. Cette pens\u00e9e fut ensuite reprise et promue par de grands mystiques et th\u00e9ologiens.<\/p>\n\n\n\n<p>Au XVI\u1d49 si\u00e8cle, au moment de la R\u00e9forme protestante, <strong>le Concile de Trente a r\u00e9affirm\u00e9 la Pr\u00e9sence r\u00e9elle du Christ dans l\u2019Eucharistie<\/strong> et soulign\u00e9 l\u2019importance du d\u00e9sir fervent de s\u2019unir \u00e0 Lui. La Communion spirituelle fut alors confirm\u00e9e comme une pratique pieuse et b\u00e9n\u00e9fique.<\/p>\n\n\n\n<p>Aux si\u00e8cles suivants, des saints comme <strong>sainte Th\u00e9r\u00e8se d\u2019Avila, saint Alphonse de Liguori, saint Fran\u00e7ois de Sales et le saint cur\u00e9 d\u2019Ars<\/strong> la promurent activement. Sainte Th\u00e9r\u00e8se disait :<\/p>\n\n\n\n<blockquote class=\"wp-block-quote is-layout-flow wp-block-quote-is-layout-flow\">\n<p>\u00ab Quand tu ne communies pas et que tu n\u2019assistes pas \u00e0 la messe, tu peux faire une Communion spirituelle, qui est tr\u00e8s b\u00e9n\u00e9fique ; dans ce type de communion, l\u2019amour de Notre Seigneur s\u2019imprime puissamment dans l\u2019\u00e2me. \u00bb<\/p>\n<\/blockquote>\n\n\n\n<hr class=\"wp-block-separator has-alpha-channel-opacity\"\/>\n\n\n\n<h3 class=\"wp-block-heading\"><strong>La valeur spirituelle de la Communion spirituelle<\/strong><\/h3>\n\n\n\n<p>Certains pourraient se demander : \u00ab \u00c0 quoi bon faire une Communion spirituelle si je ne re\u00e7ois pas r\u00e9ellement le Corps du Christ ? \u00bb La r\u00e9ponse est profond\u00e9ment consolante.<\/p>\n\n\n\n<p>M\u00eame si le Christ n\u2019est pas re\u00e7u sacramentellement, <strong>une v\u00e9ritable effusion de gr\u00e2ces peut \u00eatre donn\u00e9e<\/strong>, en proportion de la foi, de l\u2019amour et du d\u00e9sir avec lesquels l\u2019acte est accompli. <strong>Dieu ne se laisse jamais vaincre en g\u00e9n\u00e9rosit\u00e9<\/strong>, et Il r\u00e9pond avec tendresse \u00e0 un c\u0153ur qui Le d\u00e9sire.<\/p>\n\n\n\n<p>L\u2019\u00e2me qui fait une Communion spirituelle avec humilit\u00e9, ferveur et amour sinc\u00e8re <strong>est transform\u00e9e int\u00e9rieurement<\/strong>, et s\u2019unit au Christ de mani\u00e8re mystique mais r\u00e9elle. Cet acte peut enflammer la charit\u00e9, raviver la ferveur, renforcer la foi et porter des fruits abondants dans la vie spirituelle.<\/p>\n\n\n\n<p>Saint Jean-Paul II, dans son encyclique <em>Ecclesia de Eucharistia<\/em>, rappelait que \u00ab la Communion spirituelle, si ch\u00e8re \u00e0 la tradition de l\u2019\u00c9glise, peut et doit \u00eatre encourag\u00e9e \u00bb. Et le pape Beno\u00eet XVI affirmait que cette pratique \u00ab nous aide \u00e0 rester unis au Christ, m\u00eame quand nous ne pouvons pas nous approcher de l\u2019autel \u00bb.<\/p>\n\n\n\n<hr class=\"wp-block-separator has-alpha-channel-opacity\"\/>\n\n\n\n<h3 class=\"wp-block-heading\"><strong>Quand faire une Communion spirituelle ?<\/strong><\/h3>\n\n\n\n<p>La beaut\u00e9 de la Communion spirituelle r\u00e9side dans le fait qu\u2019<strong>elle peut \u00eatre faite \u00e0 tout moment<\/strong>. Bien qu\u2019elle soit particuli\u00e8rement recommand\u00e9e lorsqu\u2019on assiste \u00e0 la messe sans pouvoir communier (en \u00e9tat de p\u00e9ch\u00e9 grave, sans avoir je\u00fbn\u00e9, avant la Premi\u00e8re Communion, etc.), elle peut aussi \u00eatre faite <strong>plusieurs fois par jour<\/strong>, en tout lieu et en toute situation.<\/p>\n\n\n\n<p>Moments propices :<\/p>\n\n\n\n<ul class=\"wp-block-list\">\n<li>Pendant l\u2019adoration eucharistique.<\/li>\n\n\n\n<li>En suivant une messe \u00e0 la t\u00e9l\u00e9vision ou en ligne.<\/li>\n\n\n\n<li>En passant devant une \u00e9glise ferm\u00e9e.<\/li>\n\n\n\n<li>En temps de maladie, de solitude ou de pers\u00e9cution.<\/li>\n\n\n\n<li>Pendant les p\u00e9riodes de je\u00fbne eucharistique ou de p\u00e9nitence volontaire.<\/li>\n<\/ul>\n\n\n\n<hr class=\"wp-block-separator has-alpha-channel-opacity\"\/>\n\n\n\n<h3 class=\"wp-block-heading\"><strong>Comment faire une Communion spirituelle ?<\/strong><\/h3>\n\n\n\n<p>Il n\u2019y a pas de formule obligatoire. Le Cat\u00e9chisme et le Magist\u00e8re ne prescrivent pas de pri\u00e8re unique, mais ils encouragent \u00e0 faire cet acte <strong>avec foi, amour et d\u00e9sir sinc\u00e8re<\/strong>.<\/p>\n\n\n\n<p>Voici quelques \u00e9tapes simples :<\/p>\n\n\n\n<ol class=\"wp-block-list\">\n<li><strong>Fais un acte de foi<\/strong> en la Pr\u00e9sence r\u00e9elle de J\u00e9sus dans l\u2019Eucharistie.<\/li>\n\n\n\n<li><strong>Exprime ton amour et ton d\u00e9sir profond<\/strong> de Le recevoir.<\/li>\n\n\n\n<li><strong>Invite-Le \u00e0 venir spirituellement dans ton \u00e2me.<\/strong><\/li>\n\n\n\n<li><strong>Reste quelques instants en silence<\/strong>, adorant Sa pr\u00e9sence en toi.<\/li>\n<\/ol>\n\n\n\n<p>Une pri\u00e8re traditionnelle, promue par saint Alphonse de Liguori, dit :<\/p>\n\n\n\n<blockquote class=\"wp-block-quote is-layout-flow wp-block-quote-is-layout-flow\">\n<p>\u00ab Mon J\u00e9sus, je crois que Tu es r\u00e9ellement pr\u00e9sent dans le Tr\u00e8s Saint Sacrement de l\u2019autel.<br>Je T\u2019aime plus que tout et je d\u00e9sire Te recevoir dans mon \u00e2me.<br>Ne pouvant Te recevoir sacramentellement maintenant, viens au moins spirituellement dans mon c\u0153ur.<br>Comme si Tu \u00e9tais d\u00e9j\u00e0 venu, je T\u2019embrasse et je m\u2019unis tout entier \u00e0 Toi.<br>Ne permets jamais que je sois s\u00e9par\u00e9 de Toi. Amen. \u00bb<\/p>\n<\/blockquote>\n\n\n\n<hr class=\"wp-block-separator has-alpha-channel-opacity\"\/>\n\n\n\n<h3 class=\"wp-block-heading\"><strong>La Communion spirituelle et le monde d\u2019aujourd\u2019hui<\/strong><\/h3>\n\n\n\n<p>Dans un monde hyperconnect\u00e9, o\u00f9 de nombreux catholiques n\u2019ont pas un acc\u00e8s r\u00e9gulier aux sacrements \u2014 pour des raisons sociales, politiques, sanitaires ou m\u00eame pastorales \u2014 la Communion spirituelle devient <strong>une bou\u00e9e de sauvetage<\/strong>, un refuge pour l\u2019\u00e2me.<\/p>\n\n\n\n<p>Pendant la pand\u00e9mie de COVID-19, lorsque des millions de fid\u00e8les n\u2019ont pu assister \u00e0 la messe, le pape Fran\u00e7ois a fortement encourag\u00e9 cette pratique, rappelant que \u00ab le Seigneur ne nous abandonne pas \u00bb et que \u00ab l\u2019on peut vivre une v\u00e9ritable communion spirituelle depuis chez soi \u00bb.<\/p>\n\n\n\n<p>Par ailleurs, dans un monde qui banalise souvent l\u2019Eucharistie ou la re\u00e7oit sans pr\u00e9paration, la Communion spirituelle nous apprend aussi \u00e0 <strong>valoriser la Communion sacramentelle avec plus de r\u00e9v\u00e9rence<\/strong>, \u00e0 la d\u00e9sirer, \u00e0 mieux s\u2019y pr\u00e9parer, et \u00e0 ne jamais la recevoir par habitude mais avec ferveur.<\/p>\n\n\n\n<p>Plus que jamais, nous avons besoin <strong>d\u2019\u00e2mes qui vivent eucharistiquement<\/strong>, qui gardent vivant le feu de l\u2019amour pour le Christ, m\u00eame lorsqu\u2019elles ne peuvent Le recevoir physiquement.<\/p>\n\n\n\n<hr class=\"wp-block-separator has-alpha-channel-opacity\"\/>\n\n\n\n<h3 class=\"wp-block-heading\"><strong>Conclusion : Un acte simple, un amour infini<\/strong><\/h3>\n\n\n\n<p>La Communion spirituelle est un tr\u00e9sor cach\u00e9 de notre foi, une pri\u00e8re silencieuse qui peut transformer un jour, une vie, une \u00e2me.<br>Elle ne n\u00e9cessite ni \u00e9glises ouvertes ni ornements liturgiques \u2014 seulement un c\u0153ur dispos\u00e9.<br>Elle est l\u2019\u00e9cho du cri de l\u2019\u00e2me qui dit :<br><strong>\u00ab Seigneur, viens \u00e0 moi. J\u2019ai besoin de Toi. Je Te d\u00e9sire. Je T\u2019aime. \u00bb<\/strong><\/p>\n\n\n\n<p>Peu importe \u00e0 quel point tu te sens \u00e9loign\u00e9 de Dieu, ni combien de fois tu es tomb\u00e9 : <strong>si tu peux Le d\u00e9sirer, tu peux faire une Communion spirituelle<\/strong>. Et ce d\u00e9sir, offert avec humilit\u00e9 et foi, peut \u00eatre le d\u00e9but d\u2019une transformation radicale de ta relation avec Lui.<\/p>\n\n\n\n<hr class=\"wp-block-separator has-alpha-channel-opacity\"\/>\n\n\n\n<h3 class=\"wp-block-heading\"><strong>Pri\u00e8re finale de Communion spirituelle<\/strong><\/h3>\n\n\n\n<blockquote class=\"wp-block-quote is-layout-flow wp-block-quote-is-layout-flow\">\n<p><strong>Mon J\u00e9sus,<br>je crois fermement que Tu es r\u00e9ellement pr\u00e9sent dans le Tr\u00e8s Saint Sacrement de l\u2019autel.<br>Je T\u2019adore et je T\u2019aime de tout mon c\u0153ur.<br>Je regrette de ne pas pouvoir Te recevoir sacramentellement en ce moment,<br>mais je Te demande de venir spirituellement dans mon \u00e2me.<br>Je Te re\u00e7ois comme si Tu \u00e9tais d\u00e9j\u00e0 l\u00e0,<br>je m\u2019unis enti\u00e8rement \u00e0 Toi et je ne veux jamais \u00eatre s\u00e9par\u00e9 de Ta pr\u00e9sence.<br>Garde-moi toujours uni \u00e0 Ton Sacr\u00e9-C\u0153ur,<br>et fais de ma vie une offrande d\u2019amour.<br>Amen.<\/strong><\/p>\n<\/blockquote>\n","protected":false},"excerpt":{"rendered":"<p>Introduction : Un d\u00e9sir qui touche le Ciel Au c\u0153ur de la vie chr\u00e9tienne se trouve l\u2019Eucharistie : le Corps, le Sang, l\u2019\u00c2me et la Divinit\u00e9 de notre Seigneur J\u00e9sus-Christ, offert par amour \u00e0 chaque Sainte Messe. Mais que se passe-t-il lorsqu\u2019une \u00e2me d\u00e9sire ardemment recevoir J\u00e9sus dans le Saint-Sacrement, sans pouvoir le faire physiquement &hellip;<\/p>\n","protected":false},"author":3,"featured_media":3244,"comment_status":"open","ping_status":"open","sticky":false,"template":"","format":"standard","meta":{"_seopress_robots_primary_cat":"","_seopress_titles_title":"","_seopress_titles_desc":"","_seopress_robots_index":"","footnotes":""},"categories":[40,58],"tags":[949],"class_list":["post-3243","post","type-post","status-publish","format-standard","has-post-thumbnail","","category-priere-et-spiritualite","category-priere-et-vie-spirituelle","tag-communion-spirituelle"],"_links":{"self":[{"href":"https:\/\/catholicus.eu\/fr\/wp-json\/wp\/v2\/posts\/3243","targetHints":{"allow":["GET"]}}],"collection":[{"href":"https:\/\/catholicus.eu\/fr\/wp-json\/wp\/v2\/posts"}],"about":[{"href":"https:\/\/catholicus.eu\/fr\/wp-json\/wp\/v2\/types\/post"}],"author":[{"embeddable":true,"href":"https:\/\/catholicus.eu\/fr\/wp-json\/wp\/v2\/users\/3"}],"replies":[{"embeddable":true,"href":"https:\/\/catholicus.eu\/fr\/wp-json\/wp\/v2\/comments?post=3243"}],"version-history":[{"count":1,"href":"https:\/\/catholicus.eu\/fr\/wp-json\/wp\/v2\/posts\/3243\/revisions"}],"predecessor-version":[{"id":3245,"href":"https:\/\/catholicus.eu\/fr\/wp-json\/wp\/v2\/posts\/3243\/revisions\/3245"}],"wp:featuredmedia":[{"embeddable":true,"href":"https:\/\/catholicus.eu\/fr\/wp-json\/wp\/v2\/media\/3244"}],"wp:attachment":[{"href":"https:\/\/catholicus.eu\/fr\/wp-json\/wp\/v2\/media?parent=3243"}],"wp:term":[{"taxonomy":"category","embeddable":true,"href":"https:\/\/catholicus.eu\/fr\/wp-json\/wp\/v2\/categories?post=3243"},{"taxonomy":"post_tag","embeddable":true,"href":"https:\/\/catholicus.eu\/fr\/wp-json\/wp\/v2\/tags?post=3243"}],"curies":[{"name":"wp","href":"https:\/\/api.w.org\/{rel}","templated":true}]}}