{"id":3161,"date":"2025-04-02T16:30:33","date_gmt":"2025-04-02T14:30:33","guid":{"rendered":"https:\/\/catholicus.eu\/fr\/?p=3161"},"modified":"2025-04-02T16:30:33","modified_gmt":"2025-04-02T14:30:33","slug":"le-jeune-des-paroles-la-penitence-oubliee-qui-peut-sauver-votre-famille","status":"publish","type":"post","link":"https:\/\/catholicus.eu\/fr\/le-jeune-des-paroles-la-penitence-oubliee-qui-peut-sauver-votre-famille\/","title":{"rendered":"Le &lsquo;Je\u00fbne des Paroles&rsquo; : La P\u00e9nitence Oubli\u00e9e Qui Peut Sauver Votre Famille"},"content":{"rendered":"\n<p><strong>Introduction : Un Rem\u00e8de Spirituel pour un Monde Bruyant<\/strong><\/p>\n\n\n\n<p>Nous vivons \u00e0 une \u00e9poque de bruit constant. Les r\u00e9seaux sociaux, les informations, les conversations sans fin et, surtout, les paroles qui sortent souvent de notre bouche sans filtre. Nous critiquons, nous nous plaignons, nous colportons des ragots et, sans nous en rendre compte, nous blessons, divisons et affaiblissons le tissu le plus sacr\u00e9 que Dieu nous ait donn\u00e9 : <strong>la famille<\/strong>.<\/p>\n\n\n\n<p>Mais et s&rsquo;il existait une p\u00e9nitence oubli\u00e9e, un \u00ab\u00a0je\u00fbne\u00a0\u00bb qui ne consiste pas \u00e0 se priver de nourriture, mais \u00e0 <strong>dompter sa langue<\/strong> ? Un je\u00fbne qui, pratiqu\u00e9 avec d\u00e9votion, peut apporter la paix dans les foyers, gu\u00e9rir les relations et nous rapprocher de Dieu.<\/p>\n\n\n\n<p>Voici le <strong>\u00ab\u00a0Je\u00fbne des Paroles\u00a0\u00bb<\/strong>, une pratique asc\u00e9tique traditionnelle bien connue des saints et des mystiques, mais largement oubli\u00e9e aujourd&rsquo;hui.<\/p>\n\n\n\n<hr class=\"wp-block-separator has-alpha-channel-opacity\"\/>\n\n\n\n<h2 class=\"wp-block-heading\"><strong>1. Qu&rsquo;est-ce que le &lsquo;Je\u00fbne des Paroles&rsquo; ?<\/strong><\/h2>\n\n\n\n<p>Le \u00ab\u00a0Je\u00fbne des Paroles\u00a0\u00bb est une forme de mortification qui consiste \u00e0 <strong>s&rsquo;abstenir de parler inutilement<\/strong>, surtout des paroles qui blessent : critiques, plaintes, comm\u00e9rages, m\u00e9disances et mots blessants.<\/p>\n\n\n\n<p>Il ne s&rsquo;agit pas d&rsquo;un v\u0153u de silence absolu, mais de <strong>parler avec intention<\/strong> : pour \u00e9difier, consoler, enseigner et aimer. Comme le dit saint Paul :<\/p>\n\n\n\n<blockquote class=\"wp-block-quote is-layout-flow wp-block-quote-is-layout-flow\">\n<p><em>\u00ab\u00a0Qu\u2019il ne sorte de votre bouche aucune parole mauvaise, mais, s\u2019il en est besoin, quelque bonne parole, qui serve \u00e0 l\u2019\u00e9dification et communique une gr\u00e2ce \u00e0 ceux qui l\u2019entendent.\u00a0\u00bb<\/em> (\u00c9ph\u00e9siens 4:29)<\/p>\n<\/blockquote>\n\n\n\n<p>Ce je\u00fbne n&rsquo;est pas nouveau. Les moines du d\u00e9sert, des saints comme saint Joseph de Cupertin (qui parlait tr\u00e8s peu pour \u00e9viter les p\u00e9ch\u00e9s de langue) et m\u00eame la Vierge Marie, qui \u00ab\u00a0gardait toutes ces choses dans son c\u0153ur\u00a0\u00bb (Lc 2:19), pratiquaient cette forme de silence int\u00e9rieur.<\/p>\n\n\n\n<hr class=\"wp-block-separator has-alpha-channel-opacity\"\/>\n\n\n\n<h2 class=\"wp-block-heading\"><strong>2. Pourquoi est-il si n\u00e9cessaire aujourd&rsquo;hui ?<\/strong><\/h2>\n\n\n\n<h3 class=\"wp-block-heading\"><strong>a) Les familles sont d\u00e9truites par la langue<\/strong><\/h3>\n\n\n\n<ul class=\"wp-block-list\">\n<li><strong>Les critiques constantes<\/strong> entre \u00e9poux engendrent du ressentiment.<\/li>\n\n\n\n<li><strong>Les comm\u00e9rages<\/strong> qui divisent fr\u00e8res et s\u0153urs et amis.<\/li>\n\n\n\n<li><strong>Les plaintes<\/strong> qui empoisonnent l&rsquo;atmosph\u00e8re du foyer.<\/li>\n<\/ul>\n\n\n\n<p>La Bible nous avertit : <em>\u00ab\u00a0La langue est un feu, un monde d\u2019iniquit\u00e9\u00a0\u00bb<\/em> (Jacques 3:6). Une seule remarque n\u00e9gative peut br\u00fbler des ann\u00e9es d&rsquo;amour.<\/p>\n\n\n\n<h3 class=\"wp-block-heading\"><strong>b) Nous vivons dans une \u00ab\u00a0culture de la plainte\u00a0\u00bb<\/strong><\/h3>\n\n\n\n<p>Les r\u00e9seaux sociaux nous ont habitu\u00e9s \u00e0 donner notre avis sur tout, sans filtre. Mais <strong>combien de ces paroles sont vraiment n\u00e9cessaires ?<\/strong> Combien servent \u00e0 construire plut\u00f4t qu&rsquo;\u00e0 d\u00e9truire ?<\/p>\n\n\n\n<h3 class=\"wp-block-heading\"><strong>c) Manque de pri\u00e8re et d&rsquo;\u00e9coute<\/strong><\/h3>\n\n\n\n<p>Le bruit ext\u00e9rieur nous emp\u00eache d&rsquo;entendre <strong>la voix de Dieu<\/strong>. Le silence n&rsquo;est pas un vide, c&rsquo;est l&rsquo;espace o\u00f9 Dieu parle.<\/p>\n\n\n\n<hr class=\"wp-block-separator has-alpha-channel-opacity\"\/>\n\n\n\n<h2 class=\"wp-block-heading\"><strong>3. Comment pratiquer le &lsquo;Je\u00fbne des Paroles&rsquo; ?<\/strong><\/h2>\n\n\n\n<p>Il ne s&rsquo;agit pas de cesser de parler, mais de <strong>purifier notre communication<\/strong>. Voici quelques cl\u00e9s :<\/p>\n\n\n\n<h3 class=\"wp-block-heading\"><strong>a) Commencez par de petits sacrifices<\/strong><\/h3>\n\n\n\n<ul class=\"wp-block-list\">\n<li><strong>\u00c9vitez de critiquer<\/strong> pendant une journ\u00e9e.<\/li>\n\n\n\n<li><strong>Ne r\u00e9pondez pas avec col\u00e8re<\/strong>, m\u00eame si vous avez raison.<\/li>\n\n\n\n<li><strong>Gardez le silence<\/strong> lorsque vous avez envie de vous plaindre.<\/li>\n<\/ul>\n\n\n\n<h3 class=\"wp-block-heading\"><strong>b) Transformez vos paroles en pri\u00e8re<\/strong><\/h3>\n\n\n\n<p>Au lieu de m\u00e9dire sur quelqu&rsquo;un, <strong>priez pour cette personne<\/strong>. Comme le disait sainte Th\u00e9r\u00e8se d&rsquo;Avila : <em>\u00ab\u00a0Si tu parles, parle de Dieu ; si tu te tais, tais-toi pour Dieu.\u00a0\u00bb<\/em><\/p>\n\n\n\n<h3 class=\"wp-block-heading\"><strong>c) Pratiquez le silence int\u00e9rieur<\/strong><\/h3>\n\n\n\n<ul class=\"wp-block-list\">\n<li><strong>Avant de parler, demandez-vous<\/strong> : Est-ce que cela \u00e9difie ? Est-ce n\u00e9cessaire ? Est-ce charitable ?<\/li>\n\n\n\n<li><strong>Apprenez \u00e0 \u00e9couter<\/strong> plus que vous ne parlez.<\/li>\n<\/ul>\n\n\n\n<hr class=\"wp-block-separator has-alpha-channel-opacity\"\/>\n\n\n\n<h2 class=\"wp-block-heading\"><strong>4. Les fruits de ce je\u00fbne dans la famille<\/strong><\/h2>\n\n\n\n<p>Ceux qui ont pratiqu\u00e9 ce je\u00fbne t\u00e9moignent :<\/p>\n\n\n\n<p>\u2705 <strong>Moins de disputes<\/strong>, plus de paix \u00e0 la maison.<br>\u2705 <strong>Une meilleure communication<\/strong>, car les paroles sont prononc\u00e9es avec amour.<br>\u2705 <strong>Une union plus forte<\/strong>, car les blessures inutiles sont \u00e9vit\u00e9es.<\/p>\n\n\n\n<hr class=\"wp-block-separator has-alpha-channel-opacity\"\/>\n\n\n\n<h2 class=\"wp-block-heading\"><strong>Conclusion : Un D\u00e9fi pour Renforcer Votre Foyer<\/strong><\/h2>\n\n\n\n<p>Le \u00ab\u00a0Je\u00fbne des Paroles\u00a0\u00bb n&rsquo;est pas facile. Il demande <strong>humilit\u00e9, ma\u00eetrise de soi et beaucoup de gr\u00e2ce divine<\/strong>. Mais c&rsquo;est une p\u00e9nitence puissante, surtout en ces temps o\u00f9 <strong>le d\u00e9mon cherche \u00e0 diviser les familles par la langue<\/strong>.<\/p>\n\n\n\n<p><strong>Je vous mets au d\u00e9fi d&rsquo;essayer<\/strong> : un jour, une heure, ne serait-ce que quelques minutes. Vous verrez comment l&rsquo;Esprit Saint agit lorsque nous lui faisons de la place par notre silence.<\/p>\n\n\n\n<p>Comme le disait saint Jean de la Croix :<\/p>\n\n\n\n<blockquote class=\"wp-block-quote is-layout-flow wp-block-quote-is-layout-flow\">\n<p><em>\u00ab\u00a0Le langage que Dieu entend le mieux est le silence de l&rsquo;amour.\u00a0\u00bb<\/em><\/p>\n<\/blockquote>\n\n\n\n<p>\u00cates-vous pr\u00eat \u00e0 essayer ce je\u00fbne et \u00e0 transformer votre famille ?<\/p>\n\n\n\n<p><strong>\ud83d\udccc Qu&rsquo;en pensez-vous ? Oserez-vous relever le d\u00e9fi ?<\/strong><\/p>\n","protected":false},"excerpt":{"rendered":"<p>Introduction : Un Rem\u00e8de Spirituel pour un Monde Bruyant Nous vivons \u00e0 une \u00e9poque de bruit constant. Les r\u00e9seaux sociaux, les informations, les conversations sans fin et, surtout, les paroles qui sortent souvent de notre bouche sans filtre. Nous critiquons, nous nous plaignons, nous colportons des ragots et, sans nous en rendre compte, nous blessons, &hellip;<\/p>\n","protected":false},"author":3,"featured_media":3162,"comment_status":"open","ping_status":"open","sticky":false,"template":"","format":"standard","meta":{"_seopress_robots_primary_cat":"","_seopress_titles_title":"","_seopress_titles_desc":"","_seopress_robots_index":"","footnotes":""},"categories":[55,39],"tags":[918],"class_list":["post-3161","post","type-post","status-publish","format-standard","has-post-thumbnail","","category-famille-et-mariage","category-morale-et-vie-chretienne","tag-jeune-des-paroles"],"_links":{"self":[{"href":"https:\/\/catholicus.eu\/fr\/wp-json\/wp\/v2\/posts\/3161","targetHints":{"allow":["GET"]}}],"collection":[{"href":"https:\/\/catholicus.eu\/fr\/wp-json\/wp\/v2\/posts"}],"about":[{"href":"https:\/\/catholicus.eu\/fr\/wp-json\/wp\/v2\/types\/post"}],"author":[{"embeddable":true,"href":"https:\/\/catholicus.eu\/fr\/wp-json\/wp\/v2\/users\/3"}],"replies":[{"embeddable":true,"href":"https:\/\/catholicus.eu\/fr\/wp-json\/wp\/v2\/comments?post=3161"}],"version-history":[{"count":1,"href":"https:\/\/catholicus.eu\/fr\/wp-json\/wp\/v2\/posts\/3161\/revisions"}],"predecessor-version":[{"id":3163,"href":"https:\/\/catholicus.eu\/fr\/wp-json\/wp\/v2\/posts\/3161\/revisions\/3163"}],"wp:featuredmedia":[{"embeddable":true,"href":"https:\/\/catholicus.eu\/fr\/wp-json\/wp\/v2\/media\/3162"}],"wp:attachment":[{"href":"https:\/\/catholicus.eu\/fr\/wp-json\/wp\/v2\/media?parent=3161"}],"wp:term":[{"taxonomy":"category","embeddable":true,"href":"https:\/\/catholicus.eu\/fr\/wp-json\/wp\/v2\/categories?post=3161"},{"taxonomy":"post_tag","embeddable":true,"href":"https:\/\/catholicus.eu\/fr\/wp-json\/wp\/v2\/tags?post=3161"}],"curies":[{"name":"wp","href":"https:\/\/api.w.org\/{rel}","templated":true}]}}