{"id":3155,"date":"2025-04-02T14:40:30","date_gmt":"2025-04-02T12:40:30","guid":{"rendered":"https:\/\/catholicus.eu\/fr\/?p=3155"},"modified":"2025-04-02T14:40:30","modified_gmt":"2025-04-02T12:40:30","slug":"la-confession-telepathique-nexiste-pas-pourquoi-le-pretre-est-indispensable-pour-le-pardon","status":"publish","type":"post","link":"https:\/\/catholicus.eu\/fr\/la-confession-telepathique-nexiste-pas-pourquoi-le-pretre-est-indispensable-pour-le-pardon\/","title":{"rendered":"La \u201cconfession t\u00e9l\u00e9pathique\u201d n\u2019existe pas : Pourquoi le pr\u00eatre est indispensable pour le pardon"},"content":{"rendered":"\n<p>\u00c0 l\u2019\u00e8re num\u00e9rique, o\u00f9 tout semble instantan\u00e9 et accessible depuis le confort d\u2019un appareil, de nouvelles id\u00e9es sur la foi \u00e9mergent, parfois dangereusement erron\u00e9es. L\u2019une d\u2019elles a gagn\u00e9 en popularit\u00e9 : la soi-disant \u00ab confession t\u00e9l\u00e9pathique \u00bb, la croyance selon laquelle il suffirait de demander pardon \u00e0 Dieu mentalement pour recevoir l\u2019absolution, sans avoir besoin de se rendre aupr\u00e8s d\u2019un pr\u00eatre.<\/p>\n\n\n\n<p>Cette id\u00e9e est non seulement fausse, mais elle contredit directement ce que le Christ Lui-m\u00eame a institu\u00e9. La Confession, aussi appel\u00e9e le Sacrement de la R\u00e9conciliation ou de la P\u00e9nitence, n\u2019est ni une invention humaine, ni une simple recommandation eccl\u00e9siastique, mais une disposition divine. Dieu a voulu que le pardon nous soit donn\u00e9 par l\u2019interm\u00e9diaire de ministres humains, et cet enseignement est profond\u00e9ment enracin\u00e9 dans l\u2019\u00c9criture Sainte, la Tradition et le Magist\u00e8re de l\u2019\u00c9glise.<\/p>\n\n\n\n<p>Dans cet article, nous explorerons l\u2019origine, l\u2019histoire et la pertinence actuelle de ce sacrement, en expliquant pourquoi le pr\u00eatre est indispensable et pourquoi une simple demande mentale de pardon ne suffit pas.<\/p>\n\n\n\n<hr class=\"wp-block-separator has-alpha-channel-opacity\"\/>\n\n\n\n<h2 class=\"wp-block-heading\"><strong>1. Le Christ a institu\u00e9 le sacrement avec des ministres humains<\/strong><\/h2>\n\n\n\n<p>Lorsque J\u00e9sus a march\u00e9 parmi nous, Il n\u2019a pas seulement pr\u00each\u00e9 l\u2019amour et la mis\u00e9ricorde de Dieu, Il a \u00e9galement \u00e9tabli des moyens concrets pour que nous puissions recevoir cette mis\u00e9ricorde. L\u2019un de ces moyens est le Sacrement de la Confession.<\/p>\n\n\n\n<p>Apr\u00e8s Sa R\u00e9surrection, le Christ est apparu \u00e0 Ses ap\u00f4tres et leur a dit :<\/p>\n\n\n\n<blockquote class=\"wp-block-quote is-layout-flow wp-block-quote-is-layout-flow\">\n<p><strong>\u00ab Recevez l\u2019Esprit Saint. Ceux \u00e0 qui vous remettrez les p\u00e9ch\u00e9s, ils leur seront remis ; ceux \u00e0 qui vous les retiendrez, ils leur seront retenus. \u00bb<\/strong> (Jean 20, 22-23)<\/p>\n<\/blockquote>\n\n\n\n<p>Ce passage est essentiel. J\u00e9sus n\u2019a pas dit : \u00ab Demandez pardon dans votre esprit et vous serez pardonn\u00e9s \u00bb, mais Il a donn\u00e9 aux ap\u00f4tres\u2014et par extension, \u00e0 leurs successeurs, les \u00e9v\u00eaques et les pr\u00eatres\u2014l\u2019autorit\u00e9 de pardonner les p\u00e9ch\u00e9s en Son nom.<\/p>\n\n\n\n<p>Si le Christ avait voulu que chacun obtienne le pardon simplement en priant silencieusement, Il n\u2019aurait pas institu\u00e9 ce sacrement. Mais Lui, qui est Dieu, savait exactement ce qu\u2019Il faisait : Il a \u00e9tabli la Confession parce que le p\u00e9ch\u00e9 n\u2019est pas seulement une affaire priv\u00e9e entre l\u2019individu et Dieu ; il affecte aussi la communaut\u00e9 et n\u00e9cessite une r\u00e9conciliation visible et r\u00e9elle.<\/p>\n\n\n\n<hr class=\"wp-block-separator has-alpha-channel-opacity\"\/>\n\n\n\n<h2 class=\"wp-block-heading\"><strong>2. Pourquoi un acte mental de repentir ne suffit-il pas ?<\/strong><\/h2>\n\n\n\n<p>Il est vrai que Dieu conna\u00eet nos c\u0153urs et que Sa mis\u00e9ricorde est infinie. Cependant, la contrition parfaite\u2014un repentir si pur qu\u2019il inclut le d\u00e9sir absolu de recevoir le sacrement\u2014est rare. L\u2019\u00c9glise enseigne que le pardon des p\u00e9ch\u00e9s graves n\u00e9cessite le Sacrement de la Confession, sauf en cas d\u2019extr\u00eame n\u00e9cessit\u00e9 o\u00f9 la confession sacramentelle est impossible.<\/p>\n\n\n\n<p>Saint Augustin disait :<\/p>\n\n\n\n<blockquote class=\"wp-block-quote is-layout-flow wp-block-quote-is-layout-flow\">\n<p><strong>\u00ab Dieu qui t\u2019a cr\u00e9\u00e9 sans toi, ne te sauvera pas sans toi. \u00bb<\/strong><\/p>\n<\/blockquote>\n\n\n\n<p>Cela signifie que le salut exige notre coop\u00e9ration. Dieu ne nous impose pas Son pardon sans que nous empruntions le chemin qu\u2019Il a Lui-m\u00eame \u00e9tabli. Si nous croyons en J\u00e9sus et en Son enseignement, nous devons faire confiance aux sacrements qu\u2019Il nous a laiss\u00e9s comme des moyens s\u00fbrs de recevoir Sa gr\u00e2ce.<\/p>\n\n\n\n<p>Une confession purement mentale manque de deux \u00e9l\u00e9ments essentiels du sacrement :<\/p>\n\n\n\n<ol class=\"wp-block-list\">\n<li><strong>L\u2019aveu oral des p\u00e9ch\u00e9s<\/strong>, qui nous aide \u00e0 reconna\u00eetre humblement notre culpabilit\u00e9 et \u00e0 recevoir la gr\u00e2ce du repentir.<\/li>\n\n\n\n<li><strong>L\u2019absolution sacerdotale<\/strong>, qui est le moyen par lequel Dieu accorde le pardon de mani\u00e8re visible et concr\u00e8te.<\/li>\n<\/ol>\n\n\n\n<p>Il ne suffit pas de \u00ab parler \u00e0 Dieu dans son esprit \u00bb car J\u00e9sus a voulu que le pardon nous soit accord\u00e9 par l\u2019interm\u00e9diaire de l\u2019\u00c9glise.<\/p>\n\n\n\n<hr class=\"wp-block-separator has-alpha-channel-opacity\"\/>\n\n\n\n<h2 class=\"wp-block-heading\"><strong>3. L\u2019histoire de la Confession : Un sacrement toujours pr\u00e9sent<\/strong><\/h2>\n\n\n\n<p>Depuis les premiers si\u00e8cles du christianisme, l\u2019\u00c9glise a compris que le pardon des p\u00e9ch\u00e9s graves n\u00e9cessitait une confession devant l\u2019autorit\u00e9 eccl\u00e9siastique. Saint Cyprien de Carthage (III\u1d49 si\u00e8cle) affirmait :<\/p>\n\n\n\n<blockquote class=\"wp-block-quote is-layout-flow wp-block-quote-is-layout-flow\">\n<p><strong>\u00ab Nul ne peut se pardonner lui-m\u00eame ses propres p\u00e9ch\u00e9s. Il est n\u00e9cessaire que le p\u00e9cheur confesse ses fautes avec douleur et les expie par la p\u00e9nitence. \u00bb<\/strong><\/p>\n<\/blockquote>\n\n\n\n<p>Au fil des si\u00e8cles, la forme du sacrement a \u00e9volu\u00e9 (dans l\u2019\u00c9glise primitive, la confession \u00e9tait publique et s\u2019est ensuite d\u00e9velopp\u00e9e vers le format priv\u00e9 que nous connaissons aujourd\u2019hui), mais son essence est rest\u00e9e la m\u00eame : le pardon de Dieu nous parvient \u00e0 travers Son \u00c9glise.<\/p>\n\n\n\n<p>Les saints et docteurs de l\u2019\u00c9glise ont toujours d\u00e9fendu ce sacrement comme un moyen n\u00e9cessaire au salut. Le Concile de Trente (XVI\u1d49 si\u00e8cle), en r\u00e9ponse \u00e0 la R\u00e9forme protestante qui niait la n\u00e9cessit\u00e9 de la confession, a r\u00e9affirm\u00e9 avec clart\u00e9 :<\/p>\n\n\n\n<blockquote class=\"wp-block-quote is-layout-flow wp-block-quote-is-layout-flow\">\n<p><strong>\u00ab Si quelqu\u2019un dit que la confession n\u2019est pas n\u00e9cessaire par droit divin ou qu\u2019elle n\u2019a pas \u00e9t\u00e9 institu\u00e9e par le Christ, qu\u2019il soit anath\u00e8me. \u00bb<\/strong><\/p>\n<\/blockquote>\n\n\n\n<p>Cet enseignement demeure valable aujourd\u2019hui car la n\u00e9cessit\u00e9 de se r\u00e9concilier avec Dieu par l\u2019interm\u00e9diaire de Son \u00c9glise n\u2019a pas chang\u00e9.<\/p>\n\n\n\n<hr class=\"wp-block-separator has-alpha-channel-opacity\"\/>\n\n\n\n<h2 class=\"wp-block-heading\"><strong>4. La confession dans le monde actuel : Plus n\u00e9cessaire que jamais<\/strong><\/h2>\n\n\n\n<p>Nous vivons \u00e0 une \u00e9poque o\u00f9 beaucoup ont perdu le sens du p\u00e9ch\u00e9. On parle d\u2019erreurs, de fautes, d\u2019\u00e9checs, mais rarement de p\u00e9ch\u00e9. Pourtant, notre conscience nous dit la v\u00e9rit\u00e9 : nous savons quand nous avons mal agi et ressentons le poids de notre culpabilit\u00e9.<\/p>\n\n\n\n<p>La confession n\u2019est pas une formalit\u00e9 bureaucratique ni un fardeau impos\u00e9 par l\u2019\u00c9glise, mais un immense don de Dieu. Dans un monde o\u00f9 la sant\u00e9 mentale est un sujet r\u00e9current, les effets lib\u00e9rateurs de la confession sont ind\u00e9niables. Beaucoup de personnes ressentent une paix profonde apr\u00e8s avoir re\u00e7u ce sacrement, car elles ne re\u00e7oivent pas seulement des paroles de consolation, mais la certitude objective du pardon divin.<\/p>\n\n\n\n<p>C\u2019est une erreur de croire que nous pouvons tout r\u00e9soudre dans notre esprit. Nous sommes des \u00eatres humains, nous avons besoin de paroles, de gestes, de signes. Dieu nous a cr\u00e9\u00e9s ainsi, et c\u2019est pourquoi Il nous donne des sacrements que nous pouvons voir et entendre, qui touchent notre vie de mani\u00e8re tangible.<\/p>\n\n\n\n<p>La confession n\u2019est pas une simple option parmi d\u2019autres pour rechercher la paix int\u00e9rieure : c\u2019est le chemin \u00e9tabli par Dieu pour recevoir Sa mis\u00e9ricorde et restaurer notre amiti\u00e9 avec Lui.<\/p>\n\n\n\n<hr class=\"wp-block-separator has-alpha-channel-opacity\"\/>\n\n\n\n<h2 class=\"wp-block-heading\"><strong>Conclusion : Ne rejetons pas le don du pardon sacramentel<\/strong><\/h2>\n\n\n\n<p>La soi-disant \u00ab confession t\u00e9l\u00e9pathique \u00bb est une id\u00e9e moderne sans fondement dans la foi catholique. Il est tentant de penser qu\u2019il suffit de demander pardon dans son esprit, mais cette croyance ignore l\u2019enseignement du Christ, la tradition de l\u2019\u00c9glise et la r\u00e9alit\u00e9 de notre propre nature.<\/p>\n\n\n\n<p>Dieu nous offre Son pardon, mais Il le fait par le moyen qu\u2019Il a Lui-m\u00eame institu\u00e9 : la Confession. Le pr\u00eatre, agissant en la personne du Christ, nous accorde l\u2019absolution et nous rend la gr\u00e2ce perdue.<\/p>\n\n\n\n<p>Ne rejetons pas ce don. Ne tombons pas dans l\u2019erreur de penser que nous pouvons nous passer du sacrement. Retournons \u00e0 la Confession avec humilit\u00e9, confiance et joie, sachant que l\u00e0 nous attend la mis\u00e9ricorde in\u00e9puisable de Dieu.<\/p>\n\n\n\n<p>Si vous ne vous \u00eates pas confess\u00e9 depuis longtemps, c\u2019est le moment parfait pour y retourner. Le Christ vous attend au confessionnal, les bras ouverts.<\/p>\n\n\n\n<hr class=\"wp-block-separator has-alpha-channel-opacity\"\/>\n\n\n\n<h3 class=\"wp-block-heading\"><strong>\u00ab Mon fils, tes p\u00e9ch\u00e9s sont pardonn\u00e9s \u00bb (Marc 2,5).<\/strong><\/h3>\n\n\n\n<p>Que ces paroles r\u00e9sonnent dans notre c\u0153ur et nous encouragent \u00e0 recevoir, avec gratitude et amour, le sacrement qui nous rend \u00e0 la vie.<\/p>\n","protected":false},"excerpt":{"rendered":"<p>\u00c0 l\u2019\u00e8re num\u00e9rique, o\u00f9 tout semble instantan\u00e9 et accessible depuis le confort d\u2019un appareil, de nouvelles id\u00e9es sur la foi \u00e9mergent, parfois dangereusement erron\u00e9es. L\u2019une d\u2019elles a gagn\u00e9 en popularit\u00e9 : la soi-disant \u00ab confession t\u00e9l\u00e9pathique \u00bb, la croyance selon laquelle il suffirait de demander pardon \u00e0 Dieu mentalement pour recevoir l\u2019absolution, sans avoir besoin &hellip;<\/p>\n","protected":false},"author":3,"featured_media":3156,"comment_status":"open","ping_status":"open","sticky":false,"template":"","format":"standard","meta":{"_seopress_robots_primary_cat":"","_seopress_titles_title":"","_seopress_titles_desc":"","_seopress_robots_index":"","footnotes":""},"categories":[37,46],"tags":[278,291],"class_list":["post-3155","post","type-post","status-publish","format-standard","has-post-thumbnail","","category-doctrine-et-foi","category-sacrements","tag-confession","tag-pretre"],"_links":{"self":[{"href":"https:\/\/catholicus.eu\/fr\/wp-json\/wp\/v2\/posts\/3155","targetHints":{"allow":["GET"]}}],"collection":[{"href":"https:\/\/catholicus.eu\/fr\/wp-json\/wp\/v2\/posts"}],"about":[{"href":"https:\/\/catholicus.eu\/fr\/wp-json\/wp\/v2\/types\/post"}],"author":[{"embeddable":true,"href":"https:\/\/catholicus.eu\/fr\/wp-json\/wp\/v2\/users\/3"}],"replies":[{"embeddable":true,"href":"https:\/\/catholicus.eu\/fr\/wp-json\/wp\/v2\/comments?post=3155"}],"version-history":[{"count":1,"href":"https:\/\/catholicus.eu\/fr\/wp-json\/wp\/v2\/posts\/3155\/revisions"}],"predecessor-version":[{"id":3157,"href":"https:\/\/catholicus.eu\/fr\/wp-json\/wp\/v2\/posts\/3155\/revisions\/3157"}],"wp:featuredmedia":[{"embeddable":true,"href":"https:\/\/catholicus.eu\/fr\/wp-json\/wp\/v2\/media\/3156"}],"wp:attachment":[{"href":"https:\/\/catholicus.eu\/fr\/wp-json\/wp\/v2\/media?parent=3155"}],"wp:term":[{"taxonomy":"category","embeddable":true,"href":"https:\/\/catholicus.eu\/fr\/wp-json\/wp\/v2\/categories?post=3155"},{"taxonomy":"post_tag","embeddable":true,"href":"https:\/\/catholicus.eu\/fr\/wp-json\/wp\/v2\/tags?post=3155"}],"curies":[{"name":"wp","href":"https:\/\/api.w.org\/{rel}","templated":true}]}}