{"id":3113,"date":"2025-03-31T22:11:45","date_gmt":"2025-03-31T20:11:45","guid":{"rendered":"https:\/\/catholicus.eu\/fr\/?p=3113"},"modified":"2025-03-31T22:11:45","modified_gmt":"2025-03-31T20:11:45","slug":"le-psaume-maudit-le-pouvoir-cache-du-psaume-67-68-dans-la-guerre-spirituelle-contre-les-demons","status":"publish","type":"post","link":"https:\/\/catholicus.eu\/fr\/le-psaume-maudit-le-pouvoir-cache-du-psaume-67-68-dans-la-guerre-spirituelle-contre-les-demons\/","title":{"rendered":"Le Psaume Maudit : Le Pouvoir Cach\u00e9 du Psaume 67\/68 dans la Guerre Spirituelle contre les D\u00e9mons"},"content":{"rendered":"\n<p><em>\u00ab\u00a0Que Dieu se l\u00e8ve, et que ses ennemis soient dispers\u00e9s !&#8230; Comme la fum\u00e9e se dissipe, qu&rsquo;ils se dissipent ! Comme la cire se fond au feu, que les m\u00e9chants p\u00e9rissent devant Dieu !\u00a0\u00bb<\/em>&nbsp;(Psaume 67\/68, 2-3)<\/p>\n\n\n\n<p>Dans les couloirs obscurs de l&rsquo;histoire de l&rsquo;\u00c9glise, entre exorcismes et combats spirituels, il existait une arme puissante, un psaume si redout\u00e9 par les d\u00e9mons que les pr\u00eatres le r\u00e9citaient comme un bouclier divin. Aujourd&rsquo;hui, presque oubli\u00e9, le&nbsp;<strong>Psaume 67\/68 (selon la num\u00e9rotation h\u00e9bra\u00efque, 68 dans la Vulgate)<\/strong>&nbsp;\u00e9tait connu comme&nbsp;<em>\u00ab\u00a0le psaume maudit\u00a0\u00bb<\/em>&nbsp;pour son efficacit\u00e9 dans la guerre contre les forces du mal.<\/p>\n\n\n\n<p>Pourquoi ce psaume en particulier \u00e9tait-il consid\u00e9r\u00e9 comme une \u00e9p\u00e9e spirituelle ? Quels secrets renferme son texte ? Et surtout,&nbsp;<strong>pourquoi l&rsquo;\u00c9glise a-t-elle cess\u00e9 de l&rsquo;utiliser largement dans les rites de lib\u00e9ration ?<\/strong><\/p>\n\n\n\n<p>Dans cet article, nous explorerons&nbsp;<strong>l&rsquo;origine, l&rsquo;histoire, la signification th\u00e9ologique et la pertinence actuelle<\/strong>&nbsp;de ce psaume, ressuscitant une tradition presque perdue qui pourrait \u00eatre cl\u00e9 dans la lutte spirituelle de nos jours.<\/p>\n\n\n\n<hr class=\"wp-block-separator has-alpha-channel-opacity\"\/>\n\n\n\n<h2 class=\"wp-block-heading\"><strong>I. L&rsquo;Origine du Psaume 67\/68 : Un Chant de Victoire et de Jugement Divin<\/strong><\/h2>\n\n\n\n<p>Le&nbsp;<strong>Psaume 67\/68<\/strong>&nbsp;est l&rsquo;un des plus anciens et des plus \u00e9nigmatiques de la Bible. Sa structure est complexe, remplie de symboles guerriers et de r\u00e9f\u00e9rences \u00e0 l&rsquo;intervention directe de Dieu dans l&rsquo;histoire.<\/p>\n\n\n\n<h3 class=\"wp-block-heading\"><strong>1. Un Psaume de Guerre Sainte<\/strong><\/h3>\n\n\n\n<p>\u00c0 l&rsquo;origine, ce psaume \u00e9tait un&nbsp;<strong>hymne de victoire<\/strong>, c\u00e9l\u00e9brant le triomphe de Yahv\u00e9 sur les ennemis d&rsquo;Isra\u00ebl. Son langage est intense :<\/p>\n\n\n\n<blockquote class=\"wp-block-quote is-layout-flow wp-block-quote-is-layout-flow\">\n<p><em>\u00ab\u00a0Que Dieu se l\u00e8ve, et que ses ennemis soient dispers\u00e9s !&#8230; Tu t\u2019avances \u00e0 la t\u00eate de ton peuple.\u00a0\u00bb<\/em>&nbsp;(v. 2, 8)<\/p>\n<\/blockquote>\n\n\n\n<p>Les P\u00e8res de l&rsquo;\u00c9glise, comme&nbsp;<strong>Saint Augustin et Saint J\u00e9r\u00f4me<\/strong>, voyaient dans ces versets non seulement une bataille historique, mais un&nbsp;<strong>combat cosmique entre le bien et le mal<\/strong>.<\/p>\n\n\n\n<h3 class=\"wp-block-heading\"><strong>2. L&rsquo;Interpr\u00e9tation Chr\u00e9tienne : Le Christ \u00c9crase les D\u00e9mons<\/strong><\/h3>\n\n\n\n<p>Les premiers chr\u00e9tiens lisaient ce psaume dans une lumi\u00e8re messianique :<\/p>\n\n\n\n<ul class=\"wp-block-list\">\n<li><strong>\u00ab\u00a0Tu es mont\u00e9 dans les hauteurs, tu as emmen\u00e9 des captifs\u00a0\u00bb<\/strong>\u00a0(v. 19) \u2192 Saint Paul l&rsquo;applique au Christ qui, apr\u00e8s sa R\u00e9surrection, descend aux enfers et arrache les \u00e2mes aux griffes de Satan (\u00c9ph\u00e9siens 4:8).<\/li>\n\n\n\n<li><strong>\u00ab\u00a0Le Seigneur \u00e9crasera la t\u00eate de ses ennemis\u00a0\u00bb<\/strong>\u00a0(v. 22) \u2192 Une allusion claire \u00e0 la victoire du Christ sur le p\u00e9ch\u00e9 et le d\u00e9mon.<\/li>\n<\/ul>\n\n\n\n<p>Cette interpr\u00e9tation faisait de ce psaume&nbsp;<strong>un texte de puissance contre les forces d\u00e9moniaques<\/strong>.<\/p>\n\n\n\n<hr class=\"wp-block-separator has-alpha-channel-opacity\"\/>\n\n\n\n<h2 class=\"wp-block-heading\"><strong>II. Le Psaume Maudit dans les Exorcismes M\u00e9di\u00e9vaux<\/strong><\/h2>\n\n\n\n<p>Au Moyen \u00c2ge, l&rsquo;\u00c9glise a d\u00e9velopp\u00e9 des rites sp\u00e9cifiques pour combattre le mal, et le&nbsp;<strong>Psaume 67\/68<\/strong>&nbsp;est devenu un \u00e9l\u00e9ment cl\u00e9.<\/p>\n\n\n\n<h3 class=\"wp-block-heading\"><strong>1. Le Rituel Romain et les Exorcismes<\/strong><\/h3>\n\n\n\n<p>Dans le&nbsp;<strong>Rituale Romanum<\/strong>&nbsp;(l&rsquo;ancien manuel d&rsquo;exorcismes), ce psaume n&rsquo;\u00e9tait pas explicitement prescrit, mais de nombreux exorcistes l&rsquo;utilisaient par tradition. On croyait que :<\/p>\n\n\n\n<ul class=\"wp-block-list\">\n<li><strong>Sa mention de la \u00ab\u00a0fuite des ennemis\u00a0\u00bb<\/strong>\u00a0(v. 2) provoquait la terreur chez les d\u00e9mons.<\/li>\n\n\n\n<li><strong>L&rsquo;image de Dieu \u00ab\u00a0faisant fondre les m\u00e9chants comme la cire\u00a0\u00bb<\/strong>\u00a0(v. 3) symbolisait la dissolution du pouvoir diabolique.<\/li>\n<\/ul>\n\n\n\n<h3 class=\"wp-block-heading\"><strong>2. T\u00e9moignages Historiques<\/strong><\/h3>\n\n\n\n<ul class=\"wp-block-list\">\n<li><strong>Saint Antoine le Grand<\/strong>, p\u00e8re du monachisme, utilisait ce psaume contre les tentations d\u00e9moniaques.<\/li>\n\n\n\n<li><strong>Les exorcistes m\u00e9di\u00e9vaux<\/strong>\u00a0rapportaient qu&rsquo;en le r\u00e9citant, les poss\u00e9d\u00e9s r\u00e9agissaient avec violence, confirmant son efficacit\u00e9.<\/li>\n<\/ul>\n\n\n\n<h3 class=\"wp-block-heading\"><strong>3. Pourquoi l&rsquo;Appelait-on \u00ab\u00a0le psaume maudit\u00a0\u00bb ?<\/strong><\/h3>\n\n\n\n<p>Non pas parce qu&rsquo;il \u00e9tait maudit en soi, mais parce que&nbsp;<strong>les d\u00e9mons le maudissaient<\/strong>, car il leur rappelait leur d\u00e9faite face au Christ. Certains manuscrits l&rsquo;appelaient&nbsp;<em>\u00ab\u00a0le psaume qui fait fuir le diable\u00a0\u00bb<\/em>.<\/p>\n\n\n\n<hr class=\"wp-block-separator has-alpha-channel-opacity\"\/>\n\n\n\n<h2 class=\"wp-block-heading\"><strong>III. Pourquoi est-il si Peu Connu Aujourd&rsquo;hui ?<\/strong><\/h2>\n\n\n\n<p>Avec le temps, l&rsquo;usage de ce psaume dans les exorcismes a d\u00e9clin\u00e9. Les raisons sont multiples :<\/p>\n\n\n\n<ol start=\"1\" class=\"wp-block-list\">\n<li><strong>R\u00e9formes Liturgiques<\/strong>\u00a0: Le Concile Vatican II a simplifi\u00e9 de nombreux rites, et certaines traditions se sont perdues.<\/li>\n\n\n\n<li><strong>Manque de Formation<\/strong>\u00a0: Beaucoup de pr\u00eatres ne sont plus familiers avec la\u00a0<strong>th\u00e9ologie de la guerre spirituelle<\/strong>\u00a0qui sous-tendait son usage.<\/li>\n\n\n\n<li><strong>Peur du Sensationalisme<\/strong>\u00a0: L&rsquo;\u00c9glise pr\u00e9f\u00e8re \u00e9viter les pratiques pouvant \u00eatre mal interpr\u00e9t\u00e9es comme de la \u00ab\u00a0magie\u00a0\u00bb.<\/li>\n<\/ol>\n\n\n\n<p>Pourtant,&nbsp;<strong>le d\u00e9mon n&rsquo;a pas cess\u00e9 d&rsquo;agir<\/strong>, et le besoin d&rsquo;armes spirituelles reste actuel.<\/p>\n\n\n\n<hr class=\"wp-block-separator has-alpha-channel-opacity\"\/>\n\n\n\n<h2 class=\"wp-block-heading\"><strong>IV. Devrions-Nous R\u00e9cup\u00e9rer le Psaume 67\/68 Aujourd&rsquo;hui ?<\/strong><\/h2>\n\n\n\n<p>Dans un monde o\u00f9&nbsp;<strong>l&rsquo;occultisme, le satanisme et l&rsquo;oppression d\u00e9moniaque<\/strong>&nbsp;augmentent, ce psaume peut \u00eatre un&nbsp;<strong>bouclier spirituel<\/strong>.<\/p>\n\n\n\n<h3 class=\"wp-block-heading\"><strong>Comment l&rsquo;Utiliser avec Sagesse<\/strong><\/h3>\n\n\n\n<ol start=\"1\" class=\"wp-block-list\">\n<li><strong>Non comme une \u00ab\u00a0formule magique\u00a0\u00bb<\/strong>, mais avec foi et sous direction spirituelle.<\/li>\n\n\n\n<li><strong>Dans la pri\u00e8re personnelle<\/strong>, surtout lors de fortes tentations.<\/li>\n\n\n\n<li><strong>Aux c\u00f4t\u00e9s d&rsquo;autres psaumes de protection<\/strong>\u00a0(comme le 90 ou le 35).<\/li>\n<\/ol>\n\n\n\n<hr class=\"wp-block-separator has-alpha-channel-opacity\"\/>\n\n\n\n<h2 class=\"wp-block-heading\"><strong>Conclusion : Une Arme Oubli\u00e9e, Mais Pas Perdue<\/strong><\/h2>\n\n\n\n<p>Le&nbsp;<strong>Psaume 67\/68<\/strong>&nbsp;n&rsquo;est pas un texte maudit, mais&nbsp;<strong>b\u00e9ni<\/strong>, car il proclame la victoire de Dieu sur le mal. Son pouvoir ne r\u00e9side pas dans les mots, mais dans&nbsp;<strong>l&rsquo;autorit\u00e9 du Christ<\/strong>, qui nous a donn\u00e9 le pouvoir \u00ab\u00a0de marcher sur les serpents et les scorpions\u00a0\u00bb (Lc 10:19).<\/p>\n\n\n\n<p>Aujourd&rsquo;hui, plus que jamais, nous devons&nbsp;<strong>red\u00e9couvrir les armes spirituelles<\/strong>&nbsp;que la Tradition nous a l\u00e9gu\u00e9es.&nbsp;<strong>Oserez-vous invoquer ce psaume dans votre combat ?<\/strong><\/p>\n\n\n\n<blockquote class=\"wp-block-quote is-layout-flow wp-block-quote-is-layout-flow\">\n<p><em>\u00ab\u00a0B\u00e9ni soit le Seigneur, qui chaque jour nous comble de ses bienfaits, le Dieu de notre salut.\u00a0\u00bb<\/em>&nbsp;(Psaume 67\/68, 20)<\/p>\n<\/blockquote>\n\n\n\n<p><strong>Avez-vous utilis\u00e9 ce psaume dans votre vie spirituelle ?<\/strong>&nbsp;Partagez votre exp\u00e9rience en commentaires !<\/p>\n\n\n\n<hr class=\"wp-block-separator has-alpha-channel-opacity\"\/>\n\n\n\n<p><em>[Note : Cet article est informatif et ne remplace pas l&rsquo;accompagnement d&rsquo;un pr\u00eatre ou d&rsquo;un exorciste. En cas d&rsquo;oppression d\u00e9moniaque grave, cherchez une aide eccl\u00e9siale.]<\/em><\/p>\n","protected":false},"excerpt":{"rendered":"<p>\u00ab\u00a0Que Dieu se l\u00e8ve, et que ses ennemis soient dispers\u00e9s !&#8230; Comme la fum\u00e9e se dissipe, qu&rsquo;ils se dissipent ! Comme la cire se fond au feu, que les m\u00e9chants p\u00e9rissent devant Dieu !\u00a0\u00bb&nbsp;(Psaume 67\/68, 2-3) Dans les couloirs obscurs de l&rsquo;histoire de l&rsquo;\u00c9glise, entre exorcismes et combats spirituels, il existait une arme puissante, un &hellip;<\/p>\n","protected":false},"author":3,"featured_media":3114,"comment_status":"open","ping_status":"open","sticky":false,"template":"","format":"standard","meta":{"_seopress_robots_primary_cat":"","_seopress_titles_title":"","_seopress_titles_desc":"","_seopress_robots_index":"","footnotes":""},"categories":[40,58],"tags":[899],"class_list":["post-3113","post","type-post","status-publish","format-standard","has-post-thumbnail","","category-priere-et-spiritualite","category-priere-et-vie-spirituelle","tag-psaume-maudit"],"_links":{"self":[{"href":"https:\/\/catholicus.eu\/fr\/wp-json\/wp\/v2\/posts\/3113","targetHints":{"allow":["GET"]}}],"collection":[{"href":"https:\/\/catholicus.eu\/fr\/wp-json\/wp\/v2\/posts"}],"about":[{"href":"https:\/\/catholicus.eu\/fr\/wp-json\/wp\/v2\/types\/post"}],"author":[{"embeddable":true,"href":"https:\/\/catholicus.eu\/fr\/wp-json\/wp\/v2\/users\/3"}],"replies":[{"embeddable":true,"href":"https:\/\/catholicus.eu\/fr\/wp-json\/wp\/v2\/comments?post=3113"}],"version-history":[{"count":1,"href":"https:\/\/catholicus.eu\/fr\/wp-json\/wp\/v2\/posts\/3113\/revisions"}],"predecessor-version":[{"id":3115,"href":"https:\/\/catholicus.eu\/fr\/wp-json\/wp\/v2\/posts\/3113\/revisions\/3115"}],"wp:featuredmedia":[{"embeddable":true,"href":"https:\/\/catholicus.eu\/fr\/wp-json\/wp\/v2\/media\/3114"}],"wp:attachment":[{"href":"https:\/\/catholicus.eu\/fr\/wp-json\/wp\/v2\/media?parent=3113"}],"wp:term":[{"taxonomy":"category","embeddable":true,"href":"https:\/\/catholicus.eu\/fr\/wp-json\/wp\/v2\/categories?post=3113"},{"taxonomy":"post_tag","embeddable":true,"href":"https:\/\/catholicus.eu\/fr\/wp-json\/wp\/v2\/tags?post=3113"}],"curies":[{"name":"wp","href":"https:\/\/api.w.org\/{rel}","templated":true}]}}