{"id":3074,"date":"2025-03-30T00:15:02","date_gmt":"2025-03-29T23:15:02","guid":{"rendered":"https:\/\/catholicus.eu\/fr\/?p=3074"},"modified":"2025-03-30T00:15:02","modified_gmt":"2025-03-29T23:15:02","slug":"le-jour-ou-les-archives-secretes-du-vatican-ont-brule-entre-mythe-et-realite-historique","status":"publish","type":"post","link":"https:\/\/catholicus.eu\/fr\/le-jour-ou-les-archives-secretes-du-vatican-ont-brule-entre-mythe-et-realite-historique\/","title":{"rendered":"Le jour o\u00f9 les archives secr\u00e8tes du Vatican ont br\u00fbl\u00e9 : entre mythe et r\u00e9alit\u00e9 historique"},"content":{"rendered":"\n<h2 class=\"wp-block-heading\"><strong>Introduction : Un secret qui suscite la controverse<\/strong><\/h2>\n\n\n\n<p>L&rsquo;ann\u00e9e 1929 est marqu\u00e9e par les accords du Latran \u00e9tablissant le Vatican comme \u00c9tat souverain. Pourtant, des rumeurs persistent sur un \u00e9v\u00e9nement trouble :&nbsp;<strong>la pr\u00e9tendue destruction massive d&rsquo;archives secr\u00e8tes du Vatican cette m\u00eame ann\u00e9e<\/strong>. Quelle part de v\u00e9rit\u00e9 dans ces affirmations ? Pourquoi ce sujet reste-t-il controvers\u00e9 pr\u00e8s d&rsquo;un si\u00e8cle plus tard ?<\/p>\n\n\n\n<p>Cet article examine&nbsp;<strong>les preuves, t\u00e9moignages et zones d&rsquo;ombre historiques<\/strong>&nbsp;entourant ce myst\u00e8re, distinguant faits v\u00e9rifiables et th\u00e9ories sp\u00e9culatives, tout en explorant sa pertinence pour les catholiques aujourd&rsquo;hui.<\/p>\n\n\n\n<hr class=\"wp-block-separator has-alpha-channel-opacity\"\/>\n\n\n\n<h2 class=\"wp-block-heading\"><strong>1. Contexte historique : pourquoi 1929 est-il suspect ?<\/strong><\/h2>\n\n\n\n<h3 class=\"wp-block-heading\"><strong>A. Les accords du Latran et le besoin d'\u00a0\u00bbassainissement\u00a0\u00bb<\/strong><\/h3>\n\n\n\n<p>En f\u00e9vrier 1929, le Vatican et l&rsquo;Italie fasciste signent les&nbsp;<strong>accords du Latran<\/strong>, mettant fin \u00e0 des d\u00e9cennies de tensions. Mais cet arrangement politique aurait pu s&rsquo;accompagner d&rsquo;une condition tacite :&nbsp;<strong>\u00e9liminer des documents compromettants<\/strong>&nbsp;sur les relations \u00c9glise-\u00c9tat.<\/p>\n\n\n\n<h3 class=\"wp-block-heading\"><strong>B. La lutte contre la franc-ma\u00e7onnerie<\/strong><\/h3>\n\n\n\n<p>La franc-ma\u00e7onnerie \u00e9tait condamn\u00e9e par l&rsquo;\u00c9glise depuis l&rsquo;encyclique&nbsp;<em>Humanum Genus<\/em>&nbsp;(L\u00e9on XIII, 1884). Dans les ann\u00e9es 1920, de nombreux francs-ma\u00e7ons italiens occupaient des postes cl\u00e9s.&nbsp;<strong>Le Vatican a-t-il d\u00e9truit des preuves d&rsquo;infiltration ma\u00e7onnique dans le clerg\u00e9 ?<\/strong><\/p>\n\n\n\n<h3 class=\"wp-block-heading\"><strong>C. La culture du secret au Vatican<\/strong><\/h3>\n\n\n\n<p>Jusqu&rsquo;en 2020, les&nbsp;<strong>Archives apostoliques vaticanes<\/strong>&nbsp;(auparavant \u00ab\u00a0secr\u00e8tes\u00a0\u00bb) n&rsquo;\u00e9taient accessibles que jusqu&rsquo;en 1939. Cette opacit\u00e9 alimente les th\u00e9ories sur ce qui aurait pu \u00eatre cach\u00e9 &#8211; ou br\u00fbl\u00e9 &#8211; sous Pie XI (1922-1939).<\/p>\n\n\n\n<hr class=\"wp-block-separator has-alpha-channel-opacity\"\/>\n\n\n\n<h2 class=\"wp-block-heading\"><strong>2. Quels documents auraient \u00e9t\u00e9 d\u00e9truits ?<\/strong><\/h2>\n\n\n\n<h3 class=\"wp-block-heading\"><strong>A. Dossiers sur l&rsquo;infiltration ma\u00e7onnique<\/strong><\/h3>\n\n\n\n<ul class=\"wp-block-list\">\n<li><strong>Fait<\/strong>\u00a0: L&rsquo;\u00c9glise a enqu\u00eat\u00e9 sur des clercs li\u00e9s \u00e0 des loges.<\/li>\n\n\n\n<li><strong>Non confirm\u00e9<\/strong>\u00a0: Que des preuves impliquant des cardinaux ou \u00e9v\u00eaques ma\u00e7ons aient \u00e9t\u00e9 br\u00fbl\u00e9es en 1929.<\/li>\n<\/ul>\n\n\n\n<h3 class=\"wp-block-heading\"><strong>B. Proph\u00e9ties \u00ab\u00a0dangereuses\u00a0\u00bb<\/strong><\/h3>\n\n\n\n<ul class=\"wp-block-list\">\n<li><strong>Fait<\/strong>\u00a0: Des textes comme la\u00a0<em>Proph\u00e9tie des papes<\/em>\u00a0(attribu\u00e9e \u00e0 saint Malachie) furent critiqu\u00e9s par l&rsquo;\u00c9glise pour manque de rigueur.<\/li>\n\n\n\n<li><strong>Mythe<\/strong>\u00a0: Aucune preuve d&rsquo;une destruction massive de proph\u00e9ties cette ann\u00e9e-l\u00e0.<\/li>\n<\/ul>\n\n\n\n<h3 class=\"wp-block-heading\"><strong>C. H\u00e9r\u00e9sies et scandales cach\u00e9s<\/strong><\/h3>\n\n\n\n<p>Certains historiens sugg\u00e8rent que des documents sur&nbsp;<strong>des antipapes, schismes ou abus<\/strong>&nbsp;auraient pu \u00eatre \u00e9limin\u00e9s pour prot\u00e9ger l&rsquo;image de l&rsquo;\u00c9glise.<\/p>\n\n\n\n<hr class=\"wp-block-separator has-alpha-channel-opacity\"\/>\n\n\n\n<h2 class=\"wp-block-heading\"><strong>3. Existe-t-il des preuves d&rsquo;autodaf\u00e9s en 1929 ?<\/strong><\/h2>\n\n\n\n<h3 class=\"wp-block-heading\"><strong>T\u00e9moignages indirects<\/strong><\/h3>\n\n\n\n<ul class=\"wp-block-list\">\n<li>Le j\u00e9suite\u00a0<strong>Peter Gumpel<\/strong>\u00a0(expert des archives vaticanes) admit que des documents \u00ab\u00a0sensibles\u00a0\u00bb furent d\u00e9truits avant leur ouverture au public.<\/li>\n\n\n\n<li>L&rsquo;historien\u00a0<strong>David \u00c1lvarez<\/strong>\u00a0documenta des purges s\u00e9lectives \u00e0 diff\u00e9rentes \u00e9poques, sans pr\u00e9ciser 1929.<\/li>\n<\/ul>\n\n\n\n<h3 class=\"wp-block-heading\"><strong>Absence de preuves directes<\/strong><\/h3>\n\n\n\n<ul class=\"wp-block-list\">\n<li><strong>Aucune photo, proc\u00e8s-verbal ou registre officiel<\/strong>\u00a0d&rsquo;une destruction massive cette ann\u00e9e-l\u00e0.<\/li>\n\n\n\n<li>Possible confusion avec d&rsquo;autres \u00e9pisodes (sous Pie X ou Pie XII).<\/li>\n<\/ul>\n\n\n\n<hr class=\"wp-block-separator has-alpha-channel-opacity\"\/>\n\n\n\n<h2 class=\"wp-block-heading\"><strong>4. Pourquoi cette th\u00e9orie persiste-t-elle ?<\/strong><\/h2>\n\n\n\n<h3 class=\"wp-block-heading\"><strong>A. L&rsquo;opacit\u00e9 vaticane<\/strong><\/h3>\n\n\n\n<p>La politique d&rsquo;ouverture&nbsp;<strong>avec des d\u00e9cennies de retard<\/strong>&nbsp;(ex : archives de Pie XII en 2020) nourrit les suspicions.<\/p>\n\n\n\n<h3 class=\"wp-block-heading\"><strong>B. L&rsquo;attrait pour les conspirations<\/strong><\/h3>\n\n\n\n<p>Depuis&nbsp;<em>Le Da Vinci Code<\/em>, les th\u00e9ories sur ce que le Vatican \u00ab\u00a0cache\u00a0\u00bb prolif\u00e8rent. La r\u00e9alit\u00e9 est souvent moins sensationnelle.<\/p>\n\n\n\n<h3 class=\"wp-block-heading\"><strong>C. Des le\u00e7ons valables malgr\u00e9 les incertitudes<\/strong><\/h3>\n\n\n\n<p>M\u00eame sans confirmation des autodaf\u00e9s de 1929,&nbsp;<strong>il est \u00e9tabli que<\/strong>&nbsp;:<\/p>\n\n\n\n<ol start=\"1\" class=\"wp-block-list\">\n<li>L&rsquo;\u00c9glise a d\u00e9truit des documents sensibles \u00e0 d&rsquo;autres occasions (ex : archives de l&rsquo;Inquisition).<\/li>\n\n\n\n<li>La lutte contre les soci\u00e9t\u00e9s secr\u00e8tes comme la franc-ma\u00e7onnerie fut r\u00e9elle.<\/li>\n\n\n\n<li>Certaines proph\u00e9ties priv\u00e9es furent rejet\u00e9es par l&rsquo;\u00c9glise pour manque de fondement.<\/li>\n<\/ol>\n\n\n\n<hr class=\"wp-block-separator has-alpha-channel-opacity\"\/>\n\n\n\n<h2 class=\"wp-block-heading\"><strong>5. Le\u00e7ons pour les catholiques aujourd&rsquo;hui<\/strong><\/h2>\n\n\n\n<ol start=\"1\" class=\"wp-block-list\">\n<li><strong>Transparence vs prudence<\/strong>\u00a0: L&rsquo;\u00c9glise doit concilier v\u00e9rit\u00e9 historique et protection de la foi.<\/li>\n\n\n\n<li><strong>Vigilance face aux id\u00e9ologies secr\u00e8tes<\/strong>\u00a0: La franc-ma\u00e7onnerie moderne et autres soci\u00e9t\u00e9s influencent toujours politique et culture.<\/li>\n\n\n\n<li><strong>Discerner entre r\u00e9v\u00e9lation et superstition<\/strong>\u00a0: Toute \u00ab\u00a0proph\u00e9tie\u00a0\u00bb ne vient pas de Dieu (cf. 1 Jn 4,1).<\/li>\n<\/ol>\n\n\n\n<hr class=\"wp-block-separator has-alpha-channel-opacity\"\/>\n\n\n\n<h2 class=\"wp-block-heading\"><strong>Conclusion : Un myst\u00e8re invitant \u00e0 la r\u00e9flexion, non au complotisme<\/strong><\/h2>\n\n\n\n<p>Y eut-il des autodaf\u00e9s en 1929 ?&nbsp;<strong>C&rsquo;est plausible mais non prouv\u00e9<\/strong>. L&rsquo;essentiel est :<\/p>\n\n\n\n<ul class=\"wp-block-list\">\n<li><strong>D&rsquo;\u00e9viter les mythes<\/strong>\u00a0(comme un Vatican cachant \u00ab\u00a0la fin du monde\u00a0\u00bb).<\/li>\n\n\n\n<li><strong>D&rsquo;apprendre du pass\u00e9<\/strong>\u00a0pour vivre une foi plus solide aujourd&rsquo;hui.<\/li>\n<\/ul>\n\n\n\n<p><strong>Qu&rsquo;en pensez-vous ?<\/strong>&nbsp;Le Vatican devrait-il ouvrir toutes ses archives, ou certains secrets sont-ils n\u00e9cessaires ?<\/p>\n\n\n\n<hr class=\"wp-block-separator has-alpha-channel-opacity\"\/>\n\n\n\n<p>\u271d\ufe0f&nbsp;<strong>Pour approfondir<\/strong>&nbsp;:<\/p>\n\n\n\n<ul class=\"wp-block-list\">\n<li><em>\u00ab\u00a0Les archives secr\u00e8tes du Vatican\u00a0\u00bb<\/em>\u00a0(Grzegorz G\u00f3rny).<\/li>\n\n\n\n<li><em>\u00ab\u00a0L&rsquo;\u00c9glise et la franc-ma\u00e7onnerie : histoire d&rsquo;une condamnation\u00a0\u00bb<\/em>\u00a0(Massimo Introvigne).<\/li>\n<\/ul>\n\n\n\n<p><strong>Partagez cet article pour un d\u00e9bat \u00e9clair\u00e9 !<\/strong><\/p>\n\n\n\n<p><\/p>\n","protected":false},"excerpt":{"rendered":"<p>Introduction : Un secret qui suscite la controverse L&rsquo;ann\u00e9e 1929 est marqu\u00e9e par les accords du Latran \u00e9tablissant le Vatican comme \u00c9tat souverain. Pourtant, des rumeurs persistent sur un \u00e9v\u00e9nement trouble :&nbsp;la pr\u00e9tendue destruction massive d&rsquo;archives secr\u00e8tes du Vatican cette m\u00eame ann\u00e9e. Quelle part de v\u00e9rit\u00e9 dans ces affirmations ? Pourquoi ce sujet reste-t-il controvers\u00e9 &hellip;<\/p>\n","protected":false},"author":3,"featured_media":3075,"comment_status":"open","ping_status":"open","sticky":false,"template":"","format":"standard","meta":{"_seopress_robots_primary_cat":"","_seopress_titles_title":"","_seopress_titles_desc":"","_seopress_robots_index":"","footnotes":""},"categories":[66,41],"tags":[885],"class_list":["post-3074","post","type-post","status-publish","format-standard","has-post-thumbnail","","category-culture-populaire-et-catholicisme","category-foi-et-culture","tag-archives-secretes-du-vatican"],"_links":{"self":[{"href":"https:\/\/catholicus.eu\/fr\/wp-json\/wp\/v2\/posts\/3074","targetHints":{"allow":["GET"]}}],"collection":[{"href":"https:\/\/catholicus.eu\/fr\/wp-json\/wp\/v2\/posts"}],"about":[{"href":"https:\/\/catholicus.eu\/fr\/wp-json\/wp\/v2\/types\/post"}],"author":[{"embeddable":true,"href":"https:\/\/catholicus.eu\/fr\/wp-json\/wp\/v2\/users\/3"}],"replies":[{"embeddable":true,"href":"https:\/\/catholicus.eu\/fr\/wp-json\/wp\/v2\/comments?post=3074"}],"version-history":[{"count":1,"href":"https:\/\/catholicus.eu\/fr\/wp-json\/wp\/v2\/posts\/3074\/revisions"}],"predecessor-version":[{"id":3076,"href":"https:\/\/catholicus.eu\/fr\/wp-json\/wp\/v2\/posts\/3074\/revisions\/3076"}],"wp:featuredmedia":[{"embeddable":true,"href":"https:\/\/catholicus.eu\/fr\/wp-json\/wp\/v2\/media\/3075"}],"wp:attachment":[{"href":"https:\/\/catholicus.eu\/fr\/wp-json\/wp\/v2\/media?parent=3074"}],"wp:term":[{"taxonomy":"category","embeddable":true,"href":"https:\/\/catholicus.eu\/fr\/wp-json\/wp\/v2\/categories?post=3074"},{"taxonomy":"post_tag","embeddable":true,"href":"https:\/\/catholicus.eu\/fr\/wp-json\/wp\/v2\/tags?post=3074"}],"curies":[{"name":"wp","href":"https:\/\/api.w.org\/{rel}","templated":true}]}}