{"id":3065,"date":"2025-03-29T16:51:50","date_gmt":"2025-03-29T15:51:50","guid":{"rendered":"https:\/\/catholicus.eu\/fr\/?p=3065"},"modified":"2025-03-29T16:51:50","modified_gmt":"2025-03-29T15:51:50","slug":"le-secret-des-saints-pour-vaincre-la-paresse-spirituelle-la-methode-de-5-minutes-qui-a-transforme-des-vies-et-peut-changer-la-votre","status":"publish","type":"post","link":"https:\/\/catholicus.eu\/fr\/le-secret-des-saints-pour-vaincre-la-paresse-spirituelle-la-methode-de-5-minutes-qui-a-transforme-des-vies-et-peut-changer-la-votre\/","title":{"rendered":"Le Secret des Saints pour Vaincre la Paresse Spirituelle : La M\u00e9thode de 5 Minutes qui a Transform\u00e9 des Vies (Et Peut Changer la V\u00f4tre !)"},"content":{"rendered":"\n<p><em>Avez-vous d\u00e9j\u00e0 ressenti que la pri\u00e8re \u00e9tait un fardeau, que le d\u00e9couragement vous envahissait, et que malgr\u00e9 votre d\u00e9sir de grandir spirituellement, vous remettiez sans cesse votre vie int\u00e9rieure \u00e0 plus tard ? Vous n\u2019\u00eates pas seul. Mais il existe un rem\u00e8de \u00e9prouv\u00e9 depuis des si\u00e8cles, une technique infaillible utilis\u00e9e par des saints comme Philippe N\u00e9ri, Fran\u00e7ois de Sales et Th\u00e9r\u00e8se d\u2019Avila pour rester en union constante avec Dieu\u2014m\u00eame au milieu du chaos quotidien.<\/em><\/p>\n\n\n\n<h3 class=\"wp-block-heading\"><strong>La Crise Spirituelle de Notre Temps : Pourquoi Avons-Nous du Mal \u00e0 Prier ?<\/strong><\/h3>\n\n\n\n<p>Nous vivons \u00e0 l\u2019\u00e8re des distractions. Les notifications du t\u00e9l\u00e9phone, le stress du travail, l\u2019\u00e9puisement mental et la culture de l\u2019imm\u00e9diatet\u00e9 ont cr\u00e9\u00e9 une g\u00e9n\u00e9ration de \u00ab\u00a0chr\u00e9tiens press\u00e9s\u00a0\u00bb : nous voulons aimer Dieu, mais nous manquons de temps (ou d\u2019\u00e9nergie).<\/p>\n\n\n\n<p>Pourtant, les saints ont fait face \u00e0 des d\u00e9fis similaires.&nbsp;<strong>Saint Philippe N\u00e9ri<\/strong>, le \u00ab\u00a0saint de la joie\u00a0\u00bb, vivait au XVIe si\u00e8cle, une \u00e9poque de crise dans l\u2019\u00c9glise et de d\u00e9cadence morale \u00e0 Rome. Beaucoup de catholiques de son temps \u00e9taient ti\u00e8des\u2014ils priaient par obligation, avec un c\u0153ur froid.<\/p>\n\n\n\n<p>Philippe a d\u00e9couvert un principe spirituel r\u00e9volutionnaire :&nbsp;<strong>la pri\u00e8re constante ne d\u00e9pend pas du temps, mais de l\u2019intensit\u00e9 de l\u2019amour<\/strong>. Et pour raviver cet amour, il a imagin\u00e9 une m\u00e9thode simple mais profonde :&nbsp;<strong>la \u00ab\u00a0pri\u00e8re de 5 minutes\u00a0\u00bb<\/strong>.<\/p>\n\n\n\n<hr class=\"wp-block-separator has-alpha-channel-opacity\"\/>\n\n\n\n<h3 class=\"wp-block-heading\"><strong>La M\u00e9thode de Saint Philippe N\u00e9ri : De Petits Moments pour de Grands Miracles<\/strong><\/h3>\n\n\n\n<p>Philippe n\u2019exigeait pas de ses disciples des heures de m\u00e9ditation. \u00c0 la place, il leur enseignait ceci :<\/p>\n\n\n\n<blockquote class=\"wp-block-quote is-layout-flow wp-block-quote-is-layout-flow\">\n<p><em>\u00ab\u00a0\u00c0 n\u2019importe quel moment de la journ\u00e9e, arr\u00eatez-vous pendant seulement 5 minutes. Fermez les yeux, respirez profond\u00e9ment et dites \u00e0 Dieu : \u2018Seigneur, me voici. Que veux-Tu de moi en ce moment ?\u2019 Puis, \u00e9coutez en silence.\u00a0\u00bb<\/em><\/p>\n<\/blockquote>\n\n\n\n<p>Cela semble simple, mais sa puissance repose sur trois cl\u00e9s th\u00e9ologiques :<\/p>\n\n\n\n<ol start=\"1\" class=\"wp-block-list\">\n<li><strong>Le \u00ab\u00a0Maintenant\u00a0\u00bb Divin<\/strong>\u00a0: Dieu ne parle pas seulement lors de longues retraites, mais dans le quotidien. Comme le disait Sainte Th\u00e9r\u00e8se :\u00a0<em>\u00ab\u00a0Il se prom\u00e8ne parmi les casseroles.\u00a0\u00bb<\/em><\/li>\n\n\n\n<li><strong>Le Combat Contre l\u2019Ac\u00e9die<\/strong>\u00a0: Les P\u00e8res du D\u00e9sert appelaient \u00ab\u00a0ac\u00e9die\u00a0\u00bb cette paresse spirituelle qui nous pousse \u00e0 \u00e9viter la pri\u00e8re. Cinq minutes brisent la r\u00e9sistance initiale.<\/li>\n\n\n\n<li><strong>La Memoria Dei (Souvenir de Dieu)<\/strong>\u00a0: Une pratique monastique ancienne pour \u00ab\u00a0prier sans cesse\u00a0\u00bb (1 Thessaloniciens 5:17).<\/li>\n<\/ol>\n\n\n\n<hr class=\"wp-block-separator has-alpha-channel-opacity\"\/>\n\n\n\n<h3 class=\"wp-block-heading\"><strong>Comment l\u2019appliquer aujourd\u2019hui (\u00c9tape par \u00c9tape)<\/strong><\/h3>\n\n\n\n<ol start=\"1\" class=\"wp-block-list\">\n<li><strong>Choisissez un \u00ab\u00a0Rappel Spirituel\u00a0\u00bb<\/strong>\u00a0: Utilisez une activit\u00e9 quotidienne (par exemple, chaque fois que votre t\u00e9l\u00e9phone sonne, avant de consulter les r\u00e9seaux sociaux) comme rappel pour vos 5 minutes de pri\u00e8re.<\/li>\n\n\n\n<li><strong>Agissez comme le Publicain (Luc 18:13)<\/strong>\u00a0: Pas besoin de mots \u00e9loquents. Un simple\u00a0<em>\u00ab\u00a0J\u00e9sus, aie piti\u00e9 de moi\u00a0\u00bb<\/em>\u00a0suffit.<\/li>\n\n\n\n<li><strong>Combinez avec un \u00ab\u00a0Examen Rapide\u00a0\u00bb<\/strong>\u00a0: \u00c0 la fin de la journ\u00e9e, demandez-vous :\u00a0<em>\u00ab\u00a0Quand me suis-je senti le plus en paix aujourd\u2019hui ? Quand me suis-je \u00e9loign\u00e9 de Dieu ?\u00a0\u00bb<\/em><\/li>\n<\/ol>\n\n\n\n<hr class=\"wp-block-separator has-alpha-channel-opacity\"\/>\n\n\n\n<h3 class=\"wp-block-heading\"><strong>Les Fruits que Vous Verrez (Selon la Tradition)<\/strong><\/h3>\n\n\n\n<ul class=\"wp-block-list\">\n<li><strong>Une Plus Grande Sensibilit\u00e9 \u00e0 la Voix de Dieu<\/strong>\u00a0: Comme Samuel (1 Samuel 3:10), vous apprendrez \u00e0 discerner Son appel dans les moments ordinaires.<\/li>\n\n\n\n<li><strong>La Victoire sur la S\u00e9cheresse<\/strong>\u00a0: Saint Jean de la Croix enseignait que m\u00eame la pri\u00e8re \u00ab\u00a0aride\u00a0\u00bb est un acte d\u2019amour.<\/li>\n\n\n\n<li><strong>Une Transformation Sociale<\/strong>\u00a0: Philippe N\u00e9ri a converti Rome avec cette m\u00e9thode. Aujourd\u2019hui, votre famille ou votre lieu de travail peut \u00eatre votre \u00ab\u00a0Rome\u00a0\u00bb.<\/li>\n<\/ul>\n\n\n\n<hr class=\"wp-block-separator has-alpha-channel-opacity\"\/>\n\n\n\n<h3 class=\"wp-block-heading\"><strong>Pourquoi \u00e7a Marche ? La Science et la Foi le Confirment<\/strong><\/h3>\n\n\n\n<p>Des \u00e9tudes modernes (comme celles du&nbsp;<em>Princeton Neuroscience and Spirituality Institute<\/em>) montrent que&nbsp;<strong>de courtes pauses pour r\u00e9fl\u00e9chir r\u00e9duisent le stress et augmentent la clart\u00e9 mentale<\/strong>. Les saints le savaient :&nbsp;<strong>la pri\u00e8re est l\u2019oxyg\u00e8ne de l\u2019\u00e2me.<\/strong><\/p>\n\n\n\n<hr class=\"wp-block-separator has-alpha-channel-opacity\"\/>\n\n\n\n<h3 class=\"wp-block-heading\"><strong>Un D\u00e9fi pour Vous (L\u2019Acceptez-Vous ?)<\/strong><\/h3>\n\n\n\n<p>Aujourd\u2019hui, choisissez&nbsp;<strong>trois moments<\/strong>&nbsp;pour votre \u00ab\u00a0pri\u00e8re \u00e9clair\u00a0\u00bb. N\u2019attendez pas de sentiment particulier. Comme disait Saint Ignace :&nbsp;<em>\u00ab\u00a0Agissez comme si tout d\u00e9pendait de vous, en sachant que tout d\u00e9pend de Dieu.\u00a0\u00bb<\/em><\/p>\n\n\n\n<blockquote class=\"wp-block-quote is-layout-flow wp-block-quote-is-layout-flow\">\n<p><em>\u00ab\u00a0Le diable craint plus une \u00e2me qui prie constamment que mille \u00e2mes pleines de ferveur passag\u00e8re.\u00a0\u00bb<\/em>&nbsp;\u2014 Saint Padre Pio<\/p>\n<\/blockquote>\n\n\n\n<p>Pr\u00eat \u00e0 vaincre la paresse ?&nbsp;<strong>Votre vie spirituelle est \u00e0 5 minutes d\u2019une renaissance.<\/strong><\/p>\n\n\n\n<p><em>(Si cet article vous a aid\u00e9, partagez-le avec quelqu\u2019un qui lutte contre la paresse spirituelle. La gr\u00e2ce se multiplie !)<\/em><\/p>\n\n\n\n<hr class=\"wp-block-separator has-alpha-channel-opacity\"\/>\n\n\n\n<p><strong>Vous voulez aller plus loin ?<\/strong>&nbsp;Nous recommandons :<\/p>\n\n\n\n<ul class=\"wp-block-list\">\n<li><em>\u00ab\u00a0L\u2019Art d\u2019Aimer Dieu\u00a0\u00bb<\/em>\u00a0de Saint Fran\u00e7ois de Sales.<\/li>\n\n\n\n<li><em>\u00ab\u00a0Le Chemin de la Perfection\u00a0\u00bb<\/em>\u00a0de Sainte Th\u00e9r\u00e8se d\u2019Avila.<\/li>\n\n\n\n<li><em>\u00ab\u00a0Lettres aux Asc\u00e8tes\u00a0\u00bb<\/em>\u00a0de Saint Philippe N\u00e9ri.<\/li>\n<\/ul>\n","protected":false},"excerpt":{"rendered":"<p>Avez-vous d\u00e9j\u00e0 ressenti que la pri\u00e8re \u00e9tait un fardeau, que le d\u00e9couragement vous envahissait, et que malgr\u00e9 votre d\u00e9sir de grandir spirituellement, vous remettiez sans cesse votre vie int\u00e9rieure \u00e0 plus tard ? Vous n\u2019\u00eates pas seul. Mais il existe un rem\u00e8de \u00e9prouv\u00e9 depuis des si\u00e8cles, une technique infaillible utilis\u00e9e par des saints comme Philippe &hellip;<\/p>\n","protected":false},"author":3,"featured_media":3066,"comment_status":"open","ping_status":"open","sticky":false,"template":"","format":"standard","meta":{"_seopress_robots_primary_cat":"","_seopress_titles_title":"","_seopress_titles_desc":"","_seopress_robots_index":"","footnotes":""},"categories":[40,58],"tags":[882],"class_list":["post-3065","post","type-post","status-publish","format-standard","has-post-thumbnail","","category-priere-et-spiritualite","category-priere-et-vie-spirituelle","tag-paresse-spirituelle"],"_links":{"self":[{"href":"https:\/\/catholicus.eu\/fr\/wp-json\/wp\/v2\/posts\/3065","targetHints":{"allow":["GET"]}}],"collection":[{"href":"https:\/\/catholicus.eu\/fr\/wp-json\/wp\/v2\/posts"}],"about":[{"href":"https:\/\/catholicus.eu\/fr\/wp-json\/wp\/v2\/types\/post"}],"author":[{"embeddable":true,"href":"https:\/\/catholicus.eu\/fr\/wp-json\/wp\/v2\/users\/3"}],"replies":[{"embeddable":true,"href":"https:\/\/catholicus.eu\/fr\/wp-json\/wp\/v2\/comments?post=3065"}],"version-history":[{"count":1,"href":"https:\/\/catholicus.eu\/fr\/wp-json\/wp\/v2\/posts\/3065\/revisions"}],"predecessor-version":[{"id":3067,"href":"https:\/\/catholicus.eu\/fr\/wp-json\/wp\/v2\/posts\/3065\/revisions\/3067"}],"wp:featuredmedia":[{"embeddable":true,"href":"https:\/\/catholicus.eu\/fr\/wp-json\/wp\/v2\/media\/3066"}],"wp:attachment":[{"href":"https:\/\/catholicus.eu\/fr\/wp-json\/wp\/v2\/media?parent=3065"}],"wp:term":[{"taxonomy":"category","embeddable":true,"href":"https:\/\/catholicus.eu\/fr\/wp-json\/wp\/v2\/categories?post=3065"},{"taxonomy":"post_tag","embeddable":true,"href":"https:\/\/catholicus.eu\/fr\/wp-json\/wp\/v2\/tags?post=3065"}],"curies":[{"name":"wp","href":"https:\/\/api.w.org\/{rel}","templated":true}]}}