{"id":3050,"date":"2025-03-29T09:13:12","date_gmt":"2025-03-29T08:13:12","guid":{"rendered":"https:\/\/catholicus.eu\/fr\/?p=3050"},"modified":"2025-03-29T09:13:13","modified_gmt":"2025-03-29T08:13:13","slug":"la-cene-le-mystere-qui-a-change-lhistoire-et-pourquoi-le-monde-moderne-ne-le-comprend-pas","status":"publish","type":"post","link":"https:\/\/catholicus.eu\/fr\/la-cene-le-mystere-qui-a-change-lhistoire-et-pourquoi-le-monde-moderne-ne-le-comprend-pas\/","title":{"rendered":"La C\u00e8ne : Le Myst\u00e8re qui a chang\u00e9 l&rsquo;Histoire &#8211; et pourquoi le monde moderne ne le comprend pas"},"content":{"rendered":"\n<p><em>\u00ab\u00a0Prenez et mangez, ceci est mon Corps&#8230; Ceci est mon Sang, le Sang de l&rsquo;Alliance nouvelle\u00a0\u00bb<\/em>&nbsp;(Matthieu 26:26-28).<\/p>\n\n\n\n<p>Par ces paroles, J\u00e9sus-Christ n&rsquo;a pas simplement institu\u00e9 l&rsquo;Eucharistie &#8211; Il a r\u00e9v\u00e9l\u00e9 un myst\u00e8re si profond qu&rsquo;il transcende tout repas juif ordinaire. La C\u00e8ne n&rsquo;\u00e9tait pas un simple repas pascal juif (seder) : c&rsquo;\u00e9tait le moment o\u00f9 l&rsquo;Ancien Testament atteignait son accomplissement, et o\u00f9 le Nouveau naissait dans le Sang de l&rsquo;Agneau.<\/p>\n\n\n\n<p>Dans cet article, nous d\u00e9couvrirons :<br>\u2705 Pourquoi la C\u00e8ne n&rsquo;\u00e9tait pas un repas juif ordinaire<br>\u2705 La v\u00e9ritable signification liturgique que le Jeudi Saint nous r\u00e9v\u00e8le<br>\u2705 Comment les rites du Temple de J\u00e9rusalem pr\u00e9figuraient ce moment<br>\u2705 Pourquoi la Messe est l&rsquo;accomplissement &#8211; et non l&rsquo;abolition &#8211; de la P\u00e2que juive<br>\u2705 Ce que cela signifie pour les catholiques aujourd&rsquo;hui<\/p>\n\n\n\n<p>Pr\u00e9parez-vous pour un voyage qui reliera l&rsquo;Exode au Calvaire, l&rsquo;agneau pascal \u00e0 la Croix, et l&rsquo;Ancienne Alliance \u00e0 l&rsquo;Eucharistie.<\/p>\n\n\n\n<hr class=\"wp-block-separator has-alpha-channel-opacity\"\/>\n\n\n\n<h3 class=\"wp-block-heading\"><strong>I. La C\u00e8ne : bien plus qu&rsquo;un seder pascal<\/strong><\/h3>\n\n\n\n<p>Beaucoup pensent que la C\u00e8ne \u00e9tait simplement un repas pascal juif (seder). Mais une analyse plus profonde montre que le Christ accomplissait quelque chose de radicalement nouveau :<\/p>\n\n\n\n<p>\ud83d\udd39&nbsp;<strong>J\u00e9sus modifie l&rsquo;ordre traditionnel<\/strong>&nbsp;: Dans un seder normal, l&rsquo;agneau est central. Pourtant, le Christ ne mentionne pas l&rsquo;agneau&#8230; parce qu&rsquo;Il est l&rsquo;Agneau (1 Corinthiens 5:7).<\/p>\n\n\n\n<p>\ud83d\udd39&nbsp;<strong>La coupe de la \u00ab\u00a0Nouvelle Alliance\u00a0\u00bb<\/strong>&nbsp;: Les Juifs buvaient quatre coupes lors de la P\u00e2que, mais le Christ en \u00e9l\u00e8ve une cinqui\u00e8me &#8211; la coupe de son Sang &#8211; inaugurant une Alliance \u00e9ternelle (J\u00e9r\u00e9mie 31:31).<\/p>\n\n\n\n<p>\ud83d\udd39&nbsp;<strong>Le pain qui n&rsquo;est plus simplement du pain<\/strong>&nbsp;: Quand Il dit \u00ab\u00a0Ceci est mon Corps\u00a0\u00bb, le Christ ne parlait pas symboliquement. Aucun rabbin n&rsquo;aurait dit cela lors d&rsquo;un repas ordinaire. C&rsquo;\u00e9tait un acte d&rsquo;autorit\u00e9 divine.<\/p>\n\n\n\n<hr class=\"wp-block-separator has-alpha-channel-opacity\"\/>\n\n\n\n<h3 class=\"wp-block-heading\"><strong>II. Ce que la liturgie du Jeudi Saint nous r\u00e9v\u00e8le<\/strong><\/h3>\n\n\n\n<p>Le Jeudi Saint, l&rsquo;\u00c9glise ne fait pas que \u00ab\u00a0se souvenir\u00a0\u00bb de la C\u00e8ne &#8211; elle la rend sacramentellement pr\u00e9sente. Chaque d\u00e9tail liturgique porte une signification th\u00e9ologique immense :<\/p>\n\n\n\n<p>\u271d\ufe0f&nbsp;<strong>Le Lavement des pieds<\/strong>&nbsp;: Pas seulement un geste d&rsquo;humilit\u00e9, mais une purification sacerdotale (Exode 30:19-21). Le Christ pr\u00e9pare ses ap\u00f4tres au nouveau sacerdoce.<\/p>\n\n\n\n<p>\u271d\ufe0f&nbsp;<strong>Le silence apr\u00e8s le Gloria<\/strong>&nbsp;: L&rsquo;autel est d\u00e9pouill\u00e9, annon\u00e7ant le sacrifice du Vendredi Saint.<\/p>\n\n\n\n<p>\u271d\ufe0f&nbsp;<strong>La R\u00e9serve eucharistique<\/strong>&nbsp;: Le \u00ab\u00a0Reposoir\u00a0\u00bb n&rsquo;est pas qu&rsquo;une tradition pieuse &#8211; il anticipe le tombeau du Christ.<\/p>\n\n\n\n<hr class=\"wp-block-separator has-alpha-channel-opacity\"\/>\n\n\n\n<h3 class=\"wp-block-heading\"><strong>III. Pourquoi cela importe aujourd&rsquo;hui<\/strong><\/h3>\n\n\n\n<p>Dans un monde qui banalise le sacr\u00e9, comprendre la C\u00e8ne comme un acte divino-liturgique (et non comme un simple repas) est crucial car :<\/p>\n\n\n\n<p>\ud83d\udd25&nbsp;<strong>L&rsquo;Eucharistie n&rsquo;est pas un symbole &#8211; c&rsquo;est une Pr\u00e9sence R\u00e9elle<\/strong>&nbsp;(Jean 6:53).<br>\ud83d\udd25&nbsp;<strong>La Messe n&rsquo;est pas une r\u00e9union &#8211; c&rsquo;est le Calvaire rendu pr\u00e9sent<\/strong>.<br>\ud83d\udd25&nbsp;<strong>Le pr\u00eatre n&rsquo;est pas un animateur &#8211; il est alter Christus, agissant in persona Christi<\/strong>.<\/p>\n\n\n\n<hr class=\"wp-block-separator has-alpha-channel-opacity\"\/>\n\n\n\n<h3 class=\"wp-block-heading\"><strong>Conclusion : Le myst\u00e8re que le monde ne peut saisir<\/strong><\/h3>\n\n\n\n<p>Alors que la modernit\u00e9 r\u00e9duit la religion \u00e0 du moralisme ou du sentimentalisme, l&rsquo;\u00c9glise continue de proclamer cette v\u00e9rit\u00e9 qui d\u00e9range : Dieu s&rsquo;est fait nourriture.<\/p>\n\n\n\n<p>Ce Jeudi Saint, lorsque vous verrez le pr\u00eatre \u00e9lever l&rsquo;Hostie, souvenez-vous : vous n&rsquo;assistez pas \u00e0 un rituel vide. Vous \u00eates dans la salle du C\u00e9nacle, au Calvaire, et au Banquet c\u00e9leste &#8211; tous en m\u00eame temps.<\/p>\n\n\n\n<p><em>\u00ab\u00a0\u00d4 banquet sacr\u00e9, o\u00f9 l&rsquo;on re\u00e7oit le Christ,<br>o\u00f9 se renouvelle le souvenir de sa Passion,<br>o\u00f9 l&rsquo;\u00e2me est combl\u00e9e de gr\u00e2ce,<br>et o\u00f9 nous est donn\u00e9 le gage de la gloire future !\u00a0\u00bb<\/em><\/p>\n\n\n\n<ul class=\"wp-block-list\">\n<li>Saint Thomas d&rsquo;Aquin<\/li>\n<\/ul>\n\n\n\n<p><strong>\u00cates-vous pr\u00eat \u00e0 vivre la Messe pour ce qu&rsquo;elle est vraiment ?<\/strong><\/p>\n\n\n\n[Invitez les lecteurs \u00e0 partager l&rsquo;article et \u00e0 commenter comment cette perspective change leur exp\u00e9rience de la Semaine Sainte.]\n\n\n\n<hr class=\"wp-block-separator has-alpha-channel-opacity\"\/>\n\n\n\n<p><strong>\ud83d\udccc Pour aller plus loin :<\/strong><\/p>\n\n\n\n<ul class=\"wp-block-list\">\n<li>\u00ab\u00a0J\u00e9sus et les racines juives de l&rsquo;Eucharistie\u00a0\u00bb (Brant Pitre)<\/li>\n\n\n\n<li>\u00ab\u00a0Le Saint Sacrifice de la Messe\u00a0\u00bb (Martin von Cochem)<\/li>\n\n\n\n<li>Cat\u00e9chisme de l&rsquo;\u00c9glise Catholique (n\u00b01322-1419)<\/li>\n<\/ul>\n","protected":false},"excerpt":{"rendered":"<p>\u00ab\u00a0Prenez et mangez, ceci est mon Corps&#8230; Ceci est mon Sang, le Sang de l&rsquo;Alliance nouvelle\u00a0\u00bb&nbsp;(Matthieu 26:26-28). Par ces paroles, J\u00e9sus-Christ n&rsquo;a pas simplement institu\u00e9 l&rsquo;Eucharistie &#8211; Il a r\u00e9v\u00e9l\u00e9 un myst\u00e8re si profond qu&rsquo;il transcende tout repas juif ordinaire. La C\u00e8ne n&rsquo;\u00e9tait pas un simple repas pascal juif (seder) : c&rsquo;\u00e9tait le moment o\u00f9 &hellip;<\/p>\n","protected":false},"author":3,"featured_media":3051,"comment_status":"open","ping_status":"open","sticky":false,"template":"","format":"standard","meta":{"_seopress_robots_primary_cat":"","_seopress_titles_title":"","_seopress_titles_desc":"","_seopress_robots_index":"","footnotes":""},"categories":[38,52],"tags":[782],"class_list":["post-3050","post","type-post","status-publish","format-standard","has-post-thumbnail","","category-histoire-et-tradition","category-liturgie-et-annee-liturgique","tag-la-cene"],"_links":{"self":[{"href":"https:\/\/catholicus.eu\/fr\/wp-json\/wp\/v2\/posts\/3050","targetHints":{"allow":["GET"]}}],"collection":[{"href":"https:\/\/catholicus.eu\/fr\/wp-json\/wp\/v2\/posts"}],"about":[{"href":"https:\/\/catholicus.eu\/fr\/wp-json\/wp\/v2\/types\/post"}],"author":[{"embeddable":true,"href":"https:\/\/catholicus.eu\/fr\/wp-json\/wp\/v2\/users\/3"}],"replies":[{"embeddable":true,"href":"https:\/\/catholicus.eu\/fr\/wp-json\/wp\/v2\/comments?post=3050"}],"version-history":[{"count":1,"href":"https:\/\/catholicus.eu\/fr\/wp-json\/wp\/v2\/posts\/3050\/revisions"}],"predecessor-version":[{"id":3052,"href":"https:\/\/catholicus.eu\/fr\/wp-json\/wp\/v2\/posts\/3050\/revisions\/3052"}],"wp:featuredmedia":[{"embeddable":true,"href":"https:\/\/catholicus.eu\/fr\/wp-json\/wp\/v2\/media\/3051"}],"wp:attachment":[{"href":"https:\/\/catholicus.eu\/fr\/wp-json\/wp\/v2\/media?parent=3050"}],"wp:term":[{"taxonomy":"category","embeddable":true,"href":"https:\/\/catholicus.eu\/fr\/wp-json\/wp\/v2\/categories?post=3050"},{"taxonomy":"post_tag","embeddable":true,"href":"https:\/\/catholicus.eu\/fr\/wp-json\/wp\/v2\/tags?post=3050"}],"curies":[{"name":"wp","href":"https:\/\/api.w.org\/{rel}","templated":true}]}}