{"id":2899,"date":"2025-03-22T09:08:06","date_gmt":"2025-03-22T08:08:06","guid":{"rendered":"https:\/\/catholicus.eu\/fr\/?p=2899"},"modified":"2025-03-22T23:28:53","modified_gmt":"2025-03-22T22:28:53","slug":"la-9e-station-du-chemin-de-croix-jesus-tombe-pour-la-troisieme-fois-sous-la-croix","status":"publish","type":"post","link":"https:\/\/catholicus.eu\/fr\/la-9e-station-du-chemin-de-croix-jesus-tombe-pour-la-troisieme-fois-sous-la-croix\/","title":{"rendered":"La 9e Station du Chemin de Croix : J\u00e9sus tombe pour la troisi\u00e8me fois sous la croix"},"content":{"rendered":"\n<p><em>Un appel \u00e0 la pers\u00e9v\u00e9rance au milieu de l&rsquo;\u00e9puisement<\/em><\/p>\n\n\n\n<p>Le Chemin de Croix, cette d\u00e9votion profond\u00e9ment enracin\u00e9e dans la spiritualit\u00e9 catholique, nous invite \u00e0 accompagner J\u00e9sus sur Son chemin vers le Calvaire. Chaque station est un miroir qui refl\u00e8te non seulement la souffrance du Sauveur, mais aussi les luttes et les chutes que nous affrontons tous dans notre vie quotidienne. La neuvi\u00e8me station, en particulier, nous confronte \u00e0 une sc\u00e8ne d\u00e9chirante :&nbsp;<strong>J\u00e9sus tombe pour la troisi\u00e8me fois sous le poids de la croix<\/strong>. Ce moment, charg\u00e9 de symbolisme et de profondeur th\u00e9ologique, nous parle de la fragilit\u00e9 humaine, de la pers\u00e9v\u00e9rance et de la r\u00e9demption qui na\u00eet d&rsquo;un abandon total.<\/p>\n\n\n\n<h3 class=\"wp-block-heading\"><strong>Origine et contexte historique<\/strong><\/h3>\n\n\n\n<p>Le Chemin de Croix, tel que nous le connaissons aujourd&rsquo;hui, trouve ses racines dans la tradition m\u00e9di\u00e9vale, lorsque les p\u00e8lerins visitant J\u00e9rusalem cherchaient \u00e0 revivre le chemin de J\u00e9sus vers le Golgotha. Bien que les \u00c9vangiles ne d\u00e9taillent pas chaque chute du Christ, la tradition eccl\u00e9siale, guid\u00e9e par la r\u00e9flexion spirituelle et la pi\u00e9t\u00e9 populaire, a identifi\u00e9 trois moments o\u00f9 J\u00e9sus tombe sous le poids de la croix. La neuvi\u00e8me station repr\u00e9sente la derni\u00e8re de ces chutes, survenue pr\u00e8s du lieu de la crucifixion.<\/p>\n\n\n\n<p>Il est important de se rappeler qu&rsquo;apr\u00e8s avoir \u00e9t\u00e9 flagell\u00e9, couronn\u00e9 d&rsquo;\u00e9pines et forc\u00e9 \u00e0 porter la poutre horizontale de la croix (le&nbsp;<em>patibulum<\/em>), J\u00e9sus \u00e9tait physiquement \u00e9puis\u00e9. Le poids de la croix, ajout\u00e9 \u00e0 la perte de sang, \u00e0 la d\u00e9shydratation et \u00e0 la douleur extr\u00eame, rendait presque impossible pour Lui de continuer. Pourtant, Il le fait. Et dans cette troisi\u00e8me chute, nous voyons non seulement l&rsquo;\u00e9puisement physique, mais aussi le poids \u00e9crasant des p\u00e9ch\u00e9s de l&rsquo;humanit\u00e9 qu&rsquo;Il portait sur Ses \u00e9paules.<\/p>\n\n\n\n<h3 class=\"wp-block-heading\"><strong>Signification th\u00e9ologique de la troisi\u00e8me chute<\/strong><\/h3>\n\n\n\n<p>La troisi\u00e8me chute de J\u00e9sus est un moment d&rsquo;enseignement spirituel profond. En elle, nous pouvons identifier plusieurs niveaux de signification :<\/p>\n\n\n\n<ol start=\"1\" class=\"wp-block-list\">\n<li><strong>La fragilit\u00e9 humaine<\/strong>\u00a0: J\u00e9sus, vrai Dieu et vrai homme, exp\u00e9rimente la faiblesse humaine de premi\u00e8re main. Sa chute nous rappelle que, bien que nous soyons des cr\u00e9atures fragiles et limit\u00e9es, notre faiblesse n&rsquo;est pas un obstacle \u00e0 la gr\u00e2ce de Dieu. Au contraire, c&rsquo;est dans notre fragilit\u00e9 que Dieu manifeste Sa puissance. Comme le dit saint Paul :\u00a0<em>\u00ab\u00a0Lorsque je suis faible, c&rsquo;est alors que je suis fort\u00a0\u00bb<\/em>\u00a0(2 Corinthiens 12, 10).<\/li>\n\n\n\n<li><strong>Le poids du p\u00e9ch\u00e9<\/strong>\u00a0: La croix que J\u00e9sus porte n&rsquo;est pas seulement une poutre physique ; elle est le symbole du p\u00e9ch\u00e9 de l&rsquo;humanit\u00e9. Chacune de nos fautes, de nos \u00e9go\u00efsmes et de nos omissions ajoute du poids \u00e0 cette croix. La troisi\u00e8me chute nous invite \u00e0 r\u00e9fl\u00e9chir \u00e0 la mani\u00e8re dont nos actions, ou leur absence, contribuent \u00e0 la souffrance du Christ et de nos fr\u00e8res et s\u0153urs.<\/li>\n\n\n\n<li><strong>La pers\u00e9v\u00e9rance dans l&rsquo;amour<\/strong>\u00a0: Malgr\u00e9 la chute, J\u00e9sus se rel\u00e8ve. Il ne le fait pas par Sa propre force, mais par amour pour nous. Cet acte de se relever pour la troisi\u00e8me fois est un t\u00e9moignage que l&rsquo;amour est plus fort que la douleur, que l&rsquo;esp\u00e9rance peut surgir m\u00eame dans les moments les plus sombres.<\/li>\n<\/ol>\n\n\n\n<h3 class=\"wp-block-heading\"><strong>Pertinence dans le contexte actuel<\/strong><\/h3>\n\n\n\n<p>Dans un monde marqu\u00e9 par l&rsquo;incertitude, l&rsquo;\u00e9puisement et le d\u00e9sespoir, la neuvi\u00e8me station du Chemin de Croix a un message profond\u00e9ment actuel. Beaucoup d&rsquo;entre nous se sentent accabl\u00e9s par le poids de nos propres \u00ab\u00a0croix\u00a0\u00bb : probl\u00e8mes familiaux, difficult\u00e9s financi\u00e8res, maladies, solitude ou d\u00e9sillusion. Dans ces moments, l&rsquo;image de J\u00e9sus tombant pour la troisi\u00e8me fois nous rappelle que nous ne sommes pas seuls dans notre souffrance.<\/p>\n\n\n\n<p>De plus, cette station nous challenge \u00e0 regarder au-del\u00e0 de nous-m\u00eames. Tout comme J\u00e9sus a port\u00e9 la croix par amour pour l&rsquo;humanit\u00e9, nous sommes appel\u00e9s \u00e0 porter les croix des autres, \u00e0 \u00eatre compatissants et solidaires dans un monde qui semble souvent indiff\u00e9rent \u00e0 la douleur d&rsquo;autrui.<\/p>\n\n\n\n<h3 class=\"wp-block-heading\"><strong>Un guide spirituel pour notre vie<\/strong><\/h3>\n\n\n\n<p>La neuvi\u00e8me station n&rsquo;est pas seulement un moment \u00e0 contempler, mais aussi \u00e0 mettre en pratique. Voici quelques r\u00e9flexions et actions que nous pouvons int\u00e9grer dans notre vie quotidienne :<\/p>\n\n\n\n<ol start=\"1\" class=\"wp-block-list\">\n<li><strong>Accepter nos chutes<\/strong>\u00a0: Nous \u00e9chouons tous ; nous avons tous des moments de faiblesse. Au lieu de nous d\u00e9courager, nous pouvons offrir ces chutes \u00e0 Dieu, en Lui faisant confiance pour les transformer en occasions de croissance.<\/li>\n\n\n\n<li><strong>Se relever avec esp\u00e9rance<\/strong>\u00a0: La troisi\u00e8me chute de J\u00e9sus nous enseigne que, peu importe la difficult\u00e9 du chemin, il y a toujours une raison de se relever. L&rsquo;esp\u00e9rance chr\u00e9tienne n&rsquo;est pas un optimisme superficiel, mais la certitude que Dieu est avec nous, m\u00eame dans les moments les plus sombres.<\/li>\n\n\n\n<li><strong>Porter les croix des autres<\/strong>\u00a0: Dans un monde individualiste, nous sommes appel\u00e9s \u00e0 \u00eatre comme Simon de Cyr\u00e8ne, qui a aid\u00e9 J\u00e9sus \u00e0 porter la croix. Nous pouvons le faire \u00e0 travers de petits actes de bont\u00e9, une \u00e9coute attentive et un service d\u00e9sint\u00e9ress\u00e9.<\/li>\n\n\n\n<li><strong>Faire confiance \u00e0 la r\u00e9demption<\/strong>\u00a0: La chute de J\u00e9sus n&rsquo;est pas la fin de l&rsquo;histoire. Sa r\u00e9surrection nous rappelle qu&rsquo;apr\u00e8s la souffrance, il y a la vie ; apr\u00e8s la croix, il y a la gloire.<\/li>\n<\/ol>\n\n\n\n<h3 class=\"wp-block-heading\"><strong>Une citation pour m\u00e9diter<\/strong><\/h3>\n\n\n\n<p>Le proph\u00e8te Isa\u00efe, dans l&rsquo;un des \u00ab\u00a0Chants du Serviteur Souffrant\u00a0\u00bb, nous offre une image qui r\u00e9sonne profond\u00e9ment avec cette station :&nbsp;<em>\u00ab\u00a0Il a \u00e9t\u00e9 transperc\u00e9 \u00e0 cause de nos p\u00e9ch\u00e9s, \u00e9cras\u00e9 \u00e0 cause de nos fautes. Le ch\u00e2timent qui nous donne la paix est tomb\u00e9 sur Lui, et c&rsquo;est par Ses blessures que nous sommes gu\u00e9ris\u00a0\u00bb<\/em>&nbsp;(Isa\u00efe 53, 5). Ces paroles nous rappellent que la souffrance de J\u00e9sus n&rsquo;a pas \u00e9t\u00e9 vaine ; par Son sacrifice, nous avons \u00e9t\u00e9 rachet\u00e9s.<\/p>\n\n\n\n<h3 class=\"wp-block-heading\"><strong>Conclusion<\/strong><\/h3>\n\n\n\n<p>La neuvi\u00e8me station du Chemin de Croix est un appel \u00e0 l&rsquo;humilit\u00e9, \u00e0 la pers\u00e9v\u00e9rance et \u00e0 la confiance en l&rsquo;amour de Dieu. Dans un monde qui nous laisse souvent accabl\u00e9s, l&rsquo;image de J\u00e9sus tombant pour la troisi\u00e8me fois nous rappelle que, m\u00eame dans nos moments les plus sombres, Il est avec nous, partageant notre douleur et nous offrant Sa gr\u00e2ce pour avancer.<\/p>\n\n\n\n<p>Que cette r\u00e9flexion nous inspire \u00e0 vivre avec plus de compassion, \u00e0 nous relever avec esp\u00e9rance apr\u00e8s chaque chute et \u00e0 faire confiance qu&rsquo;au bout du chemin, la lumi\u00e8re de la r\u00e9surrection nous attend.<\/p>\n","protected":false},"excerpt":{"rendered":"<p>Un appel \u00e0 la pers\u00e9v\u00e9rance au milieu de l&rsquo;\u00e9puisement Le Chemin de Croix, cette d\u00e9votion profond\u00e9ment enracin\u00e9e dans la spiritualit\u00e9 catholique, nous invite \u00e0 accompagner J\u00e9sus sur Son chemin vers le Calvaire. Chaque station est un miroir qui refl\u00e8te non seulement la souffrance du Sauveur, mais aussi les luttes et les chutes que nous affrontons &hellip;<\/p>\n","protected":false},"author":3,"featured_media":2900,"comment_status":"open","ping_status":"open","sticky":false,"template":"","format":"standard","meta":{"_seopress_robots_primary_cat":"","_seopress_titles_title":"","_seopress_titles_desc":"","_seopress_robots_index":"","footnotes":""},"categories":[40,58],"tags":[815,816],"class_list":["post-2899","post","type-post","status-publish","format-standard","has-post-thumbnail","","category-priere-et-spiritualite","category-priere-et-vie-spirituelle","tag-9e-station-du-chemin-de-croix","tag-la-jesus-tombe-pour-la-troisieme-fois-sous-la-croix"],"_links":{"self":[{"href":"https:\/\/catholicus.eu\/fr\/wp-json\/wp\/v2\/posts\/2899","targetHints":{"allow":["GET"]}}],"collection":[{"href":"https:\/\/catholicus.eu\/fr\/wp-json\/wp\/v2\/posts"}],"about":[{"href":"https:\/\/catholicus.eu\/fr\/wp-json\/wp\/v2\/types\/post"}],"author":[{"embeddable":true,"href":"https:\/\/catholicus.eu\/fr\/wp-json\/wp\/v2\/users\/3"}],"replies":[{"embeddable":true,"href":"https:\/\/catholicus.eu\/fr\/wp-json\/wp\/v2\/comments?post=2899"}],"version-history":[{"count":1,"href":"https:\/\/catholicus.eu\/fr\/wp-json\/wp\/v2\/posts\/2899\/revisions"}],"predecessor-version":[{"id":2901,"href":"https:\/\/catholicus.eu\/fr\/wp-json\/wp\/v2\/posts\/2899\/revisions\/2901"}],"wp:featuredmedia":[{"embeddable":true,"href":"https:\/\/catholicus.eu\/fr\/wp-json\/wp\/v2\/media\/2900"}],"wp:attachment":[{"href":"https:\/\/catholicus.eu\/fr\/wp-json\/wp\/v2\/media?parent=2899"}],"wp:term":[{"taxonomy":"category","embeddable":true,"href":"https:\/\/catholicus.eu\/fr\/wp-json\/wp\/v2\/categories?post=2899"},{"taxonomy":"post_tag","embeddable":true,"href":"https:\/\/catholicus.eu\/fr\/wp-json\/wp\/v2\/tags?post=2899"}],"curies":[{"name":"wp","href":"https:\/\/api.w.org\/{rel}","templated":true}]}}