{"id":2848,"date":"2025-03-18T23:31:06","date_gmt":"2025-03-18T22:31:06","guid":{"rendered":"https:\/\/catholicus.eu\/fr\/?p=2848"},"modified":"2025-03-18T23:31:06","modified_gmt":"2025-03-18T22:31:06","slug":"la-priere-au-jardin-de-gethsemani-lexemple-de-jesus-dans-la-soumission-a-la-volonte-de-dieu","status":"publish","type":"post","link":"https:\/\/catholicus.eu\/fr\/la-priere-au-jardin-de-gethsemani-lexemple-de-jesus-dans-la-soumission-a-la-volonte-de-dieu\/","title":{"rendered":"La Pri\u00e8re au Jardin de Geths\u00e9mani : L&rsquo;exemple de J\u00e9sus dans la soumission \u00e0 la volont\u00e9 de Dieu"},"content":{"rendered":"\n<p>Le Jeudi Saint est un jour de profonde spiritualit\u00e9 et de r\u00e9flexion pour les chr\u00e9tiens, car il comm\u00e9more les moments les plus intimes et cruciaux de la vie de J\u00e9sus avant Sa Passion. Parmi ces moments, la pri\u00e8re de J\u00e9sus au Jardin de Geths\u00e9mani occupe une place centrale. Cet \u00e9pisode r\u00e9v\u00e8le non seulement l&rsquo;humanit\u00e9 du Christ, mais nous offre \u00e9galement un puissant exemple sur la mani\u00e8re de faire face aux moments d&rsquo;angoisse, de douleur et de d\u00e9cision dans notre propre vie. \u00c0 travers Sa pri\u00e8re, J\u00e9sus nous enseigne \u00e0 faire pleinement confiance \u00e0 la volont\u00e9 de Dieu, m\u00eame lorsque le chemin semble sombre et difficile. Dans cet article, nous explorerons la signification de la pri\u00e8re \u00e0 Geths\u00e9mani, sa pertinence pour notre vie spirituelle et comment nous pouvons appliquer ses enseignements \u00e0 nos propres luttes.<\/p>\n\n\n\n<hr class=\"wp-block-separator has-alpha-channel-opacity\"\/>\n\n\n\n<h4 class=\"wp-block-heading\"><strong>Le Contexte de Geths\u00e9mani : La Nuit de l&rsquo;Agonie<\/strong><\/h4>\n\n\n\n<p>Apr\u00e8s la C\u00e8ne, J\u00e9sus se rendit au Jardin de Geths\u00e9mani, un endroit calme et isol\u00e9 sur le Mont des Oliviers o\u00f9 Il avait l&rsquo;habitude de prier. Cette nuit, cependant, \u00e9tait diff\u00e9rente. J\u00e9sus savait que Son heure \u00e9tait venue : la trahison de Judas, Son arrestation, les proc\u00e8s injustes et la crucifixion \u00e9taient sur le point de se produire. Dans ce moment de profonde angoisse, J\u00e9sus prit avec Lui Pierre, Jacques et Jean, Ses disciples les plus proches, et leur demanda de veiller et de prier avec Lui.<\/p>\n\n\n\n<p>L&rsquo;\u00c9vangile de Marc d\u00e9crit l&rsquo;angoisse de J\u00e9sus avec ces mots :&nbsp;<strong>\u00ab\u00a0Il commen\u00e7a \u00e0 \u00e9prouver de la frayeur et des angoisses. Il leur dit : &lsquo;Mon \u00e2me est triste \u00e0 en mourir. Restez ici et veillez'\u00a0\u00bb<\/strong>&nbsp;(Marc 14:33-34). J\u00e9sus, \u00e9tant pleinement Dieu et pleinement homme, ressentit le poids de l&rsquo;humanit\u00e9 : la peur, la solitude et la douleur. \u00c0 Geths\u00e9mani, nous voyons J\u00e9sus affronter la r\u00e9alit\u00e9 de Sa souffrance imminente, et Sa r\u00e9ponse est un mod\u00e8le pour nous.<\/p>\n\n\n\n<hr class=\"wp-block-separator has-alpha-channel-opacity\"\/>\n\n\n\n<h4 class=\"wp-block-heading\"><strong>La Pri\u00e8re de J\u00e9sus : \u00ab Que ce ne soit pas ma volont\u00e9, mais la tienne \u00bb<\/strong><\/h4>\n\n\n\n<p>Dans le Jardin de Geths\u00e9mani, J\u00e9sus s&rsquo;\u00e9loigna un peu de Ses disciples et Se mit \u00e0 genoux pour prier. Sa pri\u00e8re fut intense et remplie d&rsquo;\u00e9motion. Les \u00c9vangiles nous racontent que J\u00e9sus pria en disant :&nbsp;<strong>\u00ab\u00a0P\u00e8re, si tu veux, \u00e9loigne de moi cette coupe ; cependant, que ce ne soit pas ma volont\u00e9, mais la tienne qui se fasse\u00a0\u00bb<\/strong>&nbsp;(Luc 22:42). Cette pri\u00e8re r\u00e9v\u00e8le plusieurs aspects profonds de la relation de J\u00e9sus avec le P\u00e8re et de Son abandon total \u00e0 la volont\u00e9 divine.<\/p>\n\n\n\n<ol start=\"1\" class=\"wp-block-list\">\n<li><strong>L&rsquo;Humanit\u00e9 de J\u00e9sus<\/strong>\u00a0: J\u00e9sus ne cacha pas Son angoisse. Il reconnut Son d\u00e9sir humain d&rsquo;\u00e9viter la souffrance, en disant :\u00a0<strong>\u00ab\u00a0\u00c9loigne de moi cette coupe.\u00a0\u00bb<\/strong>\u00a0Cela nous montre que J\u00e9sus comprenait pleinement la douleur et la peur que nous affrontons dans notre propre vie.<\/li>\n\n\n\n<li><strong>La Confiance en le P\u00e8re<\/strong>\u00a0: Malgr\u00e9 Son angoisse, J\u00e9sus fit pleinement confiance au P\u00e8re. Sa pri\u00e8re ne fut pas une r\u00e9bellion, mais un abandon total :\u00a0<strong>\u00ab\u00a0Que ce ne soit pas ma volont\u00e9, mais la tienne.\u00a0\u00bb<\/strong>\u00a0J\u00e9sus nous enseigne que, m\u00eame dans les moments les plus difficiles, nous devons faire confiance \u00e0 Dieu, qui sait ce qui est le mieux.<\/li>\n\n\n\n<li><strong>L&rsquo;Ob\u00e9issance Parfaite<\/strong>\u00a0: J\u00e9sus accepta la volont\u00e9 du P\u00e8re, m\u00eame si cela signifiait un chemin de souffrance. Son ob\u00e9issance ne fut pas passive, mais active et aimante. Il choisit d&rsquo;accomplir la mission que le P\u00e8re Lui avait confi\u00e9e, m\u00eame au prix de Sa propre vie.<\/li>\n<\/ol>\n\n\n\n<hr class=\"wp-block-separator has-alpha-channel-opacity\"\/>\n\n\n\n<h4 class=\"wp-block-heading\"><strong>L&rsquo;Agonie de J\u00e9sus : Un Exemple de Lutte et d&rsquo;Abandon<\/strong><\/h4>\n\n\n\n<p>La sc\u00e8ne de Geths\u00e9mani est \u00e9galement connue sous le nom de \u00ab\u00a0l&rsquo;agonie dans le jardin\u00a0\u00bb. Le mot \u00ab\u00a0agonie\u00a0\u00bb vient du grec et signifie \u00ab\u00a0lutte\u00a0\u00bb. J\u00e9sus lutta non seulement contre la peur et la douleur, mais aussi contre la tentation d&rsquo;abandonner Sa mission. En ce sens, Geths\u00e9mani fait \u00e9cho aux tentations que J\u00e9sus affronta dans le d\u00e9sert au d\u00e9but de Son minist\u00e8re. Cependant, cette fois, la tentation \u00e9tait encore plus intense, car elle impliquait le destin de toute l&rsquo;humanit\u00e9.<\/p>\n\n\n\n<p>J\u00e9sus surmonta cette lutte par la pri\u00e8re. Bien que Ses disciples n&rsquo;aient pas pu rester \u00e9veill\u00e9s pour L&rsquo;accompagner, J\u00e9sus trouva la force dans Son dialogue avec le P\u00e8re. Ce moment nous enseigne que la pri\u00e8re est notre arme la plus puissante dans les moments d&rsquo;\u00e9preuve.<\/p>\n\n\n\n<hr class=\"wp-block-separator has-alpha-channel-opacity\"\/>\n\n\n\n<h4 class=\"wp-block-heading\"><strong>Le\u00e7ons pour Notre Vie Spirituelle<\/strong><\/h4>\n\n\n\n<p>La pri\u00e8re de J\u00e9sus \u00e0 Geths\u00e9mani nous offre de pr\u00e9cieuses le\u00e7ons pour notre propre vie spirituelle :<\/p>\n\n\n\n<ol start=\"1\" class=\"wp-block-list\">\n<li><strong>L&rsquo;Importance de la Pri\u00e8re dans les Moments Difficiles<\/strong>\u00a0: J\u00e9sus nous montre que lorsque nous faisons face \u00e0 l&rsquo;angoisse, \u00e0 la douleur ou \u00e0 des d\u00e9cisions difficiles, la pri\u00e8re devrait \u00eatre notre premi\u00e8re r\u00e9ponse. \u00c0 travers la pri\u00e8re, nous trouvons du r\u00e9confort, de la clart\u00e9 et de la force.<\/li>\n\n\n\n<li><strong>L&rsquo;Abandon \u00e0 la Volont\u00e9 de Dieu<\/strong>\u00a0: Souvent, nos pri\u00e8res se concentrent sur la demande que Dieu exauce nos d\u00e9sirs. J\u00e9sus nous enseigne \u00e0 prier avec un c\u0153ur ouvert, pr\u00eat \u00e0 accepter la volont\u00e9 de Dieu, m\u00eame lorsque nous ne la comprenons pas.<\/li>\n\n\n\n<li><strong>La Lutte contre la Tentation<\/strong>\u00a0: Geths\u00e9mani nous rappelle que la tentation est une r\u00e9alit\u00e9 dans notre vie spirituelle. Cependant, comme J\u00e9sus, nous pouvons la surmonter par la pri\u00e8re et la confiance en Dieu.<\/li>\n\n\n\n<li><strong>Le Besoin d&rsquo;Accompagnement Spirituel<\/strong>\u00a0: J\u00e9sus demanda \u00e0 Ses disciples de veiller et de prier avec Lui. Cela nous rappelle l&rsquo;importance de nous appuyer sur notre communaut\u00e9 de foi, surtout dans les moments d&rsquo;\u00e9preuve.<\/li>\n<\/ol>\n\n\n\n<hr class=\"wp-block-separator has-alpha-channel-opacity\"\/>\n\n\n\n<h4 class=\"wp-block-heading\"><strong>Geths\u00e9mani dans Notre Vie Quotidienne<\/strong><\/h4>\n\n\n\n<p>Nous faisons tous face \u00e0 nos propres \u00ab\u00a0moments de Geths\u00e9mani\u00a0\u00bb : des moments d&rsquo;angoisse, des d\u00e9cisions difficiles, des maladies, des pertes ou des crises. Dans ces moments, nous pouvons regarder J\u00e9sus dans le jardin et apprendre de Son exemple :<\/p>\n\n\n\n<ul class=\"wp-block-list\">\n<li><strong>Reconna\u00eetre Nos \u00c9motions<\/strong>\u00a0: Comme J\u00e9sus, nous ne devons pas cacher notre douleur ou notre peur. Nous pouvons apporter nos \u00e9motions \u00e0 Dieu dans la pri\u00e8re, sachant qu&rsquo;Il nous \u00e9coute et nous comprend.<\/li>\n\n\n\n<li><strong>Faire Confiance \u00e0 Dieu<\/strong>\u00a0: M\u00eame si nous ne comprenons pas pourquoi nous traversons une situation difficile, nous pouvons faire confiance \u00e0 Dieu, qui a un plan pour nous. Comme le dit saint Paul :\u00a0<strong>\u00ab\u00a0Nous savons que toutes choses concourent au bien de ceux qui aiment Dieu\u00a0\u00bb<\/strong>\u00a0(Romains 8:28).<\/li>\n\n\n\n<li><strong>Chercher la Force dans la Pri\u00e8re<\/strong>\u00a0: La pri\u00e8re ne change pas toujours nos circonstances, mais elle nous change toujours. Elle nous apporte la paix, la force et la perspective.<\/li>\n\n\n\n<li><strong>Accepter la Volont\u00e9 de Dieu<\/strong>\u00a0: Parfois, la volont\u00e9 de Dieu ne correspond pas \u00e0 nos d\u00e9sirs. Dans ces moments, nous pouvons nous souvenir des paroles de J\u00e9sus :\u00a0<strong>\u00ab\u00a0Que ce ne soit pas ma volont\u00e9, mais la tienne.\u00a0\u00bb<\/strong><\/li>\n<\/ul>\n\n\n\n<hr class=\"wp-block-separator has-alpha-channel-opacity\"\/>\n\n\n\n<h4 class=\"wp-block-heading\"><strong>Geths\u00e9mani et l&rsquo;Eucharistie<\/strong><\/h4>\n\n\n\n<p>Le Jeudi Saint ne nous rappelle pas seulement la pri\u00e8re de J\u00e9sus \u00e0 Geths\u00e9mani, mais aussi l&rsquo;institution de l&rsquo;Eucharistie lors de la C\u00e8ne. Ces deux moments sont profond\u00e9ment li\u00e9s. Dans l&rsquo;Eucharistie, J\u00e9sus nous donne Son Corps et Son Sang comme nourriture pour le chemin. \u00c0 Geths\u00e9mani, Il nous montre comment parcourir ce chemin : avec la pri\u00e8re, l&rsquo;abandon et la confiance en le P\u00e8re.<\/p>\n\n\n\n<p>L&rsquo;Eucharistie est notre source de force pour affronter nos propres moments de Geths\u00e9mani. Chaque fois que nous participons \u00e0 la Messe, nous nous unissons \u00e0 l&rsquo;abandon de J\u00e9sus au P\u00e8re et recevons la gr\u00e2ce de vivre selon Sa volont\u00e9.<\/p>\n\n\n\n<hr class=\"wp-block-separator has-alpha-channel-opacity\"\/>\n\n\n\n<h4 class=\"wp-block-heading\"><strong>Conclusion : Un Appel \u00e0 l&rsquo;Abandon et \u00e0 la Confiance<\/strong><\/h4>\n\n\n\n<p>La pri\u00e8re de J\u00e9sus au Jardin de Geths\u00e9mani est un puissant rappel que, m\u00eame dans les moments les plus sombres, nous pouvons trouver la lumi\u00e8re \u00e0 travers la pri\u00e8re et l&rsquo;abandon \u00e0 la volont\u00e9 de Dieu. J\u00e9sus n&rsquo;a pas promis que la vie serait facile, mais Il nous a montr\u00e9 comment affronter les difficult\u00e9s avec foi et confiance.<\/p>\n\n\n\n<p>En ce Jeudi Saint, demandons la gr\u00e2ce d&rsquo;imiter J\u00e9sus dans Sa pri\u00e8re. Apprenons \u00e0 dire, comme Lui :&nbsp;<strong>\u00ab\u00a0Que ce ne soit pas ma volont\u00e9, mais la tienne.\u00a0\u00bb<\/strong>&nbsp;Trouvons dans la pri\u00e8re la force pour affronter nos propres luttes et la paix pour faire confiance \u00e0 Dieu, qui est toujours avec nous.<\/p>\n\n\n\n<p>Comme le rappelle le psalmiste :&nbsp;<strong>\u00ab\u00a0M\u00eame si je marche dans la vall\u00e9e de l&rsquo;ombre de la mort, je ne crains aucun mal, car tu es avec moi\u00a0\u00bb<\/strong>&nbsp;(Psaume 23:4). Que la pri\u00e8re de J\u00e9sus \u00e0 Geths\u00e9mani nous inspire \u00e0 vivre avec foi, esp\u00e9rance et amour, sachant qu&rsquo;en fin de compte, la volont\u00e9 de Dieu est toujours ce qu&rsquo;il y a de mieux pour nous.<\/p>\n","protected":false},"excerpt":{"rendered":"<p>Le Jeudi Saint est un jour de profonde spiritualit\u00e9 et de r\u00e9flexion pour les chr\u00e9tiens, car il comm\u00e9more les moments les plus intimes et cruciaux de la vie de J\u00e9sus avant Sa Passion. Parmi ces moments, la pri\u00e8re de J\u00e9sus au Jardin de Geths\u00e9mani occupe une place centrale. Cet \u00e9pisode r\u00e9v\u00e8le non seulement l&rsquo;humanit\u00e9 du &hellip;<\/p>\n","protected":false},"author":3,"featured_media":2849,"comment_status":"open","ping_status":"open","sticky":false,"template":"","format":"standard","meta":{"_seopress_robots_primary_cat":"","_seopress_titles_title":"","_seopress_titles_desc":"","_seopress_robots_index":"","footnotes":""},"categories":[37,45],"tags":[652,787],"class_list":["post-2848","post","type-post","status-publish","format-standard","has-post-thumbnail","","category-doctrine-et-foi","category-saintes-ecritures","tag-jeudi-saint","tag-priere-au-jardin-de-gethsemani"],"_links":{"self":[{"href":"https:\/\/catholicus.eu\/fr\/wp-json\/wp\/v2\/posts\/2848","targetHints":{"allow":["GET"]}}],"collection":[{"href":"https:\/\/catholicus.eu\/fr\/wp-json\/wp\/v2\/posts"}],"about":[{"href":"https:\/\/catholicus.eu\/fr\/wp-json\/wp\/v2\/types\/post"}],"author":[{"embeddable":true,"href":"https:\/\/catholicus.eu\/fr\/wp-json\/wp\/v2\/users\/3"}],"replies":[{"embeddable":true,"href":"https:\/\/catholicus.eu\/fr\/wp-json\/wp\/v2\/comments?post=2848"}],"version-history":[{"count":1,"href":"https:\/\/catholicus.eu\/fr\/wp-json\/wp\/v2\/posts\/2848\/revisions"}],"predecessor-version":[{"id":2850,"href":"https:\/\/catholicus.eu\/fr\/wp-json\/wp\/v2\/posts\/2848\/revisions\/2850"}],"wp:featuredmedia":[{"embeddable":true,"href":"https:\/\/catholicus.eu\/fr\/wp-json\/wp\/v2\/media\/2849"}],"wp:attachment":[{"href":"https:\/\/catholicus.eu\/fr\/wp-json\/wp\/v2\/media?parent=2848"}],"wp:term":[{"taxonomy":"category","embeddable":true,"href":"https:\/\/catholicus.eu\/fr\/wp-json\/wp\/v2\/categories?post=2848"},{"taxonomy":"post_tag","embeddable":true,"href":"https:\/\/catholicus.eu\/fr\/wp-json\/wp\/v2\/tags?post=2848"}],"curies":[{"name":"wp","href":"https:\/\/api.w.org\/{rel}","templated":true}]}}