{"id":2587,"date":"2025-03-07T18:39:06","date_gmt":"2025-03-07T17:39:06","guid":{"rendered":"https:\/\/catholicus.eu\/fr\/?p=2587"},"modified":"2025-03-07T18:39:06","modified_gmt":"2025-03-07T17:39:06","slug":"les-saints-oublies-des-histoires-de-foi-que-le-temps-a-presque-effacees","status":"publish","type":"post","link":"https:\/\/catholicus.eu\/fr\/les-saints-oublies-des-histoires-de-foi-que-le-temps-a-presque-effacees\/","title":{"rendered":"Les saints oubli\u00e9s : Des histoires de foi que le temps a presque effac\u00e9es"},"content":{"rendered":"\n<p>Dans la riche tradition de l&rsquo;\u00c9glise catholique, il existe d&rsquo;innombrables saints dont les vies ont \u00e9t\u00e9 une source d&rsquo;inspiration et de d\u00e9votion pour des millions de fid\u00e8les. Cependant, parmi les noms les plus connus comme saint Fran\u00e7ois d&rsquo;Assise, sainte Th\u00e9r\u00e8se d&rsquo;\u00c1vila ou saint Jean-Paul II, il y a d&rsquo;autres saints dont les histoires sont tomb\u00e9es dans l&rsquo;oubli, \u00e9clips\u00e9es par le passage du temps ou par le manque de diffusion. Ces \u00ab\u00a0saints oubli\u00e9s\u00a0\u00bb ont des vies tout aussi fascinantes et riches en enseignements spirituels qui m\u00e9ritent d&rsquo;\u00eatre red\u00e9couvertes et partag\u00e9es. Dans cet article, nous explorerons certaines de ces figures m\u00e9connues mais profond\u00e9ment significatives, qui ont laiss\u00e9 une empreinte ind\u00e9l\u00e9bile dans l&rsquo;histoire de la foi catholique.<\/p>\n\n\n\n<hr class=\"wp-block-separator has-alpha-channel-opacity\"\/>\n\n\n\n<h3 class=\"wp-block-heading\"><strong>Qui sont les saints oubli\u00e9s ?<\/strong><\/h3>\n\n\n\n<p>Les saints oubli\u00e9s sont ces hommes et ces femmes qui, bien que reconnus officiellement par l&rsquo;\u00c9glise comme mod\u00e8les de vertu et de saintet\u00e9, n&rsquo;ont pas atteint la m\u00eame notori\u00e9t\u00e9 que d&rsquo;autres saints plus populaires. Leurs histoires, cependant, sont remplies d&rsquo;h\u00e9ro\u00efsme, de sacrifice et d&rsquo;amour pour Dieu, et offrent des le\u00e7ons pr\u00e9cieuses pour les croyants d&rsquo;aujourd&rsquo;hui. Beaucoup d&rsquo;entre eux ont v\u00e9cu \u00e0 des \u00e9poques recul\u00e9es, dans des contextes historiques difficiles, ou leurs vies ont \u00e9t\u00e9 si humbles qu&rsquo;elles sont pass\u00e9es inaper\u00e7ues pour la majorit\u00e9. Pourtant, leur h\u00e9ritage spirituel reste pertinent.<\/p>\n\n\n\n<hr class=\"wp-block-separator has-alpha-channel-opacity\"\/>\n\n\n\n<h3 class=\"wp-block-heading\"><strong>Saints oubli\u00e9s que vous devriez conna\u00eetre<\/strong><\/h3>\n\n\n\n<p>Voici quelques-unes de ces figures m\u00e9connues, dont les vies sont un t\u00e9moignage de foi in\u00e9branlable et de don total \u00e0 Dieu.<\/p>\n\n\n\n<h4 class=\"wp-block-heading\">1.&nbsp;<strong>Saint Joseph de Cupertin (1603-1663) : Le saint qui volait<\/strong><\/h4>\n\n\n\n<p>Saint Joseph de Cupertin est connu comme le \u00ab\u00a0saint des vols\u00a0\u00bb en raison des nombreux r\u00e9cits de l\u00e9vitation qu&rsquo;il a exp\u00e9riment\u00e9s pendant ses extases spirituelles. Malgr\u00e9 sa renomm\u00e9e pour ces ph\u00e9nom\u00e8nes mystiques, sa vie a \u00e9t\u00e9 marqu\u00e9e par l&rsquo;humilit\u00e9 et les difficult\u00e9s. D\u00e8s son enfance, il \u00e9tait consid\u00e9r\u00e9 comme maladroit et lent, ce qui lui a valu le rejet de beaucoup. Cependant, sa profonde d\u00e9votion \u00e0 la Vierge Marie et son amour pour la pri\u00e8re l&rsquo;ont conduit \u00e0 entrer dans l&rsquo;ordre franciscain.<\/p>\n\n\n\n<p>Saint Joseph de Cupertin nous rappelle que Dieu choisit les plus humbles pour manifester Sa gloire. Sa vie nous enseigne que, m\u00eame lorsque nous nous sentons incapables ou rejet\u00e9s par le monde, Dieu a un plan pour chacun de nous.<\/p>\n\n\n\n<hr class=\"wp-block-separator has-alpha-channel-opacity\"\/>\n\n\n\n<h4 class=\"wp-block-heading\">2.&nbsp;<strong>Sainte Jeanne de Valois (1464-1505) : La princesse qui fonda un ordre<\/strong><\/h4>\n\n\n\n<p>Sainte Jeanne de Valois, fille du roi Louis XI de France, a v\u00e9cu une vie pleine d&rsquo;adversit\u00e9s. Elle a \u00e9t\u00e9 forc\u00e9e d&rsquo;\u00e9pouser le duc d&rsquo;Orl\u00e9ans, qui l&rsquo;a r\u00e9pudi\u00e9e lorsqu&rsquo;il est devenu roi. Malgr\u00e9 ce douloureux rejet, Jeanne a trouv\u00e9 du r\u00e9confort dans sa foi et a consacr\u00e9 sa vie \u00e0 servir Dieu. Elle a fond\u00e9 l&rsquo;Ordre de l&rsquo;Annonciation, d\u00e9di\u00e9 \u00e0 la contemplation et au service des pauvres.<\/p>\n\n\n\n<p>Son histoire est un exemple de comment la souffrance peut se transformer en une opportunit\u00e9 de grandir dans la foi et de servir les autres. Sainte Jeanne nous enseigne que, m\u00eame au milieu des \u00e9preuves les plus dures, nous pouvons trouver un dessein divin.<\/p>\n\n\n\n<hr class=\"wp-block-separator has-alpha-channel-opacity\"\/>\n\n\n\n<h4 class=\"wp-block-heading\">3.&nbsp;<strong>Saint Charbel Makhlouf (1828-1898) : L&rsquo;ermite du Liban<\/strong><\/h4>\n\n\n\n<p>Saint Charbel Makhlouf \u00e9tait un moine maronite libanais qui a v\u00e9cu une vie d&rsquo;aust\u00e9rit\u00e9 extr\u00eame et de pri\u00e8re. Il a pass\u00e9 la majeure partie de sa vie comme ermite, d\u00e9di\u00e9 \u00e0 la contemplation et au sacrifice. Apr\u00e8s sa mort, sa tombe est devenue un lieu de p\u00e8lerinage en raison des nombreux miracles attribu\u00e9s \u00e0 son intercession.<\/p>\n\n\n\n<p>Saint Charbel est un mod\u00e8le de vie asc\u00e9tique et de don total \u00e0 Dieu. Son exemple nous invite \u00e0 chercher la saintet\u00e9 dans la simplicit\u00e9 et la pri\u00e8re constante, m\u00eame dans un monde plein de distractions.<\/p>\n\n\n\n<hr class=\"wp-block-separator has-alpha-channel-opacity\"\/>\n\n\n\n<h4 class=\"wp-block-heading\">4.&nbsp;<strong>Sainte Mar\u00eda de la Cabeza (XIIe si\u00e8cle) : L&rsquo;\u00e9pouse de saint Isidore le Laboureur<\/strong><\/h4>\n\n\n\n<p>Sainte Mar\u00eda de la Cabeza, \u00e9galement connue sous le nom de sainte Mar\u00eda de la Cabeza de Torrelaguna, \u00e9tait l&rsquo;\u00e9pouse de saint Isidore le Laboureur, le patron des travailleurs agricoles. Bien que son mari soit plus connu, la vie de sainte Mar\u00eda est tout aussi inspirante. Avec saint Isidore, elle a v\u00e9cu une vie d&rsquo;humilit\u00e9, de travail et de pri\u00e8re, \u00e9levant leur fils dans la foi et servant les n\u00e9cessiteux.<\/p>\n\n\n\n<p>Son histoire nous rappelle l&rsquo;importance de la saintet\u00e9 dans la vie quotidienne et dans le mariage. Sainte Mar\u00eda est un exemple de comment la foi peut s&rsquo;\u00e9panouir \u00e0 la maison et dans les petites actions du quotidien.<\/p>\n\n\n\n<hr class=\"wp-block-separator has-alpha-channel-opacity\"\/>\n\n\n\n<h4 class=\"wp-block-heading\">5.&nbsp;<strong>Saint Fran\u00e7ois Marto (1908-1919) et sainte Jacinta Marto (1910-1920) : Les petits bergers de Fatima<\/strong><\/h4>\n\n\n\n<p>Bien que les apparitions de Notre-Dame de Fatima soient largement connues, les petits bergers Fran\u00e7ois et Jacinta Marto restent souvent dans l&rsquo;ombre de leur cousine Lucie. Cependant, ces deux enfants ont v\u00e9cu une profonde transformation spirituelle apr\u00e8s les apparitions, offrant leurs souffrances pour la conversion des p\u00e9cheurs et consacrant leurs vies \u00e0 la pri\u00e8re et \u00e0 la p\u00e9nitence.<\/p>\n\n\n\n<p>Leur exemple est particuli\u00e8rement pertinent dans un monde o\u00f9 l&rsquo;innocence et la puret\u00e9 des enfants sont souvent sous-estim\u00e9es. Fran\u00e7ois et Jacinta nous enseignent que la saintet\u00e9 n&rsquo;a pas d&rsquo;\u00e2ge et que m\u00eame les plus petits peuvent \u00eatre des instruments puissants entre les mains de Dieu.<\/p>\n\n\n\n<hr class=\"wp-block-separator has-alpha-channel-opacity\"\/>\n\n\n\n<h3 class=\"wp-block-heading\"><strong>Le\u00e7ons spirituelles des saints oubli\u00e9s<\/strong><\/h3>\n\n\n\n<p>Les vies de ces saints oubli\u00e9s nous offrent de pr\u00e9cieuses le\u00e7ons spirituelles qui peuvent s&rsquo;appliquer \u00e0 notre vie quotidienne :<\/p>\n\n\n\n<ol start=\"1\" class=\"wp-block-list\">\n<li><strong>La saintet\u00e9 est \u00e0 la port\u00e9e de tous<\/strong>\u00a0: Ces saints viennent de contextes et de r\u00e9alit\u00e9s diff\u00e9rents, montrant que la saintet\u00e9 n&rsquo;est pas r\u00e9serv\u00e9e \u00e0 quelques-uns mais est un appel universel.<\/li>\n\n\n\n<li><strong>La souffrance peut \u00eatre r\u00e9demptrice<\/strong>\u00a0: Beaucoup de ces saints ont fait face \u00e0 de grandes difficult\u00e9s, mais les ont transform\u00e9es en opportunit\u00e9s pour grandir dans la foi et servir les autres.<\/li>\n\n\n\n<li><strong>L&rsquo;humilit\u00e9 est le chemin vers Dieu<\/strong>\u00a0: La plupart de ces saints ont v\u00e9cu des vies simples et humbles, nous rappelant que la vraie grandeur r\u00e9side dans le don silencieux et d\u00e9sint\u00e9ress\u00e9.<\/li>\n\n\n\n<li><strong>La pri\u00e8re est essentielle<\/strong>\u00a0: Tous ces saints ont consacr\u00e9 leurs vies \u00e0 la pri\u00e8re, nous montrant que la connexion avec Dieu est le fondement d&rsquo;une vie sainte.<\/li>\n<\/ol>\n\n\n\n<hr class=\"wp-block-separator has-alpha-channel-opacity\"\/>\n\n\n\n<h3 class=\"wp-block-heading\"><strong>Pourquoi se souvenir des saints oubli\u00e9s ?<\/strong><\/h3>\n\n\n\n<p>Dans un monde o\u00f9 l&rsquo;attention est centr\u00e9e sur ce qui est nouveau et populaire, il est important de red\u00e9couvrir les histoires de ces saints oubli\u00e9s. Leurs vies nous inspirent \u00e0 vivre notre foi plus profond\u00e9ment, nous rappelant que la saintet\u00e9 ne d\u00e9pend pas de la renomm\u00e9e ou de la reconnaissance, mais du don sinc\u00e8re \u00e0 Dieu et aux autres.<\/p>\n\n\n\n<p>De plus, en apprenant \u00e0 conna\u00eetre leurs histoires, nous nous sentons faire partie d&rsquo;une grande famille spirituelle, unie par des si\u00e8cles de t\u00e9moignage et d&rsquo;amour pour Dieu. Ces saints nous accompagnent depuis le ciel, interc\u00e9dant pour nous et nous rappelant que, comme eux, nous sommes appel\u00e9s \u00e0 la saintet\u00e9.<\/p>\n\n\n\n<hr class=\"wp-block-separator has-alpha-channel-opacity\"\/>\n\n\n\n<h3 class=\"wp-block-heading\"><strong>Conclusion<\/strong><\/h3>\n\n\n\n<p>Les saints oubli\u00e9s sont un tr\u00e9sor cach\u00e9 dans la tradition de l&rsquo;\u00c9glise. Leurs vies, remplies de foi, d&rsquo;esp\u00e9rance et d&rsquo;amour, nous invitent \u00e0 regarder au-del\u00e0 du superficiel et \u00e0 chercher la saintet\u00e9 dans l&rsquo;ordinaire. En nous souvenant d&rsquo;eux, nous honorons non seulement leur m\u00e9moire, mais nous trouvons aussi l&rsquo;inspiration pour suivre leurs pas sur notre propre chemin vers Dieu.<\/p>\n\n\n\n<p>Connaissez-vous d&rsquo;autres saints oubli\u00e9s qui vous ont inspir\u00e9 ? Partagez leur histoire, et aidons \u00e0 diffuser l&rsquo;h\u00e9ritage de ces h\u00e9ros de la foi !<\/p>\n","protected":false},"excerpt":{"rendered":"<p>Dans la riche tradition de l&rsquo;\u00c9glise catholique, il existe d&rsquo;innombrables saints dont les vies ont \u00e9t\u00e9 une source d&rsquo;inspiration et de d\u00e9votion pour des millions de fid\u00e8les. Cependant, parmi les noms les plus connus comme saint Fran\u00e7ois d&rsquo;Assise, sainte Th\u00e9r\u00e8se d&rsquo;\u00c1vila ou saint Jean-Paul II, il y a d&rsquo;autres saints dont les histoires sont tomb\u00e9es &hellip;<\/p>\n","protected":false},"author":3,"featured_media":2588,"comment_status":"open","ping_status":"open","sticky":false,"template":"","format":"standard","meta":{"_seopress_robots_primary_cat":"","_seopress_titles_title":"","_seopress_titles_desc":"","_seopress_robots_index":"","footnotes":""},"categories":[40,61],"tags":[690,689],"class_list":["post-2587","post","type-post","status-publish","format-standard","has-post-thumbnail","","category-priere-et-spiritualite","category-saints-et-calendrier-liturgique","tag-saint-joseph-de-cupertin","tag-saints-oublies"],"_links":{"self":[{"href":"https:\/\/catholicus.eu\/fr\/wp-json\/wp\/v2\/posts\/2587","targetHints":{"allow":["GET"]}}],"collection":[{"href":"https:\/\/catholicus.eu\/fr\/wp-json\/wp\/v2\/posts"}],"about":[{"href":"https:\/\/catholicus.eu\/fr\/wp-json\/wp\/v2\/types\/post"}],"author":[{"embeddable":true,"href":"https:\/\/catholicus.eu\/fr\/wp-json\/wp\/v2\/users\/3"}],"replies":[{"embeddable":true,"href":"https:\/\/catholicus.eu\/fr\/wp-json\/wp\/v2\/comments?post=2587"}],"version-history":[{"count":1,"href":"https:\/\/catholicus.eu\/fr\/wp-json\/wp\/v2\/posts\/2587\/revisions"}],"predecessor-version":[{"id":2589,"href":"https:\/\/catholicus.eu\/fr\/wp-json\/wp\/v2\/posts\/2587\/revisions\/2589"}],"wp:featuredmedia":[{"embeddable":true,"href":"https:\/\/catholicus.eu\/fr\/wp-json\/wp\/v2\/media\/2588"}],"wp:attachment":[{"href":"https:\/\/catholicus.eu\/fr\/wp-json\/wp\/v2\/media?parent=2587"}],"wp:term":[{"taxonomy":"category","embeddable":true,"href":"https:\/\/catholicus.eu\/fr\/wp-json\/wp\/v2\/categories?post=2587"},{"taxonomy":"post_tag","embeddable":true,"href":"https:\/\/catholicus.eu\/fr\/wp-json\/wp\/v2\/tags?post=2587"}],"curies":[{"name":"wp","href":"https:\/\/api.w.org\/{rel}","templated":true}]}}