{"id":2502,"date":"2025-03-03T14:53:25","date_gmt":"2025-03-03T13:53:25","guid":{"rendered":"https:\/\/catholicus.eu\/fr\/?p=2502"},"modified":"2025-03-03T14:53:25","modified_gmt":"2025-03-03T13:53:25","slug":"le-catholicisme-traditionnel-les-racines-vivantes-de-la-foi-dans-un-monde-en-changement","status":"publish","type":"post","link":"https:\/\/catholicus.eu\/fr\/le-catholicisme-traditionnel-les-racines-vivantes-de-la-foi-dans-un-monde-en-changement\/","title":{"rendered":"Le Catholicisme Traditionnel : Les Racines Vivantes de la Foi dans un Monde en Changement"},"content":{"rendered":"\n<p>Dans un monde o\u00f9 la modernit\u00e9 progresse \u00e0 grands pas et o\u00f9 les coutumes changent \u00e0 chaque g\u00e9n\u00e9ration, beaucoup se demandent : <strong>Qu&rsquo;est-ce que le catholicisme traditionnel et pourquoi reste-t-il pertinent aujourd&rsquo;hui ?<\/strong> Pour certains, il s&rsquo;agit d&rsquo;une relique du pass\u00e9 ; pour d&rsquo;autres, d&rsquo;un refuge de v\u00e9rit\u00e9 et de stabilit\u00e9 en des temps incertains. Cependant, il est souvent mal compris et injustement caricatur\u00e9 comme quelque chose de rigide ou d&rsquo;obsol\u00e8te.<\/p>\n\n\n\n<p>Cet article vise \u00e0 \u00e9clairer ce qu&rsquo;est r\u00e9ellement le catholicisme traditionnel, depuis ses racines jusqu&rsquo;\u00e0 son impact actuel, et \u00e0 r\u00e9pondre aux malentendus qui l&rsquo;entourent.<\/p>\n\n\n\n<h2 class=\"wp-block-heading\"><strong>1. Qu&rsquo;est-ce que le Catholicisme Traditionnel ?<\/strong><\/h2>\n\n\n\n<p>Le catholicisme traditionnel n&rsquo;est ni une \u00ab\u00a0branche\u00a0\u00bb du catholicisme ni un mouvement s\u00e9paratiste au sein de l&rsquo;\u00c9glise. Il s&rsquo;agit plut\u00f4t <strong>de l&rsquo;expression fid\u00e8le de la doctrine, de la liturgie et de la spiritualit\u00e9 que l&rsquo;\u00c9glise a transmises \u00e0 travers les si\u00e8cles<\/strong>. Il repose sur l&rsquo;enseignement immuable du Christ, sur la Tradition sacr\u00e9e et sur le Magist\u00e8re de l&rsquo;\u00c9glise, sans c\u00e9der aux modes du moment.<\/p>\n\n\n\n<p>Saint Paul nous rappelle :<\/p>\n\n\n\n<blockquote class=\"wp-block-quote is-layout-flow wp-block-quote-is-layout-flow\">\n<p><strong>\u00ab\u00a0J\u00e9sus-Christ est le m\u00eame hier, aujourd\u2019hui et pour l\u2019\u00e9ternit\u00e9\u00a0\u00bb (H\u00e9breux 13:8).<\/strong><\/p>\n<\/blockquote>\n\n\n\n<p>Le catholicisme traditionnel <strong>reconna\u00eet que la V\u00e9rit\u00e9 ne change pas<\/strong>, car Dieu lui-m\u00eame ne change pas. Son objectif est de sauvegarder l&rsquo;enseignement p\u00e9renne de l&rsquo;\u00c9glise, en fid\u00e9lit\u00e9 au Christ et aux ap\u00f4tres.<\/p>\n\n\n\n<h2 class=\"wp-block-heading\"><strong>2. Racines Historiques : D&rsquo;o\u00f9 Vient-il ?<\/strong><\/h2>\n\n\n\n<p>Le catholicisme traditionnel, c\u2019est tout simplement le catholicisme tel qu&rsquo;il a toujours \u00e9t\u00e9. Depuis les premiers chr\u00e9tiens jusqu&rsquo;aux grands saints du Moyen \u00c2ge, en passant par les missionnaires qui ont \u00e9vang\u00e9lis\u00e9 le monde, <strong>la foi a \u00e9t\u00e9 transmise avec une coh\u00e9rence admirable<\/strong>.<\/p>\n\n\n\n<h3 class=\"wp-block-heading\"><strong>Les Premiers Si\u00e8cles : Les Martyrs et la Tradition Apostolique<\/strong><\/h3>\n\n\n\n<p>Les chr\u00e9tiens des premiers si\u00e8cles, pers\u00e9cut\u00e9s par l&rsquo;Empire romain, c\u00e9l\u00e9braient la Sainte Messe dans les catacombes avec un profond sens du sacr\u00e9. La foi \u00e9tait v\u00e9cue avec h\u00e9ro\u00efsme, sans compromis avec le paganisme.<\/p>\n\n\n\n<h3 class=\"wp-block-heading\"><strong>Le Moyen \u00c2ge : La Chr\u00e9tient\u00e9 et la Formation de la Civilisation Occidentale<\/strong><\/h3>\n\n\n\n<p>Durant le Moyen \u00c2ge, l&rsquo;\u00c9glise a fa\u00e7onn\u00e9 la culture et la pens\u00e9e de l&rsquo;Occident. Des cath\u00e9drales ont \u00e9t\u00e9 \u00e9rig\u00e9es, la scolastique a prosp\u00e9r\u00e9 avec saint Thomas d&rsquo;Aquin, et des universit\u00e9s ont \u00e9t\u00e9 fond\u00e9es. La liturgie a atteint une grande richesse, avec la messe en latin comme centre de la vie chr\u00e9tienne.<\/p>\n\n\n\n<h3 class=\"wp-block-heading\"><strong>La Crise Moderne et la D\u00e9fense de la Tradition<\/strong><\/h3>\n\n\n\n<p>Avec les Lumi\u00e8res et le relativisme moderne, de nombreuses valeurs chr\u00e9tiennes ont \u00e9t\u00e9 \u00e9rod\u00e9es. Au XXe si\u00e8cle, le catholicisme traditionnel a d\u00fb faire face \u00e0 de nouveaux d\u00e9fis, notamment avec la s\u00e9cularisation et les changements liturgiques qui ont \u00e9loign\u00e9 de nombreux fid\u00e8les de leurs racines.<\/p>\n\n\n\n<h2 class=\"wp-block-heading\"><strong>3. Comment le Catholicisme Traditionnel est-il V\u00e9cu Aujourd&rsquo;hui ?<\/strong><\/h2>\n\n\n\n<p>Aujourd&rsquo;hui, <strong>le catholicisme traditionnel est un phare pour ceux qui recherchent profondeur, sens et continuit\u00e9 dans la foi<\/strong>. Ses caract\u00e9ristiques essentielles incluent :<\/p>\n\n\n\n<h3 class=\"wp-block-heading\"><strong>A. La Liturgie Traditionnelle : Un Retour au Sacr\u00e9<\/strong><\/h3>\n\n\n\n<p>L&rsquo;un des aspects les plus visibles du catholicisme traditionnel est la Sainte Messe sous sa forme extraordinaire, \u00e9galement appel\u00e9e Messe Tridentine ou Messe en latin. C&rsquo;est une liturgie centr\u00e9e sur Dieu, o\u00f9 le pr\u00eatre et les fid\u00e8les regardent dans la m\u00eame direction, adorant le Seigneur avec une profonde r\u00e9v\u00e9rence.<\/p>\n\n\n\n<p>Beaucoup d\u00e9couvrent dans cette forme de messe une beaut\u00e9 qui transcende le temps et unit des g\u00e9n\u00e9rations enti\u00e8res de catholiques.<\/p>\n\n\n\n<h3 class=\"wp-block-heading\"><strong>B. Une Doctrine Claire et Ferme<\/strong><\/h3>\n\n\n\n<p>Face \u00e0 un monde qui relativise la v\u00e9rit\u00e9, le catholicisme traditionnel maintient avec clart\u00e9 ce que l&rsquo;\u00c9glise a toujours enseign\u00e9 :<\/p>\n\n\n\n<ul class=\"wp-block-list\">\n<li>La r\u00e9alit\u00e9 du p\u00e9ch\u00e9 et la n\u00e9cessit\u00e9 de la gr\u00e2ce.<\/li>\n\n\n\n<li>La centralit\u00e9 de l&rsquo;Eucharistie comme vrai Corps et vrai Sang du Christ.<\/li>\n\n\n\n<li>L&rsquo;importance du Sacrement de la Confession.<\/li>\n\n\n\n<li>La d\u00e9votion \u00e0 la Vierge Marie en tant que M\u00e8re et M\u00e9diatrice de toutes les gr\u00e2ces.<\/li>\n<\/ul>\n\n\n\n<h3 class=\"wp-block-heading\"><strong>C. Vie Spirituelle et D\u00e9votions<\/strong><\/h3>\n\n\n\n<p>Le catholique traditionnel cherche une vie de pri\u00e8re profonde, bas\u00e9e sur des pratiques telles que :<\/p>\n\n\n\n<ul class=\"wp-block-list\">\n<li>La r\u00e9citation quotidienne du Saint Rosaire, comme demand\u00e9 par la Vierge \u00e0 Fatima.<\/li>\n\n\n\n<li>L&rsquo;Adoration Eucharistique, reconnaissant le Christ dans le Saint-Sacrement.<\/li>\n\n\n\n<li>La lecture de la Sainte \u00c9criture avec l&rsquo;enseignement des P\u00e8res de l&rsquo;\u00c9glise.<\/li>\n\n\n\n<li>La mortification et le sacrifice comme moyens de sanctification.<\/li>\n<\/ul>\n\n\n\n<h2 class=\"wp-block-heading\"><strong>4. Briser les Mythes : Le Catholicisme Traditionnel est-il \u201cRigide\u201d ou \u201cArri\u00e9r\u00e9\u201d ?<\/strong><\/h2>\n\n\n\n<p>L&rsquo;une des erreurs les plus courantes est de penser que le catholicisme traditionnel n&rsquo;est qu&rsquo;un ensemble de r\u00e8gles et d&rsquo;interdictions. On l&rsquo;accuse souvent d&rsquo;\u00eatre \u00ab\u00a0ferm\u00e9\u00a0\u00bb ou \u00ab\u00a0d\u00e9pass\u00e9\u00a0\u00bb, mais rien n&rsquo;est plus \u00e9loign\u00e9 de la v\u00e9rit\u00e9.<\/p>\n\n\n\n<h3 class=\"wp-block-heading\"><strong>A. La Tradition n&rsquo;est pas de la Nostalgie<\/strong><\/h3>\n\n\n\n<p>\u00catre traditionaliste <strong>ne signifie pas vivre dans le pass\u00e9<\/strong>, mais pr\u00e9server ce qui est pr\u00e9cieux et vrai. C&rsquo;est comme une rivi\u00e8re qui coule avec force parce qu&rsquo;elle est enracin\u00e9e dans une source pure.<\/p>\n\n\n\n<h3 class=\"wp-block-heading\"><strong>B. Ce n&rsquo;est pas du Fanatisme, mais un Amour pour la V\u00e9rit\u00e9<\/strong><\/h3>\n\n\n\n<p>Le catholicisme traditionnel <strong>ne rejette pas le d\u00e9veloppement l\u00e9gitime de l&rsquo;\u00c9glise<\/strong>, mais il s&rsquo;oppose aux ruptures avec la doctrine de toujours. C&rsquo;est un amour sinc\u00e8re pour la v\u00e9rit\u00e9, qui ne se conforme pas au politiquement correct.<\/p>\n\n\n\n<p>Saint Pie X l&rsquo;a exprim\u00e9 avec clart\u00e9 :<\/p>\n\n\n\n<blockquote class=\"wp-block-quote is-layout-flow wp-block-quote-is-layout-flow\">\n<p><strong>\u00ab\u00a0Nous ne voulons \u00eatre ni des innovateurs ni des r\u00e9trogrades, mais simplement catholiques.\u00a0\u00bb<\/strong><\/p>\n<\/blockquote>\n\n\n\n<h2 class=\"wp-block-heading\"><strong>5. Pourquoi le Catholicisme Traditionnel Attire-t-il Tant de Personnes Aujourd&rsquo;hui ?<\/strong><\/h2>\n\n\n\n<p>Dans un monde marqu\u00e9 par le relativisme et l&rsquo;incertitude, <strong>de plus en plus de personnes red\u00e9couvrent le catholicisme traditionnel comme un refuge de v\u00e9rit\u00e9, de beaut\u00e9 et de sens<\/strong>.<\/p>\n\n\n\n<ul class=\"wp-block-list\">\n<li><strong>Les jeunes cherchent des racines<\/strong> : De nombreuses jeunes familles reviennent \u00e0 la Messe Traditionnelle et \u00e0 la doctrine de toujours.<\/li>\n\n\n\n<li><strong>Un d\u00e9sir du sacr\u00e9<\/strong> : Face \u00e0 la banalisation du religieux, beaucoup trouvent dans la tradition une porte vers le transcendant.<\/li>\n\n\n\n<li><strong>Une soif de coh\u00e9rence<\/strong> : Une doctrine claire et une morale ferme apportent une s\u00e9curit\u00e9 dans un monde en perp\u00e9tuel changement.<\/li>\n<\/ul>\n\n\n\n<h2 class=\"wp-block-heading\"><strong>Conclusion : Un Chemin de Foi et d\u2019Esp\u00e9rance<\/strong><\/h2>\n\n\n\n<p>Le catholicisme traditionnel <strong>n&rsquo;est ni une mode ni un caprice<\/strong>, mais plut\u00f4t l&rsquo;\u00e9cho fid\u00e8le de ce que l&rsquo;\u00c9glise a enseign\u00e9 depuis des si\u00e8cles. C&rsquo;est une r\u00e9ponse pour ceux qui cherchent une foi profonde et authentique dans un monde qui la dilue souvent.<\/p>\n\n\n\n<p>Dans les paroles de saint Augustin :<\/p>\n\n\n\n<blockquote class=\"wp-block-quote is-layout-flow wp-block-quote-is-layout-flow\">\n<p><strong>\u00ab\u00a0Tu nous as faits pour Toi, Seigneur, et notre c\u0153ur est sans repos tant qu&rsquo;il ne repose pas en Toi.\u00a0\u00bb<\/strong><\/p>\n<\/blockquote>\n\n\n\n<p>Le catholicisme traditionnel <strong>nous rappelle que notre foi n&rsquo;est pas faite pour se conformer au monde, mais pour transformer le monde avec la V\u00e9rit\u00e9 du Christ<\/strong>.<\/p>\n\n\n\n<p>Pour ceux qui recherchent une foi solide et vivante, enracin\u00e9e dans la Tradition et ouverte \u00e0 l\u2019\u00e9ternit\u00e9, ce chemin demeure une source in\u00e9puisable de lumi\u00e8re et d\u2019esp\u00e9rance.<\/p>\n","protected":false},"excerpt":{"rendered":"<p>Dans un monde o\u00f9 la modernit\u00e9 progresse \u00e0 grands pas et o\u00f9 les coutumes changent \u00e0 chaque g\u00e9n\u00e9ration, beaucoup se demandent : Qu&rsquo;est-ce que le catholicisme traditionnel et pourquoi reste-t-il pertinent aujourd&rsquo;hui ? Pour certains, il s&rsquo;agit d&rsquo;une relique du pass\u00e9 ; pour d&rsquo;autres, d&rsquo;un refuge de v\u00e9rit\u00e9 et de stabilit\u00e9 en des temps incertains. &hellip;<\/p>\n","protected":false},"author":3,"featured_media":2503,"comment_status":"open","ping_status":"open","sticky":false,"template":"","format":"standard","meta":{"_seopress_robots_primary_cat":"","_seopress_titles_title":"","_seopress_titles_desc":"","_seopress_robots_index":"","footnotes":""},"categories":[66,41],"tags":[648],"class_list":["post-2502","post","type-post","status-publish","format-standard","has-post-thumbnail","","category-culture-populaire-et-catholicisme","category-foi-et-culture","tag-catholicisme-traditionnel"],"_links":{"self":[{"href":"https:\/\/catholicus.eu\/fr\/wp-json\/wp\/v2\/posts\/2502","targetHints":{"allow":["GET"]}}],"collection":[{"href":"https:\/\/catholicus.eu\/fr\/wp-json\/wp\/v2\/posts"}],"about":[{"href":"https:\/\/catholicus.eu\/fr\/wp-json\/wp\/v2\/types\/post"}],"author":[{"embeddable":true,"href":"https:\/\/catholicus.eu\/fr\/wp-json\/wp\/v2\/users\/3"}],"replies":[{"embeddable":true,"href":"https:\/\/catholicus.eu\/fr\/wp-json\/wp\/v2\/comments?post=2502"}],"version-history":[{"count":1,"href":"https:\/\/catholicus.eu\/fr\/wp-json\/wp\/v2\/posts\/2502\/revisions"}],"predecessor-version":[{"id":2504,"href":"https:\/\/catholicus.eu\/fr\/wp-json\/wp\/v2\/posts\/2502\/revisions\/2504"}],"wp:featuredmedia":[{"embeddable":true,"href":"https:\/\/catholicus.eu\/fr\/wp-json\/wp\/v2\/media\/2503"}],"wp:attachment":[{"href":"https:\/\/catholicus.eu\/fr\/wp-json\/wp\/v2\/media?parent=2502"}],"wp:term":[{"taxonomy":"category","embeddable":true,"href":"https:\/\/catholicus.eu\/fr\/wp-json\/wp\/v2\/categories?post=2502"},{"taxonomy":"post_tag","embeddable":true,"href":"https:\/\/catholicus.eu\/fr\/wp-json\/wp\/v2\/tags?post=2502"}],"curies":[{"name":"wp","href":"https:\/\/api.w.org\/{rel}","templated":true}]}}