{"id":2432,"date":"2025-02-27T21:16:38","date_gmt":"2025-02-27T20:16:38","guid":{"rendered":"https:\/\/catholicus.eu\/fr\/?p=2432"},"modified":"2025-02-27T21:16:38","modified_gmt":"2025-02-27T20:16:38","slug":"kyrie-eleison-le-cri-de-lame-pour-la-misericorde-de-dieu","status":"publish","type":"post","link":"https:\/\/catholicus.eu\/fr\/kyrie-eleison-le-cri-de-lame-pour-la-misericorde-de-dieu\/","title":{"rendered":"Kyrie Eleison : Le Cri de l&rsquo;\u00c2me pour la Mis\u00e9ricorde de Dieu"},"content":{"rendered":"\n<p>Depuis les d\u00e9buts du christianisme, une supplication br\u00e8ve mais puissante r\u00e9sonne dans les pri\u00e8res et les liturgies des fid\u00e8les : <strong>\u00ab Kyrie Eleison \u00bb<\/strong>, qui signifie en grec <em>\u00ab Seigneur, prends piti\u00e9 \u00bb<\/em>. Ces paroles ont travers\u00e9 les si\u00e8cles, les cultures et les traditions, restant vivantes dans l&rsquo;\u00c9glise jusqu&rsquo;\u00e0 aujourd&rsquo;hui. Mais que signifie r\u00e9ellement cette invocation ? Pourquoi est-elle toujours aussi actuelle ?<\/p>\n\n\n\n<p>Dans cet article, nous explorerons l&rsquo;origine, l&rsquo;\u00e9volution et la profonde signification spirituelle du <strong>\u00ab Kyrie Eleison \u00bb<\/strong>, et comment nous pouvons l&rsquo;int\u00e9grer dans notre vie de foi au XXIe si\u00e8cle.<\/p>\n\n\n\n<hr class=\"wp-block-separator has-alpha-channel-opacity\"\/>\n\n\n\n<h2 class=\"wp-block-heading\"><strong>1. Origine Biblique et Racines dans la Tradition Juive<\/strong><\/h2>\n\n\n\n<p>Bien que le <strong>\u00ab Kyrie Eleison \u00bb<\/strong> soit connu sous sa forme grecque, son essence remonte \u00e0 la tradition juive de l&rsquo;Ancien Testament. \u00c0 plusieurs reprises, le peuple d&rsquo;Isra\u00ebl implore la mis\u00e9ricorde de Dieu :<\/p>\n\n\n\n<blockquote class=\"wp-block-quote is-layout-flow wp-block-quote-is-layout-flow\">\n<p>\u00ab Prends piti\u00e9 de moi, \u00f4 Dieu, selon ta grande mis\u00e9ricorde ! \u00bb (Psaume 51,3).<\/p>\n<\/blockquote>\n\n\n\n<p>Le mot h\u00e9breu pour \u00ab mis\u00e9ricorde \u00bb (<em>raham\u00edm<\/em>) est profond\u00e9ment li\u00e9 \u00e0 l&rsquo;id\u00e9e de l&rsquo;amour tendre de Dieu, semblable \u00e0 l&rsquo;amour maternel. La supplication pour la mis\u00e9ricorde n&rsquo;est pas seulement un acte de repentir, mais aussi un cri de confiance en la tendresse du Seigneur.<\/p>\n\n\n\n<p>Dans le Nouveau Testament, nous retrouvons cette expression sur les l\u00e8vres de ceux qui cherchent la gu\u00e9rison aupr\u00e8s du Christ :<\/p>\n\n\n\n<blockquote class=\"wp-block-quote is-layout-flow wp-block-quote-is-layout-flow\">\n<p>\u00ab Seigneur, prends piti\u00e9 de mon fils, qui est lunatique et souffre cruellement. \u00bb (Matthieu 17,15).<\/p>\n<\/blockquote>\n\n\n\n<p>Ces cris ne sont pas de simples appels d\u00e9sesp\u00e9r\u00e9s, mais des d\u00e9clarations de foi en la puissance salvatrice de J\u00e9sus.<\/p>\n\n\n\n<hr class=\"wp-block-separator has-alpha-channel-opacity\"\/>\n\n\n\n<h2 class=\"wp-block-heading\"><strong>2. \u00ab Kyrie Eleison \u00bb dans la Liturgie : Des Premiers Chr\u00e9tiens \u00e0 Aujourd\u2019hui<\/strong><\/h2>\n\n\n\n<h3 class=\"wp-block-heading\"><strong>Les Premiers Si\u00e8cles<\/strong><\/h3>\n\n\n\n<p>Les premiers chr\u00e9tiens, influenc\u00e9s par la langue liturgique grecque, ont adopt\u00e9 le <strong>\u00ab Kyrie Eleison \u00bb<\/strong> dans leurs pri\u00e8res communautaires. Saint Justin Martyr (IIe si\u00e8cle) mentionne dans ses \u00e9crits que les fid\u00e8les le r\u00e9citaient dans la liturgie eucharistique.<\/p>\n\n\n\n<p>Plus tard, au IVe si\u00e8cle, cette supplication a \u00e9t\u00e9 officiellement int\u00e9gr\u00e9e dans la messe romaine, en particulier dans la liturgie de la Parole. Malgr\u00e9 le passage au latin, le <strong>\u00ab Kyrie Eleison \u00bb<\/strong> a \u00e9t\u00e9 conserv\u00e9 en grec, \u00e9tant l\u2019une des rares expressions de la messe \u00e0 garder sa forme originale.<\/p>\n\n\n\n<h3 class=\"wp-block-heading\"><strong>Le \u00ab Kyrie \u00bb dans la Messe Traditionnelle et la R\u00e9forme Liturgique<\/strong><\/h3>\n\n\n\n<p>Dans la <strong>Messe Tridentine<\/strong>, le <strong>\u00ab Kyrie \u00bb<\/strong> est r\u00e9cit\u00e9 ou chant\u00e9 en triple r\u00e9p\u00e9tition :<\/p>\n\n\n\n<ul class=\"wp-block-list\">\n<li><strong>Kyrie Eleison (Seigneur, prends piti\u00e9) x3<\/strong><\/li>\n\n\n\n<li><strong>Christe Eleison (Christ, prends piti\u00e9) x3<\/strong><\/li>\n\n\n\n<li><strong>Kyrie Eleison (Seigneur, prends piti\u00e9) x3<\/strong><\/li>\n<\/ul>\n\n\n\n<p>Cette structure trinitaire n&rsquo;est pas un hasard : elle refl\u00e8te l&rsquo;invocation au P\u00e8re, au Fils et au Saint-Esprit.<\/p>\n\n\n\n<p>Avec la r\u00e9forme liturgique apr\u00e8s le Concile Vatican II, le <strong>\u00ab Kyrie \u00bb<\/strong> a \u00e9t\u00e9 maintenu dans la <strong>Messe du Novus Ordo<\/strong>, bien que sa r\u00e9p\u00e9tition soit plus flexible et qu&rsquo;il puisse \u00eatre chant\u00e9 dans la langue vernaculaire. Toutefois, son sens profond reste inchang\u00e9 : un acte d&rsquo;humilit\u00e9 et de confiance en Dieu.<\/p>\n\n\n\n<hr class=\"wp-block-separator has-alpha-channel-opacity\"\/>\n\n\n\n<h2 class=\"wp-block-heading\"><strong>3. La Signification Spirituelle du \u00ab Kyrie Eleison \u00bb<\/strong><\/h2>\n\n\n\n<p>Plus qu\u2019une simple formule liturgique, le <strong>\u00ab Kyrie Eleison \u00bb<\/strong> est un cri du c\u0153ur. Il exprime trois attitudes essentielles de la vie chr\u00e9tienne :<\/p>\n\n\n\n<ol class=\"wp-block-list\">\n<li><strong>Reconna\u00eetre notre besoin de Dieu<\/strong><br>Nous vivons \u00e0 une \u00e9poque o\u00f9 l&rsquo;homme moderne tend \u00e0 se croire autosuffisant. Pourtant, le <strong>\u00ab Kyrie \u00bb<\/strong> nous rappelle que nous sommes des cr\u00e9atures ayant besoin de la gr\u00e2ce divine. Nous ne pouvons pas nous sauver nous-m\u00eames.<\/li>\n\n\n\n<li><strong>Croire en l&rsquo;infinie mis\u00e9ricorde de Dieu<\/strong><br>Dieu ne se lasse jamais de pardonner. Comme nous le dit le proph\u00e8te Mich\u00e9e :\u00ab Quel Dieu est semblable \u00e0 toi, qui pardonnes l&rsquo;iniquit\u00e9 et oublies la faute ? \u00bb (Mich\u00e9e 7,18).Prier le <strong>\u00ab Kyrie \u00bb<\/strong> est un acte de confiance en l\u2019amour de Dieu, qui nous accueille malgr\u00e9 nos chutes.<\/li>\n\n\n\n<li><strong>Interc\u00e9der pour le monde<\/strong><br>Nous ne demandons pas seulement la mis\u00e9ricorde pour nous-m\u00eames, mais aussi pour l&rsquo;\u00c9glise et le monde entier. Le <strong>\u00ab Kyrie Eleison \u00bb<\/strong> est un \u00e9cho de la supplication universelle pour la conversion et la paix.<\/li>\n<\/ol>\n\n\n\n<hr class=\"wp-block-separator has-alpha-channel-opacity\"\/>\n\n\n\n<h2 class=\"wp-block-heading\"><strong>4. Le \u00ab Kyrie \u00bb dans la Vie Chr\u00e9tienne Aujourd\u2019hui<\/strong><\/h2>\n\n\n\n<p>Dans un monde marqu\u00e9 par le bruit, la pr\u00e9cipitation et l\u2019incertitude, le <strong>\u00ab Kyrie Eleison \u00bb<\/strong> devient une pri\u00e8re br\u00e8ve mais puissante, accessible \u00e0 tout moment de la journ\u00e9e.<\/p>\n\n\n\n<h3 class=\"wp-block-heading\"><strong>Comment l\u2019int\u00e9grer dans notre vie de pri\u00e8re ?<\/strong><\/h3>\n\n\n\n<ul class=\"wp-block-list\">\n<li><strong>Comme une jaculatoire fr\u00e9quente<\/strong> : R\u00e9p\u00e9ter \u00ab Seigneur, prends piti\u00e9 \u00bb dans les moments d\u2019\u00e9preuve ou de besoin.<\/li>\n\n\n\n<li><strong>Dans l&rsquo;Adoration Eucharistique<\/strong> : Un acte d&rsquo;humilit\u00e9 et de reconnaissance de la grandeur de Dieu.<\/li>\n\n\n\n<li><strong>Dans la r\u00e9citation du Rosaire<\/strong> : Comme une invocation dans chaque myst\u00e8re.<\/li>\n\n\n\n<li><strong>Avant de dormir<\/strong> : Demandant \u00e0 Dieu sa mis\u00e9ricorde sur la journ\u00e9e \u00e9coul\u00e9e.<\/li>\n<\/ul>\n\n\n\n<p>Une anecdote int\u00e9ressante est celle de <strong>Saint Jean-Marie Vianney<\/strong>, qui, voyant un paysan en pri\u00e8re, lui demanda ce qu&rsquo;il disait \u00e0 Dieu. L&rsquo;homme r\u00e9pondit : <em>\u00ab Rien, je le regarde et Il me regarde. \u00bb<\/em> Quelque chose de similaire se produit avec le <strong>\u00ab Kyrie Eleison \u00bb<\/strong> : parfois, nous n\u2019avons pas besoin de beaucoup de mots, juste d\u2019une supplication sinc\u00e8re qui dit tout.<\/p>\n\n\n\n<hr class=\"wp-block-separator has-alpha-channel-opacity\"\/>\n\n\n\n<h2 class=\"wp-block-heading\"><strong>Conclusion : Un Cri Toujours d&rsquo;Actualit\u00e9<\/strong><\/h2>\n\n\n\n<p>Le <strong>\u00ab Kyrie Eleison \u00bb<\/strong> n\u2019est pas une relique du pass\u00e9, mais une pri\u00e8re toujours actuelle. Dans une soci\u00e9t\u00e9 qui oublie souvent la mis\u00e9ricorde de Dieu, ce cri nous rappelle que nous pouvons toujours revenir \u00e0 Lui.<\/p>\n\n\n\n<p>Quand le monde nous accable, quand le p\u00e9ch\u00e9 nous p\u00e8se, quand nous ne trouvons pas les mots pour prier, disons simplement :<\/p>\n\n\n\n<p><strong>\u00ab Seigneur, prends piti\u00e9. \u00bb<\/strong><\/p>\n\n\n\n<p>Et ayons confiance que, tout comme l\u2019aveugle Bartim\u00e9e qui a cri\u00e9 vers J\u00e9sus sur le chemin, nous serons entendus.<\/p>\n\n\n\n<blockquote class=\"wp-block-quote is-layout-flow wp-block-quote-is-layout-flow\">\n<p>\u00ab J\u00e9sus s\u2019arr\u00eata et dit : \u2018Appelez-le\u2019\u2026 Il lui dit : \u2018Que veux-tu que je fasse pour toi ?\u2019 \u00bb (Marc 10,49-51).<\/p>\n<\/blockquote>\n\n\n\n<p>Aujourd\u2019hui encore, le Seigneur nous \u00e9coute. Que nous ne cessions jamais de dire avec foi : <strong>\u00ab Kyrie Eleison. \u00bb<\/strong><\/p>\n","protected":false},"excerpt":{"rendered":"<p>Depuis les d\u00e9buts du christianisme, une supplication br\u00e8ve mais puissante r\u00e9sonne dans les pri\u00e8res et les liturgies des fid\u00e8les : \u00ab Kyrie Eleison \u00bb, qui signifie en grec \u00ab Seigneur, prends piti\u00e9 \u00bb. Ces paroles ont travers\u00e9 les si\u00e8cles, les cultures et les traditions, restant vivantes dans l&rsquo;\u00c9glise jusqu&rsquo;\u00e0 aujourd&rsquo;hui. Mais que signifie r\u00e9ellement cette &hellip;<\/p>\n","protected":false},"author":3,"featured_media":2433,"comment_status":"open","ping_status":"open","sticky":false,"template":"","format":"standard","meta":{"_seopress_robots_primary_cat":"","_seopress_titles_title":"","_seopress_titles_desc":"","_seopress_robots_index":"","footnotes":""},"categories":[40,58],"tags":[621],"class_list":["post-2432","post","type-post","status-publish","format-standard","has-post-thumbnail","","category-priere-et-spiritualite","category-priere-et-vie-spirituelle","tag-kyrie-eleison"],"_links":{"self":[{"href":"https:\/\/catholicus.eu\/fr\/wp-json\/wp\/v2\/posts\/2432","targetHints":{"allow":["GET"]}}],"collection":[{"href":"https:\/\/catholicus.eu\/fr\/wp-json\/wp\/v2\/posts"}],"about":[{"href":"https:\/\/catholicus.eu\/fr\/wp-json\/wp\/v2\/types\/post"}],"author":[{"embeddable":true,"href":"https:\/\/catholicus.eu\/fr\/wp-json\/wp\/v2\/users\/3"}],"replies":[{"embeddable":true,"href":"https:\/\/catholicus.eu\/fr\/wp-json\/wp\/v2\/comments?post=2432"}],"version-history":[{"count":1,"href":"https:\/\/catholicus.eu\/fr\/wp-json\/wp\/v2\/posts\/2432\/revisions"}],"predecessor-version":[{"id":2434,"href":"https:\/\/catholicus.eu\/fr\/wp-json\/wp\/v2\/posts\/2432\/revisions\/2434"}],"wp:featuredmedia":[{"embeddable":true,"href":"https:\/\/catholicus.eu\/fr\/wp-json\/wp\/v2\/media\/2433"}],"wp:attachment":[{"href":"https:\/\/catholicus.eu\/fr\/wp-json\/wp\/v2\/media?parent=2432"}],"wp:term":[{"taxonomy":"category","embeddable":true,"href":"https:\/\/catholicus.eu\/fr\/wp-json\/wp\/v2\/categories?post=2432"},{"taxonomy":"post_tag","embeddable":true,"href":"https:\/\/catholicus.eu\/fr\/wp-json\/wp\/v2\/tags?post=2432"}],"curies":[{"name":"wp","href":"https:\/\/api.w.org\/{rel}","templated":true}]}}