{"id":2396,"date":"2025-02-21T07:30:17","date_gmt":"2025-02-21T06:30:17","guid":{"rendered":"https:\/\/catholicus.eu\/fr\/?p=2396"},"modified":"2025-02-21T07:30:17","modified_gmt":"2025-02-21T06:30:17","slug":"le-depot-de-la-foi-le-tresor-immuable-de-la-verite-divine","status":"publish","type":"post","link":"https:\/\/catholicus.eu\/fr\/le-depot-de-la-foi-le-tresor-immuable-de-la-verite-divine\/","title":{"rendered":"Le D\u00e9p\u00f4t de la Foi : Le Tr\u00e9sor Immuable de la V\u00e9rit\u00e9 Divine"},"content":{"rendered":"\n<p>Au fil des si\u00e8cles, l\u2019\u00c9glise catholique a gard\u00e9 avec z\u00e8le un tr\u00e9sor in\u00e9puisable de v\u00e9rit\u00e9 et de salut : le D\u00e9p\u00f4t de la Foi. Ce terme, bien que profond dans sa signification th\u00e9ologique, est essentiel pour notre vie chr\u00e9tienne aujourd\u2019hui. Dans un monde o\u00f9 la v\u00e9rit\u00e9 semble se relativiser et o\u00f9 la foi est constamment mise \u00e0 l\u2019\u00e9preuve, comprendre et d\u00e9fendre le D\u00e9p\u00f4t de la Foi est plus urgent que jamais.<\/p>\n\n\n\n<h2 class=\"wp-block-heading\"><strong>Qu\u2019est-ce que le D\u00e9p\u00f4t de la Foi ?<\/strong><\/h2>\n\n\n\n<p>Le D\u00e9p\u00f4t de la Foi (<em>depositum fidei<\/em>) est l\u2019ensemble des v\u00e9rit\u00e9s r\u00e9v\u00e9l\u00e9es par Dieu et confi\u00e9es \u00e0 l\u2019\u00c9glise pour \u00eatre pr\u00e9serv\u00e9es, transmises et enseign\u00e9es fid\u00e8lement jusqu\u2019\u00e0 la fin des temps. Il se compose de l\u2019\u00c9criture Sainte et de la Sainte Tradition, interpr\u00e9t\u00e9es authentiquement par le Magist\u00e8re de l\u2019\u00c9glise.<\/p>\n\n\n\n<p>Saint Paul exhorte son disciple Timoth\u00e9e avec des paroles qui r\u00e9sonnent encore aujourd\u2019hui :<\/p>\n\n\n\n<p><em>\u00ab\u00a0\u00d4 Timoth\u00e9e, garde le d\u00e9p\u00f4t, en \u00e9vitant les discours vains et profanes et les contradictions d\u2019une fausse science\u00a0\u00bb (1 Timoth\u00e9e 6,20).<\/em><\/p>\n\n\n\n<p>Ce mandat apostolique montre clairement que la foi n\u2019est pas une invention humaine sujette aux changements d\u2019\u00e9poque, mais un tr\u00e9sor divin qui doit \u00eatre pr\u00e9serv\u00e9 et transmis intact.<\/p>\n\n\n\n<h2 class=\"wp-block-heading\"><strong>Les Trois Piliers du D\u00e9p\u00f4t de la Foi<\/strong><\/h2>\n\n\n\n<ol class=\"wp-block-list\">\n<li><strong>L\u2019\u00c9criture Sainte<\/strong><br>La Bible est la Parole de Dieu inspir\u00e9e, la source \u00e9crite de la R\u00e9v\u00e9lation. Elle contient le t\u00e9moignage vivant de l\u2019histoire du salut, depuis la cr\u00e9ation jusqu\u2019\u00e0 la r\u00e9demption en Christ et la promesse de la vie \u00e9ternelle.<\/li>\n\n\n\n<li><strong>La Sainte Tradition<\/strong><br>Tout ce que le Christ a enseign\u00e9 n\u2019a pas \u00e9t\u00e9 \u00e9crit. La Tradition est la transmission vivante de l\u2019\u00c9vangile \u00e0 travers l\u2019enseignement des Ap\u00f4tres et de leurs successeurs. C\u2019est en elle que nous trouvons le d\u00e9veloppement de la doctrine, de la liturgie, des sacrements et de la morale chr\u00e9tienne.<\/li>\n\n\n\n<li><strong>Le Magist\u00e8re de l\u2019\u00c9glise<\/strong><br>Afin que l\u2019interpr\u00e9tation du D\u00e9p\u00f4t de la Foi reste fid\u00e8le \u00e0 sa source, le Christ a confi\u00e9 \u00e0 l\u2019\u00c9glise, en particulier au Pape et aux \u00e9v\u00eaques en communion avec lui, l\u2019autorit\u00e9 de l\u2019interpr\u00e9ter authentiquement.<\/li>\n<\/ol>\n\n\n\n<p>Le Cat\u00e9chisme de l\u2019\u00c9glise catholique enseigne :<\/p>\n\n\n\n<p><em>\u00ab\u00a0La t\u00e2che d\u2019interpr\u00e9ter authentiquement la Parole de Dieu, \u00e9crite ou transmise, a \u00e9t\u00e9 confi\u00e9e au seul Magist\u00e8re vivant de l\u2019\u00c9glise\u00a0\u00bb (CEC 85).<\/em><\/p>\n\n\n\n<h2 class=\"wp-block-heading\"><strong>L\u2019Importance du D\u00e9p\u00f4t de la Foi dans le Monde Actuel<\/strong><\/h2>\n\n\n\n<p>Dans une soci\u00e9t\u00e9 marqu\u00e9e par le relativisme, beaucoup pensent que la v\u00e9rit\u00e9 est mall\u00e9able, fa\u00e7onn\u00e9e par l\u2019opinion individuelle. Cependant, la foi catholique nous rappelle que la v\u00e9rit\u00e9 ne change pas, car Dieu est le m\u00eame hier, aujourd\u2019hui et pour toujours (cf. H\u00e9breux 13,8).<\/p>\n\n\n\n<h3 class=\"wp-block-heading\"><strong>1. Un Phare dans l\u2019Obscurit\u00e9 du Relativisme<\/strong><\/h3>\n\n\n\n<p>Le D\u00e9p\u00f4t de la Foi nous offre des certitudes dans un monde qui rejette l\u2019existence de v\u00e9rit\u00e9s absolues. Il nous aide \u00e0 discerner ce qui est v\u00e9ritablement bon de ce qui est simplement accept\u00e9 par la soci\u00e9t\u00e9 du moment.<\/p>\n\n\n\n<h3 class=\"wp-block-heading\"><strong>2. Une Source d\u2019Esp\u00e9rance et de Force<\/strong><\/h3>\n\n\n\n<p>Lorsque nous affrontons des \u00e9preuves, des doutes ou des pers\u00e9cutions, savoir que notre foi repose sur un fondement solide nous donne la force de pers\u00e9v\u00e9rer. La fid\u00e9lit\u00e9 \u00e0 l\u2019enseignement du Christ nous aide \u00e0 relever les d\u00e9fis de la vie avec courage.<\/p>\n\n\n\n<h3 class=\"wp-block-heading\"><strong>3. Applications Pratiques pour la Vie Quotidienne<\/strong><\/h3>\n\n\n\n<ul class=\"wp-block-list\">\n<li><strong>Formation continue :<\/strong> Il ne suffit pas de conna\u00eetre la foi superficiellement ; il est n\u00e9cessaire d\u2019\u00e9tudier l\u2019\u00c9criture Sainte, le Cat\u00e9chisme et les documents du Magist\u00e8re.<\/li>\n\n\n\n<li><strong>Vie sacramentelle :<\/strong> La gr\u00e2ce de Dieu nous fortifie \u00e0 travers les sacrements, en particulier l\u2019Eucharistie et la Confession.<\/li>\n\n\n\n<li><strong>Pri\u00e8re et vie spirituelle :<\/strong> Sans une relation vivante avec Dieu, la foi peut devenir une simple th\u00e9orie vide. Une vie de pri\u00e8re et de fid\u00e9lit\u00e9 \u00e0 l\u2019\u00c9vangile est essentielle.<\/li>\n\n\n\n<li><strong>D\u00e9fense de la foi :<\/strong> Chaque catholique est appel\u00e9 \u00e0 rendre compte de son esp\u00e9rance (cf. 1 Pierre 3,15) et \u00e0 transmettre la v\u00e9rit\u00e9 sans crainte ni compromis avec l\u2019esprit du monde.<\/li>\n<\/ul>\n\n\n\n<h2 class=\"wp-block-heading\"><strong>Conclusion : Gardiens de la V\u00e9rit\u00e9<\/strong><\/h2>\n\n\n\n<p>Dieu nous a confi\u00e9 un tr\u00e9sor inestimable : sa R\u00e9v\u00e9lation. Nous ne pouvons pas permettre que le D\u00e9p\u00f4t de la Foi soit dilu\u00e9 ou perdu parmi les id\u00e9ologies et les tendances passag\u00e8res. Aujourd\u2019hui plus que jamais, nous sommes appel\u00e9s \u00e0 \u00eatre des t\u00e9moins fid\u00e8les de la v\u00e9rit\u00e9, avec la certitude que la foi que nous avons re\u00e7ue est la m\u00eame qui nous m\u00e8nera \u00e0 la vie \u00e9ternelle.<\/p>\n\n\n\n<p>Que notre pri\u00e8re soit celle des saints et des martyrs qui ont d\u00e9fendu cette v\u00e9rit\u00e9 au prix de leur vie :<\/p>\n\n\n\n<p><em>\u00ab\u00a0Seigneur, accorde-nous la gr\u00e2ce de rester fid\u00e8les au D\u00e9p\u00f4t de la Foi jusqu\u2019\u00e0 notre dernier souffle.\u00a0\u00bb<\/em><\/p>\n","protected":false},"excerpt":{"rendered":"<p>Au fil des si\u00e8cles, l\u2019\u00c9glise catholique a gard\u00e9 avec z\u00e8le un tr\u00e9sor in\u00e9puisable de v\u00e9rit\u00e9 et de salut : le D\u00e9p\u00f4t de la Foi. Ce terme, bien que profond dans sa signification th\u00e9ologique, est essentiel pour notre vie chr\u00e9tienne aujourd\u2019hui. Dans un monde o\u00f9 la v\u00e9rit\u00e9 semble se relativiser et o\u00f9 la foi est constamment &hellip;<\/p>\n","protected":false},"author":3,"featured_media":2397,"comment_status":"open","ping_status":"open","sticky":false,"template":"","format":"standard","meta":{"_seopress_robots_primary_cat":"","_seopress_titles_title":"","_seopress_titles_desc":"","_seopress_robots_index":"","footnotes":""},"categories":[43,37],"tags":[607],"class_list":["post-2396","post","type-post","status-publish","format-standard","has-post-thumbnail","","category-catechisme-de-leglise-catholique","category-doctrine-et-foi","tag-depot-de-la-foi"],"_links":{"self":[{"href":"https:\/\/catholicus.eu\/fr\/wp-json\/wp\/v2\/posts\/2396","targetHints":{"allow":["GET"]}}],"collection":[{"href":"https:\/\/catholicus.eu\/fr\/wp-json\/wp\/v2\/posts"}],"about":[{"href":"https:\/\/catholicus.eu\/fr\/wp-json\/wp\/v2\/types\/post"}],"author":[{"embeddable":true,"href":"https:\/\/catholicus.eu\/fr\/wp-json\/wp\/v2\/users\/3"}],"replies":[{"embeddable":true,"href":"https:\/\/catholicus.eu\/fr\/wp-json\/wp\/v2\/comments?post=2396"}],"version-history":[{"count":1,"href":"https:\/\/catholicus.eu\/fr\/wp-json\/wp\/v2\/posts\/2396\/revisions"}],"predecessor-version":[{"id":2398,"href":"https:\/\/catholicus.eu\/fr\/wp-json\/wp\/v2\/posts\/2396\/revisions\/2398"}],"wp:featuredmedia":[{"embeddable":true,"href":"https:\/\/catholicus.eu\/fr\/wp-json\/wp\/v2\/media\/2397"}],"wp:attachment":[{"href":"https:\/\/catholicus.eu\/fr\/wp-json\/wp\/v2\/media?parent=2396"}],"wp:term":[{"taxonomy":"category","embeddable":true,"href":"https:\/\/catholicus.eu\/fr\/wp-json\/wp\/v2\/categories?post=2396"},{"taxonomy":"post_tag","embeddable":true,"href":"https:\/\/catholicus.eu\/fr\/wp-json\/wp\/v2\/tags?post=2396"}],"curies":[{"name":"wp","href":"https:\/\/api.w.org\/{rel}","templated":true}]}}