{"id":2288,"date":"2025-02-11T10:09:55","date_gmt":"2025-02-11T09:09:55","guid":{"rendered":"https:\/\/catholicus.eu\/fr\/?p=2288"},"modified":"2025-02-11T10:09:55","modified_gmt":"2025-02-11T09:09:55","slug":"le-chemin-de-saint-jacques-un-pelerinage-de-foi-dhistoire-et-de-conversion","status":"publish","type":"post","link":"https:\/\/catholicus.eu\/fr\/le-chemin-de-saint-jacques-un-pelerinage-de-foi-dhistoire-et-de-conversion\/","title":{"rendered":"Le Chemin de Saint-Jacques : Un P\u00e8lerinage de Foi, d\u2019Histoire et de Conversion"},"content":{"rendered":"\n<p>Depuis plus de mille ans, des hommes et des femmes quittent leur foyer, porteurs d\u2019esp\u00e9rance, de repentir et de d\u00e9votion, pour entreprendre l\u2019un des voyages les plus transformateurs du christianisme : le <strong>Chemin de Saint-Jacques<\/strong> (<em>Camino de Santiago<\/em>). Ce n\u2019est pas seulement une route, mais une exp\u00e9rience spirituelle qui change la vie de ceux qui l\u2019empruntent. Dans une soci\u00e9t\u00e9 qui s\u2019\u00e9loigne souvent du sacr\u00e9, le Chemin reste un rappel que la foi n\u2019est pas une simple th\u00e9orie : c\u2019est un chemin que l\u2019on parcourt avec les pieds et avec l\u2019\u00e2me.<\/p>\n\n\n\n<p>Dans cet article, nous explorerons l\u2019origine du Chemin, son histoire et sa tradition, son importance pour l\u2019\u00c9glise et comment un catholique d\u2019aujourd\u2019hui peut le vivre comme un v\u00e9ritable p\u00e8lerinage. Nous partagerons \u00e9galement des anecdotes et des informations pratiques pour ceux qui souhaitent entreprendre ce voyage avec le c\u0153ur ouvert \u00e0 la gr\u00e2ce de Dieu.<\/p>\n\n\n\n<hr class=\"wp-block-separator has-alpha-channel-opacity\"\/>\n\n\n\n<h2 class=\"wp-block-heading\"><strong>1. Origine et Sens Spirituel du Chemin de Saint-Jacques<\/strong><\/h2>\n\n\n\n<p>Le Chemin de Saint-Jacques trouve son origine dans la d\u00e9votion \u00e0 l\u2019ap\u00f4tre <strong>Jacques le Majeur<\/strong>, l\u2019un des douze disciples du Christ. Selon la tradition, apr\u00e8s la R\u00e9surrection du Seigneur, Jacques pr\u00eacha l\u2019\u00c9vangile en Hispanie, semant les graines de la foi dans une terre qui, des si\u00e8cles plus tard, deviendrait un bastion du christianisme.<\/p>\n\n\n\n<p>De retour \u00e0 J\u00e9rusalem, Jacques fut martyris\u00e9 par ordre du roi H\u00e9rode Agrippa (Ac 12,2). Ses disciples, selon la l\u00e9gende, transport\u00e8rent son corps jusqu\u2019en Galice dans une barque guid\u00e9e par des anges. \u00c0 leur arriv\u00e9e, ils l\u2019inhum\u00e8rent dans une for\u00eat, o\u00f9 son tombeau resta cach\u00e9 pendant des si\u00e8cles. Au IX\u1d49 si\u00e8cle, un ermite nomm\u00e9 P\u00e9lage eut une vision dans laquelle une \u00e9toile indiquait l\u2019emplacement exact. De l\u00e0 vient le nom <em>Campus Stellae<\/em> (Champ de l\u2019\u00c9toile), qui \u00e9volua plus tard en <strong>Compostelle<\/strong>.<\/p>\n\n\n\n<p>La d\u00e9couverte du tombeau de l\u2019Ap\u00f4tre sous le r\u00e8gne du roi <strong>Alphonse II des Asturies<\/strong> fit de Compostelle un grand centre de p\u00e8lerinage, rivalisant m\u00eame avec Rome et J\u00e9rusalem. Depuis lors, le <strong>Chemin de Saint-Jacques<\/strong> est devenu l\u2019un des grands itin\u00e9raires spirituels du christianisme.<\/p>\n\n\n\n<hr class=\"wp-block-separator has-alpha-channel-opacity\"\/>\n\n\n\n<h2 class=\"wp-block-heading\"><strong>2. Un Voyage de Foi et de Conversion<\/strong><\/h2>\n\n\n\n<p>Le p\u00e8lerin, en marchant vers Saint-Jacques-de-Compostelle, suit un chemin jalonn\u00e9 de symboles spirituels. Chaque pas est un rappel que la vie chr\u00e9tienne est un p\u00e8lerinage qui demande effort, sacrifice et, surtout, <strong>confiance en Dieu<\/strong>.<\/p>\n\n\n\n<p>Beaucoup commencent le Chemin pour des raisons touristiques, sportives ou par simple curiosit\u00e9, mais en cours de route, ils font l\u2019exp\u00e9rience de la <strong>gr\u00e2ce divine<\/strong>. \u00c0 travers la fatigue, le silence, la rencontre avec d\u2019autres p\u00e8lerins et la beaut\u00e9 de la cr\u00e9ation, ils red\u00e9couvrent Dieu.<\/p>\n\n\n\n<p>Pour le chr\u00e9tien, le Chemin n\u2019est pas seulement un exercice physique, mais une parabole de la vie spirituelle. Comme le disait <strong>Saint Augustin<\/strong> : <em>\u00ab Tu nous as faits pour Toi, Seigneur, et notre c\u0153ur est sans repos tant qu\u2019il ne demeure en Toi. \u00bb<\/em> Marcher vers Compostelle, c\u2019est, au fond, <strong>marcher vers Dieu<\/strong>.<\/p>\n\n\n\n<hr class=\"wp-block-separator has-alpha-channel-opacity\"\/>\n\n\n\n<h2 class=\"wp-block-heading\"><strong>3. Histoire et D\u00e9veloppement du Chemin<\/strong><\/h2>\n\n\n\n<p>Au cours du Moyen \u00c2ge, la d\u00e9votion \u00e0 l\u2019Ap\u00f4tre fit du Chemin de Saint-Jacques la grande art\u00e8re spirituelle de l\u2019Europe. Rois, saints et papes encourag\u00e8rent le p\u00e8lerinage en construisant <strong>des monast\u00e8res, des h\u00f4pitaux et des ponts<\/strong> pour faciliter le voyage.<\/p>\n\n\n\n<p>Parmi les figures les plus illustres ayant parcouru le Chemin figurent <strong>Saint Fran\u00e7ois d\u2019Assise<\/strong>, qui fit son p\u00e8lerinage en 1214, et <strong>Dante Alighieri<\/strong>, qui mentionne Saint-Jacques dans sa <em>Divine Com\u00e9die<\/em>. On raconte aussi que les <strong>Rois Catholiques<\/strong>, Ferdinand et Isabelle, accomplirent ce p\u00e8lerinage en signe de foi et de gratitude apr\u00e8s la prise de Grenade en 1492.<\/p>\n\n\n\n<p>Avec le temps, le p\u00e8lerinage connut un d\u00e9clin en raison des guerres, des \u00e9pid\u00e9mies et de la s\u00e9cularisation de l\u2019Europe. Cependant, le <strong>XX\u1d49 si\u00e8cle<\/strong> a vu une renaissance du Chemin, en grande partie gr\u00e2ce au <strong>Pape Saint Jean-Paul II<\/strong>, qui, dans son c\u00e9l\u00e8bre <strong>discours de 1982 \u00e0 Compostelle<\/strong>, appela l\u2019Europe \u00e0 <strong>red\u00e9couvrir ses racines chr\u00e9tiennes<\/strong>.<\/p>\n\n\n\n<hr class=\"wp-block-separator has-alpha-channel-opacity\"\/>\n\n\n\n<h2 class=\"wp-block-heading\"><strong>4. Le Chemin Aujourd\u2019hui : Un D\u00e9fi pour la Foi<\/strong><\/h2>\n\n\n\n<p>Aujourd\u2019hui, le <strong>Chemin de Saint-Jacques<\/strong> conna\u00eet un renouveau important, mais pas toujours pour des raisons religieuses. Beaucoup l\u2019entreprennent comme une exp\u00e9rience culturelle, sportive ou m\u00eame comme une <strong>d\u00e9tox num\u00e9rique<\/strong>. Pourtant, pour le catholique, il reste une opportunit\u00e9 unique de <strong>rencontre avec Dieu<\/strong>.<\/p>\n\n\n\n<p>L\u2019un des aspects les plus beaux du Chemin est son <strong>universalit\u00e9<\/strong>. Catholiques, orthodoxes, protestants et m\u00eame non-croyants marchent ensemble, ce qui en fait <strong>un espace d\u2019\u00e9vang\u00e9lisation<\/strong>. \u00c0 chaque \u00e9tape, surgissent des conversations profondes sur le sens de la vie, la foi et la transcendance.<\/p>\n\n\n\n<p>Pour le vivre comme un <strong>v\u00e9ritable p\u00e8lerinage<\/strong>, il est recommand\u00e9 de :<\/p>\n\n\n\n<ul class=\"wp-block-list\">\n<li><strong>Commencer avec une intention claire.<\/strong> Pourquoi faire le Chemin ? Offrir chaque pas comme une pri\u00e8re.<\/li>\n\n\n\n<li><strong>Se confesser avant de partir.<\/strong> Le Chemin est un symbole de conversion.<\/li>\n\n\n\n<li><strong>Assister \u00e0 la Messe du P\u00e8lerin \u00e0 la Cath\u00e9drale de Saint-Jacques.<\/strong> Cl\u00f4turer le p\u00e8lerinage avec l\u2019Eucharistie est la plus grande r\u00e9compense.<\/li>\n\n\n\n<li><strong>Prier en marchant.<\/strong> On peut r\u00e9citer le Rosaire, m\u00e9diter sur le Chemin de Croix ou simplement contempler la cr\u00e9ation.<\/li>\n<\/ul>\n\n\n\n<hr class=\"wp-block-separator has-alpha-channel-opacity\"\/>\n\n\n\n<h2 class=\"wp-block-heading\"><strong>5. Informations Pratiques pour le P\u00e8lerin Catholique<\/strong><\/h2>\n\n\n\n<p>Pour ceux qui souhaitent entreprendre le Chemin, plusieurs itin\u00e9raires sont possibles. Les plus connus sont :<\/p>\n\n\n\n<ul class=\"wp-block-list\">\n<li><strong>Le Chemin Fran\u00e7ais<\/strong> (depuis Roncevaux ou Saint-Jean-Pied-de-Port, 800 km).<\/li>\n\n\n\n<li><strong>Le Chemin Portugais<\/strong> (depuis Lisbonne ou Porto).<\/li>\n\n\n\n<li><strong>Le Chemin du Nord<\/strong> (le long de la c\u00f4te cantabrique).<\/li>\n\n\n\n<li><strong>La Via de la Plata<\/strong> (depuis S\u00e9ville, 1 000 km).<\/li>\n<\/ul>\n\n\n\n<h3 class=\"wp-block-heading\"><strong>Quand partir ?<\/strong><\/h3>\n\n\n\n<p>Le meilleur moment est <strong>le printemps ou l\u2019automne<\/strong>. L\u2019\u00e9t\u00e9 peut \u00eatre <strong>tr\u00e8s chaud<\/strong>, et l\u2019hiver apporte <strong>froid et pluie<\/strong>, rendant le trajet plus difficile.<\/p>\n\n\n\n<h3 class=\"wp-block-heading\"><strong>Que faut-il emporter ?<\/strong><\/h3>\n\n\n\n<ul class=\"wp-block-list\">\n<li>Un sac \u00e0 dos l\u00e9ger (<strong>maximum 10 % du poids corporel<\/strong>).<\/li>\n\n\n\n<li>De bonnes chaussures de randonn\u00e9e.<\/li>\n\n\n\n<li>La <strong>Cr\u00e9dentiale du P\u00e8lerin<\/strong> (n\u00e9cessaire pour obtenir la Compostelle).<\/li>\n\n\n\n<li>Une <strong>petite Bible et un chapelet<\/strong>.<\/li>\n\n\n\n<li>Une <strong>attitude d\u2019ouverture \u00e0 la volont\u00e9 de Dieu<\/strong>.<\/li>\n<\/ul>\n\n\n\n<hr class=\"wp-block-separator has-alpha-channel-opacity\"\/>\n\n\n\n<h2 class=\"wp-block-heading\"><strong>6. Anecdote : La Conversion d\u2019un P\u00e8lerin<\/strong><\/h2>\n\n\n\n<p>De nombreux t\u00e9moignages illustrent la puissance <strong>transformante<\/strong> du Chemin. Un cas c\u00e9l\u00e8bre est celui de <strong>Paulo Coelho<\/strong>, qui, avant d\u2019\u00eatre \u00e9crivain, \u00e9tait producteur musical et \u00e9loign\u00e9 de la foi. En 1986, il fit le Chemin et v\u00e9cut une <strong>profonde conversion<\/strong>, qui inspira son livre <em>Le P\u00e8lerin de Compostelle<\/em>.<\/p>\n\n\n\n<p>Mais au-del\u00e0 des c\u00e9l\u00e9brit\u00e9s, il existe des milliers d\u2019histoires de personnes ayant <strong>retrouv\u00e9 Dieu<\/strong>, <strong>pardonn\u00e9 des blessures du pass\u00e9<\/strong> ou m\u00eame <strong>d\u00e9couvert leur vocation<\/strong> en marchant sur les sentiers de Galice.<\/p>\n\n\n\n<hr class=\"wp-block-separator has-alpha-channel-opacity\"\/>\n\n\n\n<h2 class=\"wp-block-heading\"><strong>Conclusion : Plus qu\u2019un Voyage, une Rencontre avec Dieu<\/strong><\/h2>\n\n\n\n<p>Le <strong>Chemin de Saint-Jacques<\/strong> est bien plus qu\u2019un itin\u00e9raire touristique. Il est <strong>un \u00e9cho de l\u2019\u00c9vangile<\/strong>, un <strong>appel \u00e0 la conversion<\/strong>, un <strong>symbole de la vie chr\u00e9tienne<\/strong>. Chaque p\u00e8lerin qui atteint la <strong>Cath\u00e9drale de Compostelle<\/strong> ne rencontre pas seulement le tombeau de l\u2019Ap\u00f4tre, mais surtout <strong>l\u2019amour de Dieu, qui nous attend toujours les bras ouverts<\/strong>.<\/p>\n\n\n\n<p>Si vous ressentez que votre foi a besoin d\u2019un nouvel \u00e9lan, si vous cherchez des r\u00e9ponses, ou si vous voulez simplement vivre <strong>une exp\u00e9rience spirituelle profonde<\/strong>, <strong>le Chemin de Saint-Jacques vous attend<\/strong>.<\/p>\n\n\n\n<p>Il suffit de faire le premier pas.<\/p>\n\n\n\n<p><strong>\u00a1Ultreia et suseia !<\/strong> (<em>En avant et en haut !<\/em>) \ud83d\udeb6\u200d\u2642\ufe0f\u271d\ufe0f<\/p>\n","protected":false},"excerpt":{"rendered":"<p>Depuis plus de mille ans, des hommes et des femmes quittent leur foyer, porteurs d\u2019esp\u00e9rance, de repentir et de d\u00e9votion, pour entreprendre l\u2019un des voyages les plus transformateurs du christianisme : le Chemin de Saint-Jacques (Camino de Santiago). Ce n\u2019est pas seulement une route, mais une exp\u00e9rience spirituelle qui change la vie de ceux qui &hellip;<\/p>\n","protected":false},"author":3,"featured_media":2289,"comment_status":"open","ping_status":"open","sticky":false,"template":"","format":"standard","meta":{"_seopress_robots_primary_cat":"","_seopress_titles_title":"","_seopress_titles_desc":"","_seopress_robots_index":"","footnotes":""},"categories":[40,62],"tags":[572],"class_list":["post-2288","post","type-post","status-publish","format-standard","has-post-thumbnail","","category-priere-et-spiritualite","category-sacramentaux-et-pelerinages","tag-chemin-de-saint-jacques"],"_links":{"self":[{"href":"https:\/\/catholicus.eu\/fr\/wp-json\/wp\/v2\/posts\/2288","targetHints":{"allow":["GET"]}}],"collection":[{"href":"https:\/\/catholicus.eu\/fr\/wp-json\/wp\/v2\/posts"}],"about":[{"href":"https:\/\/catholicus.eu\/fr\/wp-json\/wp\/v2\/types\/post"}],"author":[{"embeddable":true,"href":"https:\/\/catholicus.eu\/fr\/wp-json\/wp\/v2\/users\/3"}],"replies":[{"embeddable":true,"href":"https:\/\/catholicus.eu\/fr\/wp-json\/wp\/v2\/comments?post=2288"}],"version-history":[{"count":1,"href":"https:\/\/catholicus.eu\/fr\/wp-json\/wp\/v2\/posts\/2288\/revisions"}],"predecessor-version":[{"id":2290,"href":"https:\/\/catholicus.eu\/fr\/wp-json\/wp\/v2\/posts\/2288\/revisions\/2290"}],"wp:featuredmedia":[{"embeddable":true,"href":"https:\/\/catholicus.eu\/fr\/wp-json\/wp\/v2\/media\/2289"}],"wp:attachment":[{"href":"https:\/\/catholicus.eu\/fr\/wp-json\/wp\/v2\/media?parent=2288"}],"wp:term":[{"taxonomy":"category","embeddable":true,"href":"https:\/\/catholicus.eu\/fr\/wp-json\/wp\/v2\/categories?post=2288"},{"taxonomy":"post_tag","embeddable":true,"href":"https:\/\/catholicus.eu\/fr\/wp-json\/wp\/v2\/tags?post=2288"}],"curies":[{"name":"wp","href":"https:\/\/api.w.org\/{rel}","templated":true}]}}