{"id":2257,"date":"2025-02-09T21:21:46","date_gmt":"2025-02-09T20:21:46","guid":{"rendered":"https:\/\/catholicus.eu\/fr\/?p=2257"},"modified":"2025-02-09T21:21:47","modified_gmt":"2025-02-09T20:21:47","slug":"la-bible-protestante-est-incomplete-la-verite-quon-ne-vous-a-pas-dite","status":"publish","type":"post","link":"https:\/\/catholicus.eu\/fr\/la-bible-protestante-est-incomplete-la-verite-quon-ne-vous-a-pas-dite\/","title":{"rendered":"La Bible Protestante est Incompl\u00e8te : La V\u00e9rit\u00e9 qu\u2019on ne Vous a Pas Dite"},"content":{"rendered":"\n<p>Lorsque nous ouvrons une Bible protestante et la comparons avec une Bible catholique, nous constatons une diff\u00e9rence fondamentale : <strong>il manque des livres<\/strong>. Ce n\u2019est pas un simple d\u00e9tail insignifiant, mais une omission cruciale qui impacte la compr\u00e9hension de la foi chr\u00e9tienne.<\/p>\n\n\n\n<p>Mais que signifie cela ? Pourquoi ces livres ont-ils \u00e9t\u00e9 supprim\u00e9s ? Comment cela affecte-t-il la th\u00e9ologie protestante ? Et surtout : <strong>pourquoi est-ce si important pour notre vie spirituelle aujourd\u2019hui ?<\/strong><\/p>\n\n\n\n<p>Dans cet article, nous allons explorer ce sujet en profondeur, d\u00e9mystifier les id\u00e9es re\u00e7ues et expliquer pourquoi la Bible catholique est la version compl\u00e8te et authentique de la Parole de Dieu.<\/p>\n\n\n\n<h2 class=\"wp-block-heading\"><strong>Quels Livres Manquent dans la Bible Protestante ?<\/strong><\/h2>\n\n\n\n<p>La Bible catholique contient <strong>73 livres<\/strong>, tandis que la Bible protestante n\u2019en compte que <strong>66<\/strong>. Cette diff\u00e9rence s\u2019explique par le fait que les r\u00e9formateurs du XVIe si\u00e8cle ont <strong>supprim\u00e9 sept livres de l\u2019Ancien Testament<\/strong> ainsi que des parties d\u2019autres livres. Voici ceux qui ont \u00e9t\u00e9 enlev\u00e9s :<\/p>\n\n\n\n<ol class=\"wp-block-list\">\n<li><strong>Tobie<\/strong><\/li>\n\n\n\n<li><strong>Judith<\/strong><\/li>\n\n\n\n<li><strong>Sagesse<\/strong><\/li>\n\n\n\n<li><strong>Eccl\u00e9siastique (Siracide)<\/strong><\/li>\n\n\n\n<li><strong>Baruch<\/strong><\/li>\n\n\n\n<li><strong>1 Maccab\u00e9es<\/strong><\/li>\n\n\n\n<li><strong>2 Maccab\u00e9es<\/strong><\/li>\n<\/ol>\n\n\n\n<p>De plus, certaines parties de <strong>Daniel et Esther<\/strong> ont \u00e9t\u00e9 supprim\u00e9es dans la version protestante.<\/p>\n\n\n\n<p>Ces livres, appel\u00e9s <strong>deut\u00e9rocanoniques<\/strong>, ont toujours \u00e9t\u00e9 consid\u00e9r\u00e9s comme des \u00c9critures Saintes par l\u2019\u00c9glise et faisaient partie de la <strong>Septante<\/strong>, la traduction grecque de l\u2019Ancien Testament utilis\u00e9e par les ap\u00f4tres et J\u00e9sus lui-m\u00eame.<\/p>\n\n\n\n<h2 class=\"wp-block-heading\"><strong>Pourquoi les Protestants Ont-ils Supprim\u00e9 ces Livres ?<\/strong><\/h2>\n\n\n\n<p>Martin Luther et d\u2019autres r\u00e9formateurs <strong>ont rejet\u00e9 ces livres<\/strong> parce qu\u2019ils contredisaient plusieurs de leurs doctrines. Ce n\u2019\u00e9tait pas une d\u00e9cision bas\u00e9e sur l\u2019histoire ou la tradition apostolique, mais sur leur propre interpr\u00e9tation th\u00e9ologique.<\/p>\n\n\n\n<p>Voyons quelques exemples de ce que ces livres enseignent et comment ils remettent en cause la th\u00e9ologie protestante :<\/p>\n\n\n\n<h3 class=\"wp-block-heading\"><strong>1. La pri\u00e8re pour les d\u00e9funts et le Purgatoire<\/strong><\/h3>\n\n\n\n<p>Dans <strong>2 Maccab\u00e9es 12, 45-46<\/strong>, il est clairement fait mention de la pratique de la pri\u00e8re pour les morts :<\/p>\n\n\n\n<blockquote class=\"wp-block-quote is-layout-flow wp-block-quote-is-layout-flow\">\n<p>\u00ab\u00a0Mais s\u2019il pensait \u00e0 la magnifique r\u00e9compense r\u00e9serv\u00e9e \u00e0 ceux qui s\u2019endorment dans la pi\u00e9t\u00e9, alors c\u2019\u00e9tait une pens\u00e9e sainte et pieuse. Voil\u00e0 pourquoi il fit offrir un sacrifice d\u2019expiation pour les morts, afin qu\u2019ils soient d\u00e9livr\u00e9s de leurs p\u00e9ch\u00e9s.\u00a0\u00bb<\/p>\n<\/blockquote>\n\n\n\n<p>Cet enseignement soutient la doctrine du <strong>Purgatoire<\/strong>, une croyance rejet\u00e9e par le protestantisme. Si les protestants acceptaient 2 Maccab\u00e9es, ils devraient aussi accepter la pri\u00e8re pour les d\u00e9funts et le processus de purification apr\u00e8s la mort, ce qui contredit leur doctrine du <strong>sola fide<\/strong> (le salut par la foi seule).<\/p>\n\n\n\n<h3 class=\"wp-block-heading\"><strong>2. L\u2019importance des bonnes \u0153uvres<\/strong><\/h3>\n\n\n\n<p>La th\u00e9ologie protestante insiste sur le fait que <strong>nous sommes sauv\u00e9s uniquement par la foi (sola fide)<\/strong>. Cependant, les livres deut\u00e9rocanoniques mettent en avant l\u2019importance des \u0153uvres en plus de la foi.<\/p>\n\n\n\n<p>Par exemple, dans <strong>Eccl\u00e9siastique 15, 16-17<\/strong>, nous lisons :<\/p>\n\n\n\n<blockquote class=\"wp-block-quote is-layout-flow wp-block-quote-is-layout-flow\">\n<p>\u00ab\u00a0Si tu le veux, tu garderas les commandements : rester fid\u00e8le d\u00e9pend de ton bon plaisir. Il a mis devant toi le feu et l\u2019eau : \u00e9tends la main vers ce que tu pr\u00e9f\u00e8res.\u00a0\u00bb<\/p>\n<\/blockquote>\n\n\n\n<p>Ce passage renforce l\u2019enseignement catholique selon lequel nous avons <strong>le libre arbitre<\/strong> et que nos choix comptent pour notre salut. Luther, qui pr\u00eachait la <strong>d\u00e9pravation totale de l\u2019homme<\/strong>, a rejet\u00e9 cette id\u00e9e et a pr\u00e9f\u00e9r\u00e9 exclure ces livres de la Bible.<\/p>\n\n\n\n<h3 class=\"wp-block-heading\"><strong>3. L\u2019intercession des saints<\/strong><\/h3>\n\n\n\n<p>Le livre de <strong>Baruch<\/strong> parle de la mani\u00e8re dont les justes peuvent interc\u00e9der pour le peuple :<\/p>\n\n\n\n<blockquote class=\"wp-block-quote is-layout-flow wp-block-quote-is-layout-flow\">\n<p>\u00ab\u00a0Seigneur Tout-Puissant, Dieu d\u2019Isra\u00ebl, \u00e9coute la pri\u00e8re des morts d\u2019Isra\u00ebl et de leurs fils p\u00e9cheurs\u00a0\u00bb (Baruch 3, 4).<\/p>\n<\/blockquote>\n\n\n\n<p>Ce concept d\u2019intercession est fondamental dans la th\u00e9ologie catholique, car il explique la communion des saints et le r\u00f4le de Marie et des saints dans leur intercession pour nous. Cependant, les protestants rejettent cette croyance, et la suppression de ces livres leur permet d\u2019\u00e9viter cette question.<\/p>\n\n\n\n<h3 class=\"wp-block-heading\"><strong>4. La v\u00e9n\u00e9ration des images sacr\u00e9es<\/strong><\/h3>\n\n\n\n<p>Beaucoup de protestants affirment que la Bible interdit l\u2019usage des images, mais dans <strong>Sagesse 14, 7<\/strong>, nous trouvons un passage r\u00e9v\u00e9lateur :<\/p>\n\n\n\n<blockquote class=\"wp-block-quote is-layout-flow wp-block-quote-is-layout-flow\">\n<p>\u00ab\u00a0B\u00e9ni soit le bois par lequel se r\u00e9alise la justice.\u00a0\u00bb<\/p>\n<\/blockquote>\n\n\n\n<p>Cela fait r\u00e9f\u00e9rence aux objets sacr\u00e9s utilis\u00e9s dans l\u2019adoration de Dieu, justifiant ainsi l\u2019usage d\u2019images et de statues \u00e0 des fins pieuses.<\/p>\n\n\n\n<h2 class=\"wp-block-heading\"><strong>Qui a D\u00e9cid\u00e9 Quels Livres devaient Figurer dans la Bible ?<\/strong><\/h2>\n\n\n\n<p>Il est important de comprendre que la Bible ne nous est pas tomb\u00e9e du ciel d\u00e9j\u00e0 reli\u00e9e avec ses 73 livres. <strong>L\u2019\u00c9glise primitive, sous la guidance du Saint-Esprit, a d\u00e9fini le canon biblique lors des conciles de Rome (382), d\u2019Hippone (393) et de Carthage (397).<\/strong><\/p>\n\n\n\n<p>Saint Augustin, grand d\u00e9fenseur des deut\u00e9rocanoniques, insistait sur leur inspiration divine. Mais Luther, pour soutenir ses doctrines, a pris la d\u00e9cision unilat\u00e9rale de les exclure.<\/p>\n\n\n\n<p>Les protestants affirment que le canon juif, fix\u00e9 au 1er si\u00e8cle apr\u00e8s J\u00e9sus-Christ lors du Concile de Jamnia, ne contenait pas ces livres. Cependant, <strong>les ap\u00f4tres et l\u2019\u00c9glise primitive utilisaient la Septante, qui les incluait<\/strong>.<\/p>\n\n\n\n<p>En d\u2019autres termes, les protestants suivent le canon juif <strong>post\u00e9rieur \u00e0 J\u00e9sus<\/strong>, tandis que les catholiques suivent le canon utilis\u00e9 par les ap\u00f4tres et les premiers chr\u00e9tiens.<\/p>\n\n\n\n<h2 class=\"wp-block-heading\"><strong>Pourquoi est-ce Important Aujourd\u2019hui ?<\/strong><\/h2>\n\n\n\n<p>Certaines personnes pourraient penser : \u00ab\u00a0Si je crois en J\u00e9sus, est-ce vraiment important de savoir quels livres sont dans la Bible ?\u00a0\u00bb<\/p>\n\n\n\n<p>La r\u00e9ponse est un <strong>oui cat\u00e9gorique<\/strong>.<\/p>\n\n\n\n<ol class=\"wp-block-list\">\n<li><strong>S\u2019il manque une partie de la Bible, il manque une partie de la v\u00e9rit\u00e9.<\/strong><\/li>\n\n\n\n<li><strong>Les doctrines protestantes sont incompl\u00e8tes car elles se basent sur une Bible incompl\u00e8te.<\/strong><\/li>\n\n\n\n<li><strong>Les enseignements supprim\u00e9s affectent notre compr\u00e9hension de la foi, du salut et de la vie chr\u00e9tienne.<\/strong><\/li>\n<\/ol>\n\n\n\n<p>Accepter la Bible catholique signifie accepter <strong>la pl\u00e9nitude de la R\u00e9v\u00e9lation<\/strong>. Nous ne pouvons pas baser notre foi sur une version r\u00e9duite de la Parole de Dieu.<\/p>\n\n\n\n<h2 class=\"wp-block-heading\"><strong>Que Pouvez-vous Faire Aujourd\u2019hui ?<\/strong><\/h2>\n\n\n\n<ol class=\"wp-block-list\">\n<li><strong>Si vous \u00eates catholique, approfondissez les livres deut\u00e9rocanoniques.<\/strong> Ils sont souvent ignor\u00e9s, m\u00eame par les catholiques. Lisez-les et d\u00e9couvrez leur richesse spirituelle.<\/li>\n\n\n\n<li><strong>Si vous \u00eates protestant, renseignez-vous sur les raisons pour lesquelles votre Bible contient moins de livres.<\/strong> Demandez-vous qui a d\u00e9cid\u00e9 des livres \u00e0 inclure et pourquoi.<\/li>\n\n\n\n<li><strong>Partagez cette information.<\/strong> De nombreux chr\u00e9tiens ignorent que leur Bible est incompl\u00e8te. Aidez-les \u00e0 d\u00e9couvrir la v\u00e9rit\u00e9.<\/li>\n<\/ol>\n\n\n\n<h2 class=\"wp-block-heading\"><strong>Conclusion : La Pl\u00e9nitude de la Foi<\/strong><\/h2>\n\n\n\n<p>La Bible est la Parole de Dieu, mais la Bible protestante <strong>n\u2019est pas compl\u00e8te<\/strong>. La suppression des livres deut\u00e9rocanoniques n\u2019a pas \u00e9t\u00e9 une d\u00e9cision inspir\u00e9e par Dieu, mais une strat\u00e9gie humaine pour justifier des doctrines contraires \u00e0 l\u2019enseignement apostolique.<\/p>\n\n\n\n<p>Si nous voulons vivre dans la pl\u00e9nitude de la foi chr\u00e9tienne, nous devons accepter la Bible dans son int\u00e9gralit\u00e9, telle qu\u2019elle a \u00e9t\u00e9 transmise par l\u2019\u00c9glise depuis le commencement.<\/p>\n\n\n\n<p>Que cette connaissance nous aide \u00e0 nous rapprocher de Dieu et \u00e0 vivre une foi plus profonde et authentique.<\/p>\n","protected":false},"excerpt":{"rendered":"<p>Lorsque nous ouvrons une Bible protestante et la comparons avec une Bible catholique, nous constatons une diff\u00e9rence fondamentale : il manque des livres. Ce n\u2019est pas un simple d\u00e9tail insignifiant, mais une omission cruciale qui impacte la compr\u00e9hension de la foi chr\u00e9tienne. Mais que signifie cela ? Pourquoi ces livres ont-ils \u00e9t\u00e9 supprim\u00e9s ? Comment &hellip;<\/p>\n","protected":false},"author":3,"featured_media":2258,"comment_status":"open","ping_status":"open","sticky":false,"template":"","format":"standard","meta":{"_seopress_robots_primary_cat":"","_seopress_titles_title":"","_seopress_titles_desc":"","_seopress_robots_index":"","footnotes":""},"categories":[37,45],"tags":[563],"class_list":["post-2257","post","type-post","status-publish","format-standard","has-post-thumbnail","","category-doctrine-et-foi","category-saintes-ecritures","tag-bible-protestante"],"_links":{"self":[{"href":"https:\/\/catholicus.eu\/fr\/wp-json\/wp\/v2\/posts\/2257","targetHints":{"allow":["GET"]}}],"collection":[{"href":"https:\/\/catholicus.eu\/fr\/wp-json\/wp\/v2\/posts"}],"about":[{"href":"https:\/\/catholicus.eu\/fr\/wp-json\/wp\/v2\/types\/post"}],"author":[{"embeddable":true,"href":"https:\/\/catholicus.eu\/fr\/wp-json\/wp\/v2\/users\/3"}],"replies":[{"embeddable":true,"href":"https:\/\/catholicus.eu\/fr\/wp-json\/wp\/v2\/comments?post=2257"}],"version-history":[{"count":1,"href":"https:\/\/catholicus.eu\/fr\/wp-json\/wp\/v2\/posts\/2257\/revisions"}],"predecessor-version":[{"id":2259,"href":"https:\/\/catholicus.eu\/fr\/wp-json\/wp\/v2\/posts\/2257\/revisions\/2259"}],"wp:featuredmedia":[{"embeddable":true,"href":"https:\/\/catholicus.eu\/fr\/wp-json\/wp\/v2\/media\/2258"}],"wp:attachment":[{"href":"https:\/\/catholicus.eu\/fr\/wp-json\/wp\/v2\/media?parent=2257"}],"wp:term":[{"taxonomy":"category","embeddable":true,"href":"https:\/\/catholicus.eu\/fr\/wp-json\/wp\/v2\/categories?post=2257"},{"taxonomy":"post_tag","embeddable":true,"href":"https:\/\/catholicus.eu\/fr\/wp-json\/wp\/v2\/tags?post=2257"}],"curies":[{"name":"wp","href":"https:\/\/api.w.org\/{rel}","templated":true}]}}