{"id":2208,"date":"2025-02-07T11:42:15","date_gmt":"2025-02-07T10:42:15","guid":{"rendered":"https:\/\/catholicus.eu\/fr\/?p=2208"},"modified":"2025-02-07T11:42:15","modified_gmt":"2025-02-07T10:42:15","slug":"saint-pierre-et-les-premiers-papes-les-fondations-indestructibles-de-leglise-catholique","status":"publish","type":"post","link":"https:\/\/catholicus.eu\/fr\/saint-pierre-et-les-premiers-papes-les-fondations-indestructibles-de-leglise-catholique\/","title":{"rendered":"Saint Pierre et les Premiers Papes : Les Fondations Indestructibles de l&rsquo;\u00c9glise Catholique"},"content":{"rendered":"\n<p>Depuis ses d\u00e9buts, l&rsquo;\u00c9glise catholique est comme une maison b\u00e2tie sur un roc solide, r\u00e9sistant aux temp\u00eates, aux pers\u00e9cutions et aux d\u00e9fis \u00e0 travers les si\u00e8cles. Ce roc, comme l&rsquo;a affirm\u00e9 J\u00e9sus dans l&rsquo;\u00c9vangile selon Matthieu (16,18), est <strong>Saint Pierre : \u00ab\u00a0Tu es Pierre, et sur cette pierre je b\u00e2tirai mon \u00c9glise, et les portes de l&rsquo;enfer ne pr\u00e9vaudront pas contre elle.\u00a0\u00bb<\/strong> Cette d\u00e9claration du Christ ne d\u00e9finit pas seulement le r\u00f4le de Pierre, mais \u00e9tablit \u00e9galement le fondement de la papaut\u00e9 et de l&rsquo;autorit\u00e9 apostolique dans l&rsquo;\u00c9glise.<\/p>\n\n\n\n<p>Mais qui \u00e9tait r\u00e9ellement Saint Pierre ? Quel \u00e9tait son leadership ? Qui furent les premiers papes qui h\u00e9rit\u00e8rent de sa mission ? Dans cet article, nous explorerons les fondements de l&rsquo;\u00c9glise catholique, de Pierre \u00e0 ses premiers successeurs, en d\u00e9couvrant non seulement des faits historiques, mais aussi la signification spirituelle et th\u00e9ologique de ces hommes qui ont fa\u00e7onn\u00e9 l&rsquo;\u00c9glise primitive.<\/p>\n\n\n\n<h2 class=\"wp-block-heading\"><strong>Saint Pierre : Du P\u00eacheur au Prince des Ap\u00f4tres<\/strong><\/h2>\n\n\n\n<p>Simon Pierre, n\u00e9 \u00e0 Bethsa\u00efde, \u00e9tait un humble p\u00eacheur de la mer de Galil\u00e9e. Avec son fr\u00e8re Andr\u00e9, il fut personnellement appel\u00e9 par J\u00e9sus pour devenir un <strong>\u00ab\u00a0p\u00eacheur d&rsquo;hommes\u00a0\u00bb<\/strong> (Mt 4,19). Impulsif, passionn\u00e9 et parfois craintif, Pierre repr\u00e9sente chaque croyant qui, malgr\u00e9 ses faiblesses, est transform\u00e9 par la gr\u00e2ce de Dieu.<\/p>\n\n\n\n<p>L&rsquo;un des moments cl\u00e9s de sa vie est sa confession de foi \u00e0 C\u00e9sar\u00e9e de Philippe (Mt 16,16), o\u00f9 il proclame : <strong>\u00ab\u00a0Tu es le Christ, le Fils du Dieu vivant.\u00a0\u00bb<\/strong> Cette d\u00e9claration lui vaut la promesse de J\u00e9sus qu&rsquo;il serait le roc sur lequel l&rsquo;\u00c9glise serait b\u00e2tie et qu&rsquo;il recevrait <strong>\u00ab\u00a0les cl\u00e9s du Royaume des Cieux\u00a0\u00bb<\/strong> (Mt 16,19), symbole de l&rsquo;autorit\u00e9 donn\u00e9e par le Christ.<\/p>\n\n\n\n<p>Cependant, Pierre conna\u00eet aussi la peur et la fragilit\u00e9 humaine. Pendant la Passion, il renie J\u00e9sus trois fois, mais son repentir sinc\u00e8re le m\u00e8ne \u00e0 la r\u00e9habilitation. Sur le rivage de la mer de Galil\u00e9e, le Christ ressuscit\u00e9 lui demande trois fois : <strong>\u00ab\u00a0M&rsquo;aimes-tu ?\u00a0\u00bb<\/strong> (Jn 21,15-17), lui confiant \u00e0 nouveau la mission de pa\u00eetre son troupeau. Cet \u00e9v\u00e9nement confirme son r\u00f4le de pasteur supr\u00eame de l&rsquo;\u00c9glise.<\/p>\n\n\n\n<h3 class=\"wp-block-heading\"><strong>Le Minist\u00e8re de Pierre \u00e0 Rome et son Martyre<\/strong><\/h3>\n\n\n\n<p>Selon la tradition et les preuves historiques, Pierre voyagea \u00e0 Rome, la capitale de l&rsquo;Empire, pour pr\u00eacher l&rsquo;\u00c9vangile. L\u00e0, il fit face \u00e0 une f\u00e9roce pers\u00e9cution sous l&#8217;empereur N\u00e9ron, qui accusa les chr\u00e9tiens d&rsquo;avoir provoqu\u00e9 le grand incendie de Rome en l&rsquo;an 64.<\/p>\n\n\n\n<p>Pierre fut arr\u00eat\u00e9 et, selon la tradition, condamn\u00e9 \u00e0 mort par crucifixion. Cependant, il demanda \u00e0 \u00eatre crucifi\u00e9 la t\u00eate en bas, se sentant indigne de mourir comme son Ma\u00eetre. Son martyre eut lieu dans le Cirque de N\u00e9ron, o\u00f9 se trouve aujourd&rsquo;hui la Basilique Saint-Pierre.<\/p>\n\n\n\n<h3 class=\"wp-block-heading\"><strong>L&rsquo;H\u00e9ritage de Pierre : La Papaut\u00e9 comme Succession Apostolique<\/strong><\/h3>\n\n\n\n<p>La mort de Pierre ne signifia pas la fin de sa mission. L&rsquo;\u00c9glise, guid\u00e9e par l&rsquo;Esprit Saint, comprit qu&rsquo;il devait y avoir un successeur pour poursuivre son minist\u00e8re. Ainsi naquit la papaut\u00e9, avec la conviction que les \u00e9v\u00eaques de Rome sont les l\u00e9gitimes successeurs de Pierre.<\/p>\n\n\n\n<p>Le concept de succession apostolique est essentiel dans l&rsquo;\u00c9glise catholique. Il ne s&rsquo;agit pas simplement d&rsquo;une tradition humaine, mais d&rsquo;un principe th\u00e9ologique bas\u00e9 sur la transmission de l&rsquo;autorit\u00e9 du Christ \u00e0 ses ap\u00f4tres, et d&rsquo;eux \u00e0 leurs successeurs. Cela garantit la continuit\u00e9 doctrinale et l&rsquo;unit\u00e9 de l&rsquo;\u00c9glise.<\/p>\n\n\n\n<h2 class=\"wp-block-heading\"><strong>Les Premiers Papes : Pasteurs en Temps de Pers\u00e9cution<\/strong><\/h2>\n\n\n\n<p>Les premiers papes ont affront\u00e9 de grands d\u00e9fis. Dans un monde hostile, \u00eatre chr\u00e9tien signifiait vivre dans un danger constant. Cependant, leur courage et leur fid\u00e9lit\u00e9 ont assur\u00e9 la diffusion de l&rsquo;\u00c9vangile.<\/p>\n\n\n\n<h3 class=\"wp-block-heading\"><strong>Saint Lin (67-76 ap. J.-C.)<\/strong><\/h3>\n\n\n\n<p>Lin, originaire de Toscane, fut le successeur imm\u00e9diat de Pierre. Son gouvernement marqua le d\u00e9but de la structure hi\u00e9rarchique de l&rsquo;\u00c9glise. On lui attribue la r\u00e8gle selon laquelle les femmes devaient se couvrir la t\u00eate lors des c\u00e9l\u00e9brations liturgiques, une pratique mentionn\u00e9e par Saint Paul dans 1 Corinthiens 11,5-6.<\/p>\n\n\n\n<h3 class=\"wp-block-heading\"><strong>Saint Anaclet (Cl\u00e9tus) (76-88 ap. J.-C.)<\/strong><\/h3>\n\n\n\n<p>D&rsquo;origine grecque, il consolida l&rsquo;organisation de l&rsquo;\u00c9glise \u00e0 Rome et \u00e9tablit des normes pour l&rsquo;ordination des pr\u00eatres et des \u00e9v\u00eaques. Il subit \u00e9galement la pers\u00e9cution et mourut en martyr.<\/p>\n\n\n\n<h3 class=\"wp-block-heading\"><strong>Saint Cl\u00e9ment Ier (88-97 ap. J.-C.)<\/strong><\/h3>\n\n\n\n<p>L&rsquo;un des premiers \u00e9crivains chr\u00e9tiens, sa <strong>Lettre aux Corinthiens<\/strong> est un t\u00e9moignage pr\u00e9coce de la primaut\u00e9 du Pape. Dans celle-ci, Cl\u00e9ment intervient dans un conflit au sein de l&rsquo;\u00c9glise de Corinthe, affirmant l&rsquo;autorit\u00e9 de Rome sur les autres communaut\u00e9s chr\u00e9tiennes. Selon la tradition, il fut martyris\u00e9 en \u00e9tant jet\u00e9 \u00e0 la mer avec une ancre attach\u00e9e autour du cou.<\/p>\n\n\n\n<h3 class=\"wp-block-heading\"><strong>Saint \u00c9variste (97-105 ap. J.-C.)<\/strong><\/h3>\n\n\n\n<p>Sous son pontificat, l&rsquo;\u00c9glise continua de cro\u00eetre et la structure des communaut\u00e9s chr\u00e9tiennes \u00e0 Rome se renfor\u00e7a.<\/p>\n\n\n\n<h3 class=\"wp-block-heading\"><strong>Saint Alexandre Ier (105-115 ap. J.-C.)<\/strong><\/h3>\n\n\n\n<p>On dit qu&rsquo;il introduisit l&rsquo;utilisation de l&rsquo;eau b\u00e9nite dans les foyers chr\u00e9tiens et renfor\u00e7a la liturgie eucharistique.<\/p>\n\n\n\n<h2 class=\"wp-block-heading\"><strong>L&rsquo;Importance de la Papaut\u00e9 dans l&rsquo;\u00c9glise Catholique<\/strong><\/h2>\n\n\n\n<p>La papaut\u00e9 n&rsquo;est pas simplement une institution humaine, mais un don divin pour l&rsquo;\u00c9glise. \u00c0 travers les si\u00e8cles, le Pape a \u00e9t\u00e9 le garant de l&rsquo;unit\u00e9, le gardien de la foi et le pasteur supr\u00eame du peuple de Dieu.<\/p>\n\n\n\n<p>De Pierre au Pape Fran\u00e7ois, chaque pontife a fait face \u00e0 des d\u00e9fis uniques. Ils ont travers\u00e9 pers\u00e9cutions, schismes, guerres et crises internes, mais la promesse du Christ demeure : <strong>\u00ab\u00a0Les portes de l&rsquo;enfer ne pr\u00e9vaudront pas contre elle\u00a0\u00bb<\/strong> (Mt 16,18).<\/p>\n\n\n\n<h3 class=\"wp-block-heading\"><strong>Une \u00c9glise B\u00e2tie sur le Roc<\/strong><\/h3>\n\n\n\n<p>Le t\u00e9moignage de Saint Pierre et des premiers papes nous rappelle que l&rsquo;\u00c9glise n&rsquo;est pas simplement une organisation humaine, mais une r\u00e9alit\u00e9 spirituelle guid\u00e9e par l&rsquo;Esprit Saint. Son histoire nous inspire \u00e0 rester fermes dans la foi, m\u00eame en p\u00e9riode de difficult\u00e9.<\/p>\n\n\n\n<p>Aujourd&rsquo;hui plus que jamais, nous devons nous rappeler nos racines, affermir notre foi en Christ et faire confiance \u00e0 l&rsquo;\u00c9glise qu&rsquo;il a fond\u00e9e. En regardant la vie de Pierre, nous voyons que Dieu ne choisit pas les parfaits, mais perfectionne ceux qu&rsquo;il choisit.<\/p>\n\n\n\n<p>Que l&rsquo;exemple de Saint Pierre et des premiers papes nous encourage \u00e0 vivre notre foi avec courage, fid\u00e9lit\u00e9 et amour pour l&rsquo;\u00c9glise du Christ.<\/p>\n\n\n\n<h3 class=\"wp-block-heading\"><strong>Conclusion : Notre R\u00e9ponse Personnelle<\/strong><\/h3>\n\n\n\n<p>Chaque chr\u00e9tien, \u00e0 l&rsquo;image de Pierre, est appel\u00e9 \u00e0 suivre le Christ avec un c\u0153ur ouvert et dispos\u00e9. Sa vie nous interpelle et nous invite \u00e0 nous poser ces questions :<\/p>\n\n\n\n<ul class=\"wp-block-list\">\n<li><strong>Est-ce que je construis ma foi sur le roc solide du Christ ?<\/strong><\/li>\n\n\n\n<li><strong>Suis-je fid\u00e8le \u00e0 l&rsquo;\u00c9glise qu&rsquo;il a fond\u00e9e ?<\/strong><\/li>\n\n\n\n<li><strong>Comment puis-je \u00eatre un t\u00e9moin courageux de l&rsquo;\u00c9vangile dans mon entourage ?<\/strong><\/li>\n<\/ul>\n\n\n\n<p>Que Saint Pierre et les premiers papes interc\u00e8dent pour nous afin que nous restions fermes dans la foi et que nous vivions comme de v\u00e9ritables disciples du Christ.<\/p>\n","protected":false},"excerpt":{"rendered":"<p>Depuis ses d\u00e9buts, l&rsquo;\u00c9glise catholique est comme une maison b\u00e2tie sur un roc solide, r\u00e9sistant aux temp\u00eates, aux pers\u00e9cutions et aux d\u00e9fis \u00e0 travers les si\u00e8cles. Ce roc, comme l&rsquo;a affirm\u00e9 J\u00e9sus dans l&rsquo;\u00c9vangile selon Matthieu (16,18), est Saint Pierre : \u00ab\u00a0Tu es Pierre, et sur cette pierre je b\u00e2tirai mon \u00c9glise, et les portes &hellip;<\/p>\n","protected":false},"author":3,"featured_media":2209,"comment_status":"open","ping_status":"open","sticky":false,"template":"","format":"standard","meta":{"_seopress_robots_primary_cat":"","_seopress_titles_title":"","_seopress_titles_desc":"","_seopress_robots_index":"","footnotes":""},"categories":[48,38],"tags":[550,549],"class_list":["post-2208","post","type-post","status-publish","format-standard","has-post-thumbnail","","category-histoire-de-leglise","category-histoire-et-tradition","tag-premiers-papes","tag-saint-pierre"],"_links":{"self":[{"href":"https:\/\/catholicus.eu\/fr\/wp-json\/wp\/v2\/posts\/2208","targetHints":{"allow":["GET"]}}],"collection":[{"href":"https:\/\/catholicus.eu\/fr\/wp-json\/wp\/v2\/posts"}],"about":[{"href":"https:\/\/catholicus.eu\/fr\/wp-json\/wp\/v2\/types\/post"}],"author":[{"embeddable":true,"href":"https:\/\/catholicus.eu\/fr\/wp-json\/wp\/v2\/users\/3"}],"replies":[{"embeddable":true,"href":"https:\/\/catholicus.eu\/fr\/wp-json\/wp\/v2\/comments?post=2208"}],"version-history":[{"count":1,"href":"https:\/\/catholicus.eu\/fr\/wp-json\/wp\/v2\/posts\/2208\/revisions"}],"predecessor-version":[{"id":2210,"href":"https:\/\/catholicus.eu\/fr\/wp-json\/wp\/v2\/posts\/2208\/revisions\/2210"}],"wp:featuredmedia":[{"embeddable":true,"href":"https:\/\/catholicus.eu\/fr\/wp-json\/wp\/v2\/media\/2209"}],"wp:attachment":[{"href":"https:\/\/catholicus.eu\/fr\/wp-json\/wp\/v2\/media?parent=2208"}],"wp:term":[{"taxonomy":"category","embeddable":true,"href":"https:\/\/catholicus.eu\/fr\/wp-json\/wp\/v2\/categories?post=2208"},{"taxonomy":"post_tag","embeddable":true,"href":"https:\/\/catholicus.eu\/fr\/wp-json\/wp\/v2\/tags?post=2208"}],"curies":[{"name":"wp","href":"https:\/\/api.w.org\/{rel}","templated":true}]}}