{"id":2175,"date":"2025-02-06T00:02:04","date_gmt":"2025-02-05T23:02:04","guid":{"rendered":"https:\/\/catholicus.eu\/fr\/?p=2175"},"modified":"2025-02-06T00:02:04","modified_gmt":"2025-02-05T23:02:04","slug":"annibale-bugnini-larchitecte-de-la-reforme-liturgique-et-son-ombre-sur-leglise-catholique","status":"publish","type":"post","link":"https:\/\/catholicus.eu\/fr\/annibale-bugnini-larchitecte-de-la-reforme-liturgique-et-son-ombre-sur-leglise-catholique\/","title":{"rendered":"Annibale Bugnini : L&rsquo;Architecte de la R\u00e9forme Liturgique et Son Ombre sur l&rsquo;\u00c9glise Catholique"},"content":{"rendered":"\n<p>L\u2019histoire de l\u2019\u00c9glise est marqu\u00e9e par des saints, des martyrs, des th\u00e9ologiens et des r\u00e9formateurs qui ont laiss\u00e9 une empreinte ind\u00e9l\u00e9bile sur la foi catholique. Mais il y a aussi eu des figures controvers\u00e9es dont l\u2019influence a suscit\u00e9 d\u2019intenses d\u00e9bats et des cons\u00e9quences durables. L\u2019une d\u2019elles est <strong>Annibale Bugnini (1912-1982)<\/strong>, un personnage central dans la r\u00e9forme liturgique du XXe si\u00e8cle et, pour beaucoup, l\u2019homme derri\u00e8re la transformation radicale de la messe catholique apr\u00e8s le Concile Vatican II.<\/p>\n\n\n\n<p>Dans cet article, nous explorerons la vie de Bugnini, son r\u00f4le dans la r\u00e9forme liturgique, les accusations concernant son appartenance pr\u00e9sum\u00e9e \u00e0 la franc-ma\u00e7onnerie et l\u2019empreinte profonde qu\u2019il a laiss\u00e9e sur l\u2019\u00c9glise\u2014souvent, pour le pire.<\/p>\n\n\n\n<hr class=\"wp-block-separator has-alpha-channel-opacity\"\/>\n\n\n\n<h2 class=\"wp-block-heading\"><strong>Qui \u00e9tait Annibale Bugnini ?<\/strong><\/h2>\n\n\n\n<p>Annibale Bugnini est n\u00e9 \u00e0 Civitella del Lago, en Italie, en 1912, et a \u00e9t\u00e9 ordonn\u00e9 pr\u00eatre en 1936. Sa carri\u00e8re eccl\u00e9siastique l\u2019a rapidement conduit \u00e0 s\u2019impliquer dans les questions liturgiques, un domaine qui allait devenir sa sp\u00e9cialit\u00e9.<\/p>\n\n\n\n<p>En 1948, le pape Pie XII l\u2019a nomm\u00e9 secr\u00e9taire de la Commission pour la r\u00e9forme liturgique, un organisme qui a travaill\u00e9 sur quelques modifications mineures de la liturgie avant le Concile Vatican II. Cependant, c\u2019est dans les ann\u00e9es 1960 qu\u2019il acquiert une v\u00e9ritable importance, lorsqu\u2019il est nomm\u00e9 <strong>Secr\u00e9taire du Consilium<\/strong>, le comit\u00e9 charg\u00e9 de mettre en \u0153uvre la Constitution <em>Sacrosanctum Concilium<\/em> sur la liturgie apr\u00e8s Vatican II.<\/p>\n\n\n\n<p>Bugnini a jou\u00e9 un r\u00f4le d\u00e9cisif dans la cr\u00e9ation du <strong>Novus Ordo Missae<\/strong>, la messe promulgu\u00e9e par le pape Paul VI en 1969, qui a remplac\u00e9 le Missel traditionnel de Saint Pie V (la Messe Tridentine).<\/p>\n\n\n\n<hr class=\"wp-block-separator has-alpha-channel-opacity\"\/>\n\n\n\n<h2 class=\"wp-block-heading\"><strong>La Destruction de la Liturgie Catholique : La R\u00e9forme de Bugnini<\/strong><\/h2>\n\n\n\n<p>Pour comprendre l\u2019impact de Bugnini, il est essentiel de comparer la <strong>Messe Traditionnelle<\/strong> avec la <strong>Nouvelle Messe (Novus Ordo)<\/strong>.<\/p>\n\n\n\n<p>La Messe Tridentine, utilis\u00e9e pendant plus de 400 ans, avait une structure profond\u00e9ment th\u00e9ocentrique, o\u00f9 chaque geste, chaque pri\u00e8re et chaque \u00e9l\u00e9ment \u00e9taient con\u00e7us pour mettre en valeur le <strong>sacrifice du Christ sur le Calvaire<\/strong>. Son langage \u00e9tait le latin\u2014unificateur et sacr\u00e9\u2014et son orientation <em>ad orientem<\/em> (tourn\u00e9 vers l\u2019autel) refl\u00e9tait la centralit\u00e9 de Dieu.<\/p>\n\n\n\n<p>La r\u00e9forme men\u00e9e par Bugnini a introduit des changements radicaux :<\/p>\n\n\n\n<ul class=\"wp-block-list\">\n<li><strong>Une grande partie du langage sacrificiel<\/strong> de la messe a \u00e9t\u00e9 supprim\u00e9e.<\/li>\n\n\n\n<li><strong>Le latin a \u00e9t\u00e9 pratiquement \u00e9limin\u00e9<\/strong>, au profit des langues vernaculaires.<\/li>\n\n\n\n<li><strong>L\u2019orientation <em>ad orientem<\/em> a \u00e9t\u00e9 remplac\u00e9e par une messe \u00ab face au peuple \u00bb<\/strong>, mettant davantage l\u2019accent sur la communaut\u00e9 plut\u00f4t que sur le sacrifice.<\/li>\n\n\n\n<li><strong>De nouvelles pri\u00e8res eucharistiques ont \u00e9t\u00e9 introduites<\/strong>, et les r\u00e9f\u00e9rences explicites au p\u00e9ch\u00e9 et \u00e0 la n\u00e9cessit\u00e9 de l\u2019expiation ont \u00e9t\u00e9 r\u00e9duites.<\/li>\n\n\n\n<li><strong>Une plus grande flexibilit\u00e9 et cr\u00e9ativit\u00e9<\/strong> ont \u00e9t\u00e9 permises dans la c\u00e9l\u00e9bration, ce qui a souvent conduit \u00e0 des abus.<\/li>\n<\/ul>\n\n\n\n<p>Cela a conduit \u00e0 ce que le cardinal Ratzinger (futur Beno\u00eet XVI) a d\u00e9crit comme un <strong>\u00ab\u00a0appauvrissement dramatique\u00a0\u00bb<\/strong> de la liturgie, o\u00f9 le sens du myst\u00e8re et de l\u2019adoration a \u00e9t\u00e9 remplac\u00e9 par une c\u00e9l\u00e9bration plus anthropocentrique.<\/p>\n\n\n\n<p>Il n\u2019est pas surprenant que Bugnini lui-m\u00eame ait un jour d\u00e9clar\u00e9 :<\/p>\n\n\n\n<p><em>\u00ab\u00a0Nous devons enlever de nos pri\u00e8res tout ce qui pourrait \u00eatre une pierre d\u2019achoppement pour nos fr\u00e8res s\u00e9par\u00e9s, c\u2019est-\u00e0-dire pour les protestants.\u00a0\u00bb<\/em><\/p>\n\n\n\n<p>Cette d\u00e9claration confirme ce que de nombreux th\u00e9ologiens ont soulign\u00e9 : la nouvelle messe a \u00e9t\u00e9 en partie con\u00e7ue pour \u00eatre acceptable aux protestants, diluant le caract\u00e8re sacrificiel du rite catholique.<\/p>\n\n\n\n<hr class=\"wp-block-separator has-alpha-channel-opacity\"\/>\n\n\n\n<h2 class=\"wp-block-heading\"><strong>Bugnini \u00e9tait-il franc-ma\u00e7on ? Les Preuves et le Scandale<\/strong><\/h2>\n\n\n\n<p>L\u2019un des aspects les plus controvers\u00e9s entourant Annibale Bugnini est son appartenance pr\u00e9sum\u00e9e \u00e0 la <strong>franc-ma\u00e7onnerie<\/strong>, un sujet qui suscite encore aujourd\u2019hui des d\u00e9bats et qui a de graves implications th\u00e9ologiques.<\/p>\n\n\n\n<p>En 1975, Bugnini a \u00e9t\u00e9 <strong>brutalement d\u00e9mis<\/strong> de ses fonctions et envoy\u00e9 comme nonce apostolique en Iran, une d\u00e9cision qui a surpris beaucoup de monde. Cependant, selon diverses sources, sa chute \u00e9tait li\u00e9e \u00e0 la r\u00e9v\u00e9lation de <strong>documents secrets<\/strong> l\u2019impliquant dans des activit\u00e9s ma\u00e7onniques.<\/p>\n\n\n\n<p>Le journaliste catholique <strong>Michael Davies<\/strong>, ainsi que d\u2019autres chercheurs, affirment que le pape Paul VI a re\u00e7u un dossier contenant des preuves que Bugnini \u00e9tait <strong>membre de la loge ma\u00e7onnique \u00ab\u00a0Alta Vendita\u00a0\u00bb<\/strong>, une organisation anticatholique infiltr\u00e9e dans l\u2019\u00c9glise dans le but de miner sa doctrine de l\u2019int\u00e9rieur.<\/p>\n\n\n\n<p>On dit que le dossier contenait des documents sign\u00e9s par Bugnini avec son identification ma\u00e7onnique pr\u00e9sum\u00e9e <strong>\u00ab\u00a0Buan 1365\u00a0\u00bb<\/strong>. Cette information a \u00e9t\u00e9 pr\u00e9sent\u00e9e au pape par le cardinal Dino Staffa, ce qui a conduit \u00e0 la destitution imm\u00e9diate de Bugnini.<\/p>\n\n\n\n<p>Bien que le Saint-Si\u00e8ge n\u2019ait jamais officiellement confirm\u00e9 ni d\u00e9menti cette accusation, le renvoi soudain de Bugnini et son exil en Iran sugg\u00e8rent que <strong>quelque chose de grave s\u2019est produit au Vatican<\/strong>.<\/p>\n\n\n\n<hr class=\"wp-block-separator has-alpha-channel-opacity\"\/>\n\n\n\n<h2 class=\"wp-block-heading\"><strong>Bugnini a-t-il influenc\u00e9 la nomination des \u00e9v\u00eaques ?<\/strong><\/h2>\n\n\n\n<p>La r\u00e9forme liturgique de Bugnini n\u2019a pas seulement transform\u00e9 la messe, mais <strong>elle a aussi influenc\u00e9 le profil des \u00e9v\u00eaques et des pr\u00eatres form\u00e9s \u00e0 cette \u00e9poque<\/strong>.<\/p>\n\n\n\n<p>\u00c0 mesure que la nouvelle liturgie \u00e9tait mise en place, <strong>des \u00e9v\u00eaques favorables \u00e0 la r\u00e9forme ont \u00e9t\u00e9 promus<\/strong>, tandis que ceux qui \u00e9taient plus traditionnels ont \u00e9t\u00e9 marginalis\u00e9s. Cela a eu des cons\u00e9quences sur la formation dans les s\u00e9minaires et sur la transmission de la foi aux g\u00e9n\u00e9rations suivantes.<\/p>\n\n\n\n<p>De nombreux \u00e9v\u00eaques nomm\u00e9s dans les ann\u00e9es 1970 et 1980, sous l\u2019influence de cette nouvelle tendance, ont adopt\u00e9 une posture plus progressiste sur d\u2019autres questions doctrinales, contribuant \u00e0 la crise d\u2019identit\u00e9 de l\u2019\u00c9glise.<\/p>\n\n\n\n<p>Le pape Beno\u00eet XVI, conscient de ce probl\u00e8me, a cherch\u00e9 \u00e0 restaurer la liturgie traditionnelle avec son <strong>Motu Proprio <em>Summorum Pontificum<\/em> (2007)<\/strong>, permettant l\u2019usage libre du Missel de 1962. Cependant, la r\u00e9sistance de certains secteurs progressistes montre \u00e0 quel point l\u2019influence de Bugnini a profond\u00e9ment marqu\u00e9 l\u2019\u00c9glise.<\/p>\n\n\n\n<hr class=\"wp-block-separator has-alpha-channel-opacity\"\/>\n\n\n\n<h2 class=\"wp-block-heading\"><strong>Conclusion : Un H\u00e9ritage Controvers\u00e9<\/strong><\/h2>\n\n\n\n<p>Annibale Bugnini a \u00e9t\u00e9, sans aucun doute, l\u2019une des figures les plus influentes et controvers\u00e9es de l\u2019histoire de l\u2019\u00c9glise du XXe si\u00e8cle. Pour certains, il fut un r\u00e9formateur n\u00e9cessaire. Pour d\u2019autres, il fut le principal responsable d\u2019un <strong>s\u00e9isme liturgique<\/strong> dont les cons\u00e9quences se font encore sentir aujourd\u2019hui.<\/p>\n\n\n\n<p>Son r\u00f4le dans la cr\u00e9ation du <em>Novus Ordo<\/em> et les accusations de franc-ma\u00e7onnerie en font un personnage qui ne peut \u00eatre ignor\u00e9. Son h\u00e9ritage continue de diviser les catholiques : tandis que certains c\u00e9l\u00e8brent ses r\u00e9formes, d\u2019autres voient en lui l\u2019homme qui <strong>a d\u00e9truit la liturgie traditionnelle<\/strong>.<\/p>\n\n\n\n<p>Aujourd\u2019hui plus que jamais, les fid\u00e8les ont la responsabilit\u00e9 de conna\u00eetre l\u2019histoire, de red\u00e9couvrir la beaut\u00e9 de la liturgie traditionnelle et de prier pour la restauration de la messe qui a nourri les saints pendant des si\u00e8cles.<\/p>\n\n\n\n<hr class=\"wp-block-separator has-alpha-channel-opacity\"\/>\n\n\n\n<h2 class=\"wp-block-heading\"><strong>Et vous, qu\u2019en pensez-vous ?<\/strong><\/h2>\n\n\n\n<p>Pensez-vous que la r\u00e9forme liturgique de Bugnini a \u00e9t\u00e9 b\u00e9n\u00e9fique ou n\u00e9faste pour l\u2019\u00c9glise ? Est-il temps d\u2019un retour d\u00e9finitif \u00e0 la Tradition ? Partagez votre avis et continuons d\u2019explorer ce sujet crucial pour notre foi !<\/p>\n","protected":false},"excerpt":{"rendered":"<p>L\u2019histoire de l\u2019\u00c9glise est marqu\u00e9e par des saints, des martyrs, des th\u00e9ologiens et des r\u00e9formateurs qui ont laiss\u00e9 une empreinte ind\u00e9l\u00e9bile sur la foi catholique. Mais il y a aussi eu des figures controvers\u00e9es dont l\u2019influence a suscit\u00e9 d\u2019intenses d\u00e9bats et des cons\u00e9quences durables. L\u2019une d\u2019elles est Annibale Bugnini (1912-1982), un personnage central dans la &hellip;<\/p>\n","protected":false},"author":3,"featured_media":2176,"comment_status":"open","ping_status":"open","sticky":false,"template":"","format":"standard","meta":{"_seopress_robots_primary_cat":"","_seopress_titles_title":"","_seopress_titles_desc":"","_seopress_robots_index":"","footnotes":""},"categories":[48,38],"tags":[537],"class_list":["post-2175","post","type-post","status-publish","format-standard","has-post-thumbnail","","category-histoire-de-leglise","category-histoire-et-tradition","tag-annibale-bugnini"],"_links":{"self":[{"href":"https:\/\/catholicus.eu\/fr\/wp-json\/wp\/v2\/posts\/2175","targetHints":{"allow":["GET"]}}],"collection":[{"href":"https:\/\/catholicus.eu\/fr\/wp-json\/wp\/v2\/posts"}],"about":[{"href":"https:\/\/catholicus.eu\/fr\/wp-json\/wp\/v2\/types\/post"}],"author":[{"embeddable":true,"href":"https:\/\/catholicus.eu\/fr\/wp-json\/wp\/v2\/users\/3"}],"replies":[{"embeddable":true,"href":"https:\/\/catholicus.eu\/fr\/wp-json\/wp\/v2\/comments?post=2175"}],"version-history":[{"count":1,"href":"https:\/\/catholicus.eu\/fr\/wp-json\/wp\/v2\/posts\/2175\/revisions"}],"predecessor-version":[{"id":2177,"href":"https:\/\/catholicus.eu\/fr\/wp-json\/wp\/v2\/posts\/2175\/revisions\/2177"}],"wp:featuredmedia":[{"embeddable":true,"href":"https:\/\/catholicus.eu\/fr\/wp-json\/wp\/v2\/media\/2176"}],"wp:attachment":[{"href":"https:\/\/catholicus.eu\/fr\/wp-json\/wp\/v2\/media?parent=2175"}],"wp:term":[{"taxonomy":"category","embeddable":true,"href":"https:\/\/catholicus.eu\/fr\/wp-json\/wp\/v2\/categories?post=2175"},{"taxonomy":"post_tag","embeddable":true,"href":"https:\/\/catholicus.eu\/fr\/wp-json\/wp\/v2\/tags?post=2175"}],"curies":[{"name":"wp","href":"https:\/\/api.w.org\/{rel}","templated":true}]}}