{"id":2151,"date":"2025-02-05T10:32:26","date_gmt":"2025-02-05T09:32:26","guid":{"rendered":"https:\/\/catholicus.eu\/fr\/?p=2151"},"modified":"2025-02-05T10:32:26","modified_gmt":"2025-02-05T09:32:26","slug":"nul-nest-prophete-en-son-pays-le-prix-de-la-verite-et-de-la-fidelite-a-dieu","status":"publish","type":"post","link":"https:\/\/catholicus.eu\/fr\/nul-nest-prophete-en-son-pays-le-prix-de-la-verite-et-de-la-fidelite-a-dieu\/","title":{"rendered":"\u00ab\u00a0Nul n&rsquo;est proph\u00e8te en son pays\u00a0\u00bb : Le prix de la v\u00e9rit\u00e9 et de la fid\u00e9lit\u00e9 \u00e0 Dieu"},"content":{"rendered":"\n<p>L&rsquo;expression <strong>\u00ab\u00a0Nul n&rsquo;est proph\u00e8te en son pays\u00a0\u00bb<\/strong> est l&rsquo;une des plus c\u00e9l\u00e8bres des Saintes \u00c9critures, et pourtant, elle reste profond\u00e9ment actuelle. J\u00e9sus Lui-m\u00eame a prononc\u00e9 ces paroles lorsqu\u2019Il est retourn\u00e9 \u00e0 Nazareth, son village natal, et a \u00e9t\u00e9 rejet\u00e9 par ceux qui l&rsquo;avaient connu depuis son enfance :<\/p>\n\n\n\n<blockquote class=\"wp-block-quote is-layout-flow wp-block-quote-is-layout-flow\">\n<p><strong>\u00ab\u00a0En v\u00e9rit\u00e9, je vous le dis, aucun proph\u00e8te n\u2019est bien accueilli dans sa patrie\u00a0\u00bb<\/strong> (Luc 4,24).<\/p>\n<\/blockquote>\n\n\n\n<p>Mais pourquoi cela arrive-t-il ? Pourquoi ceux qui sont les plus proches d\u2019un messager de Dieu sont-ils souvent les premiers \u00e0 le rejeter ? Comment cette r\u00e9alit\u00e9 s\u2019applique-t-elle \u00e0 notre vie quotidienne ?<\/p>\n\n\n\n<p>Cet article vise \u00e0 r\u00e9pondre \u00e0 ces questions d\u2019un point de vue th\u00e9ologique et spirituel, nous aidant \u00e0 comprendre le sens profond de ces paroles et leur impact sur notre relation avec Dieu et avec les autres.<\/p>\n\n\n\n<h2 class=\"wp-block-heading\"><strong>Le rejet des proph\u00e8tes : une constante dans l\u2019histoire du salut<\/strong><\/h2>\n\n\n\n<p>Depuis l\u2019Ancien Testament, les proph\u00e8tes envoy\u00e9s par Dieu ont \u00e9t\u00e9 pers\u00e9cut\u00e9s, rejet\u00e9s et, dans de nombreux cas, tu\u00e9s. Leur mission \u00e9tait claire : <strong>parler au nom de Dieu, d\u00e9noncer le p\u00e9ch\u00e9 et appeler \u00e0 la conversion<\/strong>. Cependant, au lieu de les \u00e9couter, leurs contemporains pr\u00e9f\u00e9raient les ignorer ou les \u00e9liminer.<\/p>\n\n\n\n<p>J\u00e9r\u00e9mie, par exemple, a souffert de l&rsquo;incompr\u00e9hension de son propre peuple lorsqu&rsquo;il a annonc\u00e9 la destruction imminente de J\u00e9rusalem \u00e0 cause de son infid\u00e9lit\u00e9 \u00e0 Dieu :<\/p>\n\n\n\n<blockquote class=\"wp-block-quote is-layout-flow wp-block-quote-is-layout-flow\">\n<p><strong>\u00ab\u00a0J\u2019\u00e9tais comme un agneau docile qu\u2019on m\u00e8ne \u00e0 l\u2019abattoir, et je ne savais pas qu\u2019ils tramaient des complots contre moi\u00a0\u00bb<\/strong> (J\u00e9r\u00e9mie 11,19).<\/p>\n<\/blockquote>\n\n\n\n<p>Isa\u00efe a \u00e9galement connu le m\u00e9pris de son peuple et a pr\u00e9dit que le Messie Lui-m\u00eame serait rejet\u00e9 :<\/p>\n\n\n\n<blockquote class=\"wp-block-quote is-layout-flow wp-block-quote-is-layout-flow\">\n<p><strong>\u00ab\u00a0M\u00e9pris\u00e9 et abandonn\u00e9 des hommes, homme de douleur, familier de la souffrance\u00a0\u00bb<\/strong> (Isa\u00efe 53,3).<\/p>\n<\/blockquote>\n\n\n\n<p>Ce sch\u00e9ma se r\u00e9p\u00e8te avec le Christ, qui, malgr\u00e9 ses enseignements remplis de sagesse et les miracles qui confirmaient son identit\u00e9 divine, a \u00e9t\u00e9 m\u00e9pris\u00e9 par les siens.<\/p>\n\n\n\n<h2 class=\"wp-block-heading\"><strong>J\u00e9sus \u00e0 Nazareth : le scandale du familier<\/strong><\/h2>\n\n\n\n<p>L&rsquo;\u00c9vangile de Luc raconte comment J\u00e9sus, de retour dans son village, pr\u00eacha dans la synagogue et surprit tout le monde par son enseignement. Mais au lieu de l\u2019accueillir avec foi, ses propres voisins furent remplis d\u2019incr\u00e9dulit\u00e9 :<\/p>\n\n\n\n<blockquote class=\"wp-block-quote is-layout-flow wp-block-quote-is-layout-flow\">\n<p><strong>\u00ab\u00a0N\u2019est-ce pas l\u00e0 le fils de Joseph ?\u00a0\u00bb<\/strong> (Luc 4,22).<\/p>\n<\/blockquote>\n\n\n\n<p>Nous voyons ici le probl\u00e8me fondamental : <strong>la familiarit\u00e9 peut obscurcir la foi<\/strong>. Les habitants de Nazareth croyaient conna\u00eetre J\u00e9sus, mais seulement dans sa dimension humaine. Ils ne pouvaient pas accepter que celui qui avait grandi parmi eux \u00e9tait le Messie promis. Leur orgueil et leurs pr\u00e9jug\u00e9s les ont aveugl\u00e9s \u00e0 la v\u00e9rit\u00e9.<\/p>\n\n\n\n<h2 class=\"wp-block-heading\"><strong>Le prix de la fid\u00e9lit\u00e9 : nous aussi, nous serons rejet\u00e9s<\/strong><\/h2>\n\n\n\n<p>J\u00e9sus avertit ses disciples que vivre dans la v\u00e9rit\u00e9 et proclamer l\u2019\u00c9vangile entra\u00eenera in\u00e9vitablement l\u2019opposition :<\/p>\n\n\n\n<blockquote class=\"wp-block-quote is-layout-flow wp-block-quote-is-layout-flow\">\n<p><strong>\u00ab\u00a0Si le monde vous hait, sachez qu\u2019il m\u2019a ha\u00ef avant vous\u00a0\u00bb<\/strong> (Jean 15,18).<\/p>\n<\/blockquote>\n\n\n\n<p>Cela reste vrai aujourd\u2019hui. Tr\u00e8s souvent, lorsque nous essayons de vivre notre foi avec coh\u00e9rence ou de partager le message chr\u00e9tien avec nos proches, nous faisons face \u00e0 l\u2019indiff\u00e9rence, \u00e0 la moquerie ou m\u00eame au rejet.<\/p>\n\n\n\n<ul class=\"wp-block-list\">\n<li>Combien de parents souffrent parce que leurs enfants ont abandonn\u00e9 la foi et refusent d\u2019\u00e9couter les conseils spirituels ?<\/li>\n\n\n\n<li>Combien de jeunes subissent l\u2019incompr\u00e9hension de leurs amis pour avoir choisi la chastet\u00e9 ou s\u2019\u00eatre \u00e9loign\u00e9s de milieux de p\u00e9ch\u00e9 ?<\/li>\n\n\n\n<li>Combien de pr\u00eatres et de cat\u00e9chistes voient leur enseignement ignor\u00e9 ou d\u00e9form\u00e9 dans un monde qui relativise la v\u00e9rit\u00e9 ?<\/li>\n<\/ul>\n\n\n\n<p>Le rejet est douloureux, mais il fait partie du chemin chr\u00e9tien. Saint Paul nous rappelle :<\/p>\n\n\n\n<blockquote class=\"wp-block-quote is-layout-flow wp-block-quote-is-layout-flow\">\n<p><strong>\u00ab\u00a0Tous ceux qui veulent vivre pieusement dans le Christ J\u00e9sus seront pers\u00e9cut\u00e9s\u00a0\u00bb<\/strong> (2 Timoth\u00e9e 3,12).<\/p>\n<\/blockquote>\n\n\n\n<h2 class=\"wp-block-heading\"><strong>Comment r\u00e9agir face au rejet ? L\u2019enseignement du Christ<\/strong><\/h2>\n\n\n\n<p>Face \u00e0 l\u2019opposition, nous pouvons tomber dans la frustration ou le d\u00e9couragement. Cependant, J\u00e9sus nous enseigne \u00e0 r\u00e9pondre de trois mani\u00e8res :<\/p>\n\n\n\n<h3 class=\"wp-block-heading\"><strong>1. Pers\u00e9v\u00e9rer dans la v\u00e9rit\u00e9<\/strong><\/h3>\n\n\n\n<p>Le rejet ne doit pas nous faire douter de notre mission. Le Christ n\u2019a pas cess\u00e9 de pr\u00eacher ni d\u2019accomplir la volont\u00e9 du P\u00e8re par crainte du rejet. Nous non plus, nous ne devons pas taire la v\u00e9rit\u00e9 par peur d\u2019\u00eatre mal per\u00e7us.<\/p>\n\n\n\n<h3 class=\"wp-block-heading\"><strong>2. R\u00e9pondre avec amour et humilit\u00e9<\/strong><\/h3>\n\n\n\n<p>Lorsque J\u00e9sus a \u00e9t\u00e9 rejet\u00e9 \u00e0 Nazareth, Il n\u2019a pas r\u00e9agi avec col\u00e8re ou violence. Il a simplement poursuivi sa mission ailleurs. Nous apprenons ainsi qu\u2019il ne s\u2019agit pas de nous imposer de force, mais de semer la graine de l\u2019\u00c9vangile avec patience et amour.<\/p>\n\n\n\n<h3 class=\"wp-block-heading\"><strong>3. Faire confiance \u00e0 Dieu, qui portera du fruit en son temps<\/strong><\/h3>\n\n\n\n<p>Parfois, nous ne verrons pas imm\u00e9diatement les fruits de notre t\u00e9moignage, mais cela ne signifie pas qu\u2019il est inutile. Dieu travaille dans les c\u0153urs de mani\u00e8re myst\u00e9rieuse, et ce qui semble un \u00e9chec aujourd\u2019hui peut conduire \u00e0 une grande conversion demain.<\/p>\n\n\n\n<h2 class=\"wp-block-heading\"><strong>Conclusion : Ne te d\u00e9courage pas, avance avec confiance<\/strong><\/h2>\n\n\n\n<p><em>\u00ab\u00a0Nul n\u2019est proph\u00e8te en son pays\u00a0\u00bb<\/em> reste une r\u00e9alit\u00e9 pour de nombreux chr\u00e9tiens qui cherchent \u00e0 vivre leur foi avec authenticit\u00e9. Mais le rejet n\u2019est pas un signe d\u2019\u00e9chec, c\u2019est plut\u00f4t un signe d\u2019identification avec le Christ.<\/p>\n\n\n\n<p>Si un jour tu te sens incompris pour avoir voulu vivre selon la volont\u00e9 de Dieu, souviens-toi de ces paroles de J\u00e9sus :<\/p>\n\n\n\n<blockquote class=\"wp-block-quote is-layout-flow wp-block-quote-is-layout-flow\">\n<p><strong>\u00ab\u00a0Heureux serez-vous lorsqu\u2019on vous insultera, qu\u2019on vous pers\u00e9cutera et qu\u2019on dira faussement contre vous toute sorte de mal \u00e0 cause de moi. R\u00e9jouissez-vous et soyez dans l\u2019all\u00e9gresse, car votre r\u00e9compense sera grande dans les cieux\u00a0\u00bb<\/strong> (Matthieu 5,11-12).<\/p>\n<\/blockquote>\n\n\n\n<p>N\u2019aie pas peur du rejet. Continue d\u2019\u00eatre une lumi\u00e8re dans l\u2019obscurit\u00e9. Dieu est fid\u00e8le et n\u2019abandonne jamais ceux qui lui restent fid\u00e8les. <strong>Fais-lui confiance et continue d\u2019avancer !<\/strong><\/p>\n","protected":false},"excerpt":{"rendered":"<p>L&rsquo;expression \u00ab\u00a0Nul n&rsquo;est proph\u00e8te en son pays\u00a0\u00bb est l&rsquo;une des plus c\u00e9l\u00e8bres des Saintes \u00c9critures, et pourtant, elle reste profond\u00e9ment actuelle. J\u00e9sus Lui-m\u00eame a prononc\u00e9 ces paroles lorsqu\u2019Il est retourn\u00e9 \u00e0 Nazareth, son village natal, et a \u00e9t\u00e9 rejet\u00e9 par ceux qui l&rsquo;avaient connu depuis son enfance : \u00ab\u00a0En v\u00e9rit\u00e9, je vous le dis, aucun &hellip;<\/p>\n","protected":false},"author":3,"featured_media":2152,"comment_status":"open","ping_status":"open","sticky":false,"template":"","format":"standard","meta":{"_seopress_robots_primary_cat":"","_seopress_titles_title":"","_seopress_titles_desc":"","_seopress_robots_index":"","footnotes":""},"categories":[37,45],"tags":[529],"class_list":["post-2151","post","type-post","status-publish","format-standard","has-post-thumbnail","","category-doctrine-et-foi","category-saintes-ecritures","tag-nul-nest-prophete-en-son-pays"],"_links":{"self":[{"href":"https:\/\/catholicus.eu\/fr\/wp-json\/wp\/v2\/posts\/2151","targetHints":{"allow":["GET"]}}],"collection":[{"href":"https:\/\/catholicus.eu\/fr\/wp-json\/wp\/v2\/posts"}],"about":[{"href":"https:\/\/catholicus.eu\/fr\/wp-json\/wp\/v2\/types\/post"}],"author":[{"embeddable":true,"href":"https:\/\/catholicus.eu\/fr\/wp-json\/wp\/v2\/users\/3"}],"replies":[{"embeddable":true,"href":"https:\/\/catholicus.eu\/fr\/wp-json\/wp\/v2\/comments?post=2151"}],"version-history":[{"count":1,"href":"https:\/\/catholicus.eu\/fr\/wp-json\/wp\/v2\/posts\/2151\/revisions"}],"predecessor-version":[{"id":2153,"href":"https:\/\/catholicus.eu\/fr\/wp-json\/wp\/v2\/posts\/2151\/revisions\/2153"}],"wp:featuredmedia":[{"embeddable":true,"href":"https:\/\/catholicus.eu\/fr\/wp-json\/wp\/v2\/media\/2152"}],"wp:attachment":[{"href":"https:\/\/catholicus.eu\/fr\/wp-json\/wp\/v2\/media?parent=2151"}],"wp:term":[{"taxonomy":"category","embeddable":true,"href":"https:\/\/catholicus.eu\/fr\/wp-json\/wp\/v2\/categories?post=2151"},{"taxonomy":"post_tag","embeddable":true,"href":"https:\/\/catholicus.eu\/fr\/wp-json\/wp\/v2\/tags?post=2151"}],"curies":[{"name":"wp","href":"https:\/\/api.w.org\/{rel}","templated":true}]}}