{"id":2079,"date":"2025-01-31T22:08:45","date_gmt":"2025-01-31T21:08:45","guid":{"rendered":"https:\/\/catholicus.eu\/fr\/?p=2079"},"modified":"2025-01-31T22:08:45","modified_gmt":"2025-01-31T21:08:45","slug":"saint-jean-bosco-le-saint-de-la-jeunesse-et-maitre-de-lamour-de-dieu","status":"publish","type":"post","link":"https:\/\/catholicus.eu\/fr\/saint-jean-bosco-le-saint-de-la-jeunesse-et-maitre-de-lamour-de-dieu\/","title":{"rendered":"Saint Jean Bosco : Le Saint de la Jeunesse et Ma\u00eetre de l&rsquo;Amour de Dieu"},"content":{"rendered":"\n<p>Lorsqu&rsquo;on parle de saints qui ont laiss\u00e9 une marque ind\u00e9l\u00e9bile dans l\u2019histoire de l\u2019\u00c9glise, le nom de <strong>Saint Jean Bosco<\/strong> brille d\u2019une lumi\u00e8re particuli\u00e8re. Il fut non seulement un pr\u00eatre exemplaire, mais aussi un v\u00e9ritable p\u00e8re spirituel pour des milliers de jeunes qui trouv\u00e8rent en lui un guide, un ma\u00eetre et un ami. Sa vie et ses enseignements restent aujourd\u2019hui une source in\u00e9puisable d\u2019inspiration, en particulier dans un monde qui a tant besoin d\u2019\u00e9ducateurs au grand c\u0153ur et d\u2019\u00e9vang\u00e9lisateurs passionn\u00e9s.<\/p>\n\n\n\n<h2 class=\"wp-block-heading\"><strong>Un Enfant Choisi par Dieu<\/strong><\/h2>\n\n\n\n<p>Jean Melchior Bosco Occhiena naquit le 16 ao\u00fbt 1815 dans une humble famille paysanne en Italie. Son enfance fut marqu\u00e9e par la pauvret\u00e9 et la souffrance, car il perdit son p\u00e8re \u00e0 l\u2019\u00e2ge de deux ans. Pourtant, Dieu avait un plan pour lui. D\u00e8s son plus jeune \u00e2ge, il ressentit l\u2019appel au sacerdoce et eut un r\u00eave proph\u00e9tique qui marqua sa mission : il vit un groupe de jeunes en train de se battre, et un myst\u00e9rieux personnage lui dit :<\/p>\n\n\n\n<p><em>\u00ab\u00a0Pas par les coups, mais par l\u2019amour et la douceur, tu les gagneras.\u00a0\u00bb<\/em><\/p>\n\n\n\n<p>Ce r\u00eave fut le d\u00e9but de sa vocation en tant qu\u2019<strong>\u00e9ducateur et \u00e9vang\u00e9lisateur de la jeunesse<\/strong>.<\/p>\n\n\n\n<h2 class=\"wp-block-heading\"><strong>Un Pr\u00eatre Passionn\u00e9 par les \u00c2mes<\/strong><\/h2>\n\n\n\n<p>Ordonn\u00e9 pr\u00eatre en 1841, Don Bosco fut confront\u00e9 \u00e0 une r\u00e9alit\u00e9 bouleversante : des milliers de jeunes vivaient dans la mis\u00e8re \u00e0 Turin, sans \u00e9ducation, sans famille et sans Dieu. Pouss\u00e9 par la charit\u00e9, il commen\u00e7a \u00e0 les rassembler dans ce qui deviendrait plus tard <strong>l\u2019Oratoire de Saint Fran\u00e7ois de Sales<\/strong>, o\u00f9 il leur enseignait le cat\u00e9chisme, leur offrait une formation professionnelle et, surtout, les aimait d\u2019un amour authentique et paternel.<\/p>\n\n\n\n<p>\u00c0 une \u00e9poque o\u00f9 l\u2019\u00e9ducation \u00e9tait rigide et punitive, Don Bosco r\u00e9volutionna le syst\u00e8me avec sa <strong>\u00ab\u00a0M\u00e9thode Pr\u00e9ventive\u00a0\u00bb<\/strong>, fond\u00e9e sur trois piliers :<\/p>\n\n\n\n<ol class=\"wp-block-list\">\n<li><strong>Raison<\/strong> \u2013 Enseigner avec clart\u00e9 et patience, en guidant par la logique et le bon conseil.<\/li>\n\n\n\n<li><strong>Religion<\/strong> \u2013 Pr\u00e9senter le Christ comme le centre de la vie et transmettre la foi avec joie.<\/li>\n\n\n\n<li><strong>Amour<\/strong> \u2013 Cr\u00e9er une atmosph\u00e8re familiale o\u00f9 les jeunes se sentent accueillis et valoris\u00e9s.<\/li>\n<\/ol>\n\n\n\n<p>Cette m\u00e9thode demeure <strong>d\u2019une grande actualit\u00e9 aujourd\u2019hui<\/strong>. Dans un monde o\u00f9 les jeunes sont confront\u00e9s \u00e0 des crises d\u2019identit\u00e9, \u00e0 la solitude et \u00e0 la perte des valeurs, l\u2019approche de Don Bosco continue d\u2019apporter des r\u00e9ponses.<\/p>\n\n\n\n<h2 class=\"wp-block-heading\"><strong>Un Saint qui a D\u00e9fi\u00e9 son Temps<\/strong><\/h2>\n\n\n\n<p>Saint Jean Bosco v\u00e9cut \u00e0 une \u00e9poque marqu\u00e9e par la R\u00e9volution industrielle et la d\u00e9christianisation de la soci\u00e9t\u00e9. Il dut faire face aux pers\u00e9cutions, aux critiques et aux difficult\u00e9s financi\u00e8res, mais il ne renon\u00e7a jamais. Il pla\u00e7ait sa confiance totale en la Divine Providence et en la Vierge Marie, qu\u2019il appelait <strong>\u00ab\u00a0Marie Auxiliatrice\u00a0\u00bb<\/strong>, sa grande protectrice.<\/p>\n\n\n\n<p>Gr\u00e2ce \u00e0 sa foi in\u00e9branlable, il fonda la <strong>Congr\u00e9gation sal\u00e9sienne<\/strong>, qui poursuit aujourd\u2019hui sa mission dans plus de 130 pays, formant des millions de jeunes dans des \u00e9coles, des universit\u00e9s et des centres de formation professionnelle.<\/p>\n\n\n\n<p>Sa vie est la preuve que lorsqu\u2019une \u00e2me est <strong>totalement abandonn\u00e9e \u00e0 Dieu<\/strong>, aucun obstacle ne peut freiner sa mission.<\/p>\n\n\n\n<h2 class=\"wp-block-heading\"><strong>L\u2019H\u00e9ritage de Saint Jean Bosco Aujourd\u2019hui<\/strong><\/h2>\n\n\n\n<p>Pourquoi Saint Jean Bosco est-il toujours aussi pertinent de nos jours ?<\/p>\n\n\n\n<ol class=\"wp-block-list\">\n<li><strong>Il est un mod\u00e8le pour les \u00e9ducateurs et les parents<\/strong> \u2013 Il a enseign\u00e9 que l\u2019\u00e9ducation est un acte d\u2019amour et non d\u2019imposition. Dans un monde o\u00f9 la crise familiale est profonde, son t\u00e9moignage est une lumi\u00e8re pour ceux qui accompagnent les enfants et les jeunes.<\/li>\n\n\n\n<li><strong>Il est un puissant intercesseur pour la jeunesse<\/strong> \u2013 Aujourd\u2019hui plus que jamais, les jeunes ont besoin de saints qui les inspirent \u00e0 vivre dans la joie et la saintet\u00e9, au sein d\u2019une culture qui les \u00e9loigne souvent de Dieu.<\/li>\n\n\n\n<li><strong>Il nous rappelle que la saintet\u00e9 est une aventure joyeuse<\/strong> \u2013 Pour Don Bosco, \u00eatre saint ne signifiait pas \u00eatre triste ou rigide, mais vivre avec enthousiasme, avec humour et avec un c\u0153ur rempli d\u2019amour pour Dieu.<\/li>\n<\/ol>\n\n\n\n<h2 class=\"wp-block-heading\"><strong>Un Chemin \u00e0 Suivre<\/strong><\/h2>\n\n\n\n<p>Saint Jean Bosco nous laisse un message clair : <strong>\u00ab\u00a0Dieu veut que nous soyons saints, et la saintet\u00e9 est possible pour tous.\u00a0\u00bb<\/strong> Peu importe nos conditions de vie, nos erreurs ou nos difficult\u00e9s. Si nous faisons confiance \u00e0 Dieu, si nous nous abandonnons \u00e0 Marie et si nous servons avec amour, nous pouvons transformer le monde comme il l\u2019a fait.<\/p>\n\n\n\n<p>Que son exemple nous inspire \u00e0 apporter l\u2019esp\u00e9rance \u00e0 ceux qui nous entourent, en particulier aux jeunes qui ont tant besoin de <strong>t\u00e9moins authentiques de l\u2019amour de Dieu<\/strong>.<\/p>\n\n\n\n<h3 class=\"wp-block-heading\"><strong>Pri\u00e8re \u00e0 Saint Jean Bosco<\/strong><\/h3>\n\n\n\n<p><em>\u00ab\u00a0Saint Jean Bosco, ami et p\u00e8re des jeunes,<br>apprends-nous \u00e0 vivre dans la joie,<br>\u00e0 toujours faire confiance \u00e0 Dieu,<br>et \u00e0 aimer de tout notre c\u0153ur.<br>Guide nos jeunes sur le chemin de la foi<br>et aide-nous \u00e0 \u00e9duquer avec amour et patience.<br>Par ton intercession,<br>que nous puissions devenir saints comme toi.<br>Amen.\u00a0\u00bb<\/em><\/p>\n\n\n\n<p>Que Saint Jean Bosco nous inspire \u00e0 \u00eatre <strong>des \u00e9ducateurs pleins de foi, des \u00e9vang\u00e9lisateurs emplis d\u2019amour et des chr\u00e9tiens remplis de joie.<\/strong><\/p>\n","protected":false},"excerpt":{"rendered":"<p>Lorsqu&rsquo;on parle de saints qui ont laiss\u00e9 une marque ind\u00e9l\u00e9bile dans l\u2019histoire de l\u2019\u00c9glise, le nom de Saint Jean Bosco brille d\u2019une lumi\u00e8re particuli\u00e8re. Il fut non seulement un pr\u00eatre exemplaire, mais aussi un v\u00e9ritable p\u00e8re spirituel pour des milliers de jeunes qui trouv\u00e8rent en lui un guide, un ma\u00eetre et un ami. Sa vie &hellip;<\/p>\n","protected":false},"author":3,"featured_media":2080,"comment_status":"open","ping_status":"open","sticky":false,"template":"","format":"standard","meta":{"_seopress_robots_primary_cat":"","_seopress_titles_title":"","_seopress_titles_desc":"","_seopress_robots_index":"","footnotes":""},"categories":[40,61],"tags":[502],"class_list":["post-2079","post","type-post","status-publish","format-standard","has-post-thumbnail","","category-priere-et-spiritualite","category-saints-et-calendrier-liturgique","tag-saint-jean-bosco"],"_links":{"self":[{"href":"https:\/\/catholicus.eu\/fr\/wp-json\/wp\/v2\/posts\/2079","targetHints":{"allow":["GET"]}}],"collection":[{"href":"https:\/\/catholicus.eu\/fr\/wp-json\/wp\/v2\/posts"}],"about":[{"href":"https:\/\/catholicus.eu\/fr\/wp-json\/wp\/v2\/types\/post"}],"author":[{"embeddable":true,"href":"https:\/\/catholicus.eu\/fr\/wp-json\/wp\/v2\/users\/3"}],"replies":[{"embeddable":true,"href":"https:\/\/catholicus.eu\/fr\/wp-json\/wp\/v2\/comments?post=2079"}],"version-history":[{"count":1,"href":"https:\/\/catholicus.eu\/fr\/wp-json\/wp\/v2\/posts\/2079\/revisions"}],"predecessor-version":[{"id":2081,"href":"https:\/\/catholicus.eu\/fr\/wp-json\/wp\/v2\/posts\/2079\/revisions\/2081"}],"wp:featuredmedia":[{"embeddable":true,"href":"https:\/\/catholicus.eu\/fr\/wp-json\/wp\/v2\/media\/2080"}],"wp:attachment":[{"href":"https:\/\/catholicus.eu\/fr\/wp-json\/wp\/v2\/media?parent=2079"}],"wp:term":[{"taxonomy":"category","embeddable":true,"href":"https:\/\/catholicus.eu\/fr\/wp-json\/wp\/v2\/categories?post=2079"},{"taxonomy":"post_tag","embeddable":true,"href":"https:\/\/catholicus.eu\/fr\/wp-json\/wp\/v2\/tags?post=2079"}],"curies":[{"name":"wp","href":"https:\/\/api.w.org\/{rel}","templated":true}]}}