{"id":2056,"date":"2025-01-29T17:27:37","date_gmt":"2025-01-29T16:27:37","guid":{"rendered":"https:\/\/catholicus.eu\/fr\/?p=2056"},"modified":"2025-01-29T17:27:37","modified_gmt":"2025-01-29T16:27:37","slug":"sursum-corda-elevons-notre-coeur-vers-dieu-en-temps-de-confusion","status":"publish","type":"post","link":"https:\/\/catholicus.eu\/fr\/sursum-corda-elevons-notre-coeur-vers-dieu-en-temps-de-confusion\/","title":{"rendered":"Sursum Corda ! \u00c9levons notre c\u0153ur vers Dieu en temps de confusion"},"content":{"rendered":"\n<p>\u00c0 chaque Sainte Messe, le pr\u00eatre prononce des paroles qui r\u00e9sonnent dans le c\u0153ur des fid\u00e8les depuis des si\u00e8cles : <strong>\u00ab Sursum Corda \u00bb<\/strong>, ce qui signifie <strong>\u00ab \u00c9levons notre c\u0153ur ! \u00bb<\/strong> Cette exhortation n\u2019est pas une simple formalit\u00e9 liturgique, mais un appel profond \u00e0 l\u2019\u00e9l\u00e9vation de l\u2019\u00e2me, un rappel constant que notre vie chr\u00e9tienne est orient\u00e9e vers le haut, vers Dieu.<\/p>\n\n\n\n<p>Aujourd\u2019hui, dans un monde marqu\u00e9 par la distraction, le mat\u00e9rialisme et la confusion spirituelle, l\u2019appel du <strong>Sursum Corda<\/strong> est plus urgent que jamais. Mais que signifie-t-il r\u00e9ellement ? Comment pouvons-nous vivre cette invitation dans notre quotidien ? Accompagnez-nous dans cette r\u00e9flexion pour d\u00e9couvrir la richesse de ces paroles et comment les appliquer dans notre relation avec Dieu.<\/p>\n\n\n\n<hr class=\"wp-block-separator has-alpha-channel-opacity\"\/>\n\n\n\n<h2 class=\"wp-block-heading\"><strong>1. L\u2019Origine Biblique et Liturgique du Sursum Corda<\/strong><\/h2>\n\n\n\n<p>L\u2019usage de <strong>Sursum Corda<\/strong> dans la liturgie remonte aux premiers si\u00e8cles du christianisme. Saint Cyprien de Carthage (IIIe si\u00e8cle) mentionnait d\u00e9j\u00e0 cette expression dans ses \u00e9crits, et depuis, elle fait partie int\u00e9grante de la <strong>Pri\u00e8re Eucharistique<\/strong> dans la Messe traditionnelle.<\/p>\n\n\n\n<p>Cet appel trouve ses racines dans l\u2019\u00c9criture Sainte. Dans le <strong>Psaume 25,1<\/strong>, le psalmiste s\u2019exclame :<br><em>\u00ab Vers toi, Seigneur, j\u2019\u00e9l\u00e8ve mon \u00e2me. \u00bb<\/em><\/p>\n\n\n\n<p>On retrouve aussi une forte r\u00e9sonance dans <strong>Colossiens 3,1-2<\/strong>, o\u00f9 saint Paul exhorte :<br><em>\u00ab Si donc vous \u00eates ressuscit\u00e9s avec le Christ, recherchez les r\u00e9alit\u00e9s d\u2019en haut, o\u00f9 le Christ est assis \u00e0 la droite de Dieu. Pensez aux r\u00e9alit\u00e9s d\u2019en haut, non \u00e0 celles de la terre. \u00bb<\/em><\/p>\n\n\n\n<p>Ces paroles expriment un principe fondamental du christianisme : <strong>notre vie ne se limite pas aux choses terrestres, mais est appel\u00e9e \u00e0 une destin\u00e9e \u00e9ternelle<\/strong>.<\/p>\n\n\n\n<hr class=\"wp-block-separator has-alpha-channel-opacity\"\/>\n\n\n\n<h2 class=\"wp-block-heading\"><strong>2. La Signification Spirituelle du Sursum Corda<\/strong><\/h2>\n\n\n\n<p>Lorsque le pr\u00eatre dit <strong>\u00ab Sursum Corda ! \u00bb<\/strong>, il ne nous invite pas seulement \u00e0 un geste symbolique, mais \u00e0 une <strong>attitude int\u00e9rieure d\u2019\u00e9l\u00e9vation vers Dieu<\/strong>. Cette \u00e9l\u00e9vation du c\u0153ur implique trois dimensions essentielles :<\/p>\n\n\n\n<h3 class=\"wp-block-heading\"><strong>A) \u00c9lever l\u2019esprit et le c\u0153ur dans la pri\u00e8re<\/strong> \ud83d\ude4f<\/h3>\n\n\n\n<p>Dans un monde bruyant, o\u00f9 les pr\u00e9occupations quotidiennes nous accablent, la pri\u00e8re devient un acte de r\u00e9sistance contre la distraction et l\u2019oubli de Dieu. <strong>Sursum Corda<\/strong> nous rappelle que nous devons nous d\u00e9tacher du monde et fixer notre regard sur le divin.<\/p>\n\n\n\n<h3 class=\"wp-block-heading\"><strong>B) Vivre avec esp\u00e9rance et confiance en Dieu<\/strong> \u2728<\/h3>\n\n\n\n<p>La vie chr\u00e9tienne est marqu\u00e9e par les \u00e9preuves et les souffrances, mais le Seigneur nous appelle \u00e0 \u00e9lever notre c\u0153ur avec esp\u00e9rance. Dans les moments de crise, de doute ou de douleur, <strong>Sursum Corda<\/strong> nous encourage \u00e0 ne pas nous laisser enfermer dans le d\u00e9sespoir, mais \u00e0 regarder vers le Ciel avec confiance en la providence de Dieu.<\/p>\n\n\n\n<h3 class=\"wp-block-heading\"><strong>C) Offrir notre vie comme un sacrifice d\u2019amour<\/strong> \u2764\ufe0f<\/h3>\n\n\n\n<p>\u00c9lever son c\u0153ur ne signifie pas seulement ressentir des \u00e9motions spirituelles, mais <strong>disposer toute notre vie pour Dieu<\/strong>. Le sacrifice de la Messe nous enseigne que le v\u00e9ritable amour est un don de soi. Chaque souffrance, chaque effort, chaque bonne action offerte avec amour \u00e0 Dieu est une mani\u00e8re de vivre l\u2019esprit du <strong>Sursum Corda<\/strong>.<\/p>\n\n\n\n<hr class=\"wp-block-separator has-alpha-channel-opacity\"\/>\n\n\n\n<h2 class=\"wp-block-heading\"><strong>3. Comment Vivre le Sursum Corda Aujourd\u2019hui ?<\/strong><\/h2>\n\n\n\n<p>Dans notre quotidien, il existe de nombreuses mani\u00e8res concr\u00e8tes de vivre cette attitude d\u2019\u00e9l\u00e9vation spirituelle :<\/p>\n\n\n\n<p>\ud83d\udd39 <strong>Participer \u00e0 la Sainte Messe avec d\u00e9votion<\/strong> : L\u2019Eucharistie est le moment privil\u00e9gi\u00e9 o\u00f9 nous \u00e9levons notre c\u0153ur vers Dieu. Ne soyons pas de simples spectateurs, mais vivons-la avec une disposition int\u00e9rieure d\u2019adoration et d\u2019offrande.<\/p>\n\n\n\n<p>\ud83d\udd39 <strong>Prier avec un c\u0153ur tourn\u00e9 vers Dieu<\/strong> : Ne prions pas seulement avec nos l\u00e8vres, mais avec une v\u00e9ritable ouverture au dialogue avec Dieu. La pri\u00e8re nous fait sortir de la superficialit\u00e9 et nous relie \u00e0 l\u2019\u00e9ternit\u00e9.<\/p>\n\n\n\n<p>\ud83d\udd39 <strong>Cultiver le d\u00e9tachement des biens mat\u00e9riels<\/strong> : Vivre <strong>Sursum Corda<\/strong>, c\u2019est ne pas s\u2019attacher excessivement aux biens de ce monde ni se laisser accaparer par les pr\u00e9occupations terrestres.<\/p>\n\n\n\n<p>\ud83d\udd39 <strong>Vivre avec la joie chr\u00e9tienne<\/strong> : Un c\u0153ur \u00e9lev\u00e9 vers Dieu n\u2019est pas un c\u0153ur triste, mais un c\u0153ur rempli de la joie du Saint-Esprit, m\u00eame au milieu des difficult\u00e9s.<\/p>\n\n\n\n<p>\ud83d\udd39 <strong>Pratiquer la charit\u00e9 et le sacrifice<\/strong> : \u00c9lever notre c\u0153ur signifie aussi \u00e9lever celui des autres, aider notre prochain et \u00eatre t\u00e9moins de l\u2019amour du Christ dans le monde.<\/p>\n\n\n\n<hr class=\"wp-block-separator has-alpha-channel-opacity\"\/>\n\n\n\n<h2 class=\"wp-block-heading\"><strong>4. Sursum Corda en Temps de Confusion<\/strong><\/h2>\n\n\n\n<p>Nous vivons une \u00e9poque o\u00f9 la foi de beaucoup s\u2019est affaiblie, o\u00f9 la confusion doctrinale s\u2019est accrue et o\u00f9 le s\u00e9cularisme progresse avec force. Dans ce contexte, <strong>Sursum Corda<\/strong> est un appel \u00e0 ne pas nous laisser emporter par le d\u00e9sespoir ni par les courants du monde.<\/p>\n\n\n\n<p>Le pape Beno\u00eet XVI disait souvent que <strong>\u00ab le christianisme n\u2019est pas une id\u00e9e, mais une rencontre avec une Personne. \u00bb<\/strong> Si nous \u00e9levons notre c\u0153ur vers le Christ, nous trouverons la force de vivre fid\u00e8lement dans la V\u00e9rit\u00e9, quelles que soient les \u00e9preuves auxquelles nous sommes confront\u00e9s.<\/p>\n\n\n\n<p><strong>Sursum Corda nous rappelle que notre v\u00e9ritable destin\u00e9e n\u2019est pas ici-bas, mais au Ciel.<\/strong> Nous ne pouvons pas nous contenter d\u2019une foi ti\u00e8de ou superficielle ; nous sommes appel\u00e9s \u00e0 \u00e9lever notre c\u0153ur et \u00e0 vivre avec un regard tourn\u00e9 vers l\u2019\u00e9ternit\u00e9.<\/p>\n\n\n\n<hr class=\"wp-block-separator has-alpha-channel-opacity\"\/>\n\n\n\n<h2 class=\"wp-block-heading\"><strong>Conclusion : Un Appel Personnel \u00e0 \u00c9lever son C\u0153ur<\/strong><\/h2>\n\n\n\n<p>Chaque fois que vous entendez <strong>Sursum Corda<\/strong> \u00e0 la Messe, souvenez-vous qu\u2019il ne s\u2019agit pas d\u2019une simple formule liturgique : <strong>c\u2019est un appel \u00e0 vivre avec notre c\u0153ur tourn\u00e9 vers Dieu, dans la pri\u00e8re, dans l\u2019esp\u00e9rance et dans l\u2019amour.<\/strong><\/p>\n\n\n\n<p>Aujourd\u2019hui plus que jamais, le Christ nous invite \u00e0 ne pas nous laisser enfermer dans la m\u00e9diocrit\u00e9 spirituelle ni dans le d\u00e9sespoir du monde. Il nous appelle \u00e0 lever les yeux vers le Ciel, \u00e0 vivre avec une foi authentique et \u00e0 Lui faire pleinement confiance.<\/p>\n\n\n\n<p><strong>Sursum Corda ! \u00c9levons notre c\u0153ur ! Offrons toute notre vie \u00e0 Dieu.<\/strong><\/p>\n","protected":false},"excerpt":{"rendered":"<p>\u00c0 chaque Sainte Messe, le pr\u00eatre prononce des paroles qui r\u00e9sonnent dans le c\u0153ur des fid\u00e8les depuis des si\u00e8cles : \u00ab Sursum Corda \u00bb, ce qui signifie \u00ab \u00c9levons notre c\u0153ur ! \u00bb Cette exhortation n\u2019est pas une simple formalit\u00e9 liturgique, mais un appel profond \u00e0 l\u2019\u00e9l\u00e9vation de l\u2019\u00e2me, un rappel constant que notre vie &hellip;<\/p>\n","protected":false},"author":3,"featured_media":2057,"comment_status":"open","ping_status":"open","sticky":false,"template":"","format":"standard","meta":{"_seopress_robots_primary_cat":"","_seopress_titles_title":"","_seopress_titles_desc":"","_seopress_robots_index":"","footnotes":""},"categories":[38,52],"tags":[494],"class_list":["post-2056","post","type-post","status-publish","format-standard","has-post-thumbnail","","category-histoire-et-tradition","category-liturgie-et-annee-liturgique","tag-sursum-corda"],"_links":{"self":[{"href":"https:\/\/catholicus.eu\/fr\/wp-json\/wp\/v2\/posts\/2056","targetHints":{"allow":["GET"]}}],"collection":[{"href":"https:\/\/catholicus.eu\/fr\/wp-json\/wp\/v2\/posts"}],"about":[{"href":"https:\/\/catholicus.eu\/fr\/wp-json\/wp\/v2\/types\/post"}],"author":[{"embeddable":true,"href":"https:\/\/catholicus.eu\/fr\/wp-json\/wp\/v2\/users\/3"}],"replies":[{"embeddable":true,"href":"https:\/\/catholicus.eu\/fr\/wp-json\/wp\/v2\/comments?post=2056"}],"version-history":[{"count":1,"href":"https:\/\/catholicus.eu\/fr\/wp-json\/wp\/v2\/posts\/2056\/revisions"}],"predecessor-version":[{"id":2058,"href":"https:\/\/catholicus.eu\/fr\/wp-json\/wp\/v2\/posts\/2056\/revisions\/2058"}],"wp:featuredmedia":[{"embeddable":true,"href":"https:\/\/catholicus.eu\/fr\/wp-json\/wp\/v2\/media\/2057"}],"wp:attachment":[{"href":"https:\/\/catholicus.eu\/fr\/wp-json\/wp\/v2\/media?parent=2056"}],"wp:term":[{"taxonomy":"category","embeddable":true,"href":"https:\/\/catholicus.eu\/fr\/wp-json\/wp\/v2\/categories?post=2056"},{"taxonomy":"post_tag","embeddable":true,"href":"https:\/\/catholicus.eu\/fr\/wp-json\/wp\/v2\/tags?post=2056"}],"curies":[{"name":"wp","href":"https:\/\/api.w.org\/{rel}","templated":true}]}}