{"id":2014,"date":"2025-01-24T22:28:40","date_gmt":"2025-01-24T21:28:40","guid":{"rendered":"https:\/\/catholicus.eu\/fr\/?p=2014"},"modified":"2025-01-24T22:28:40","modified_gmt":"2025-01-24T21:28:40","slug":"anima-christi-la-priere-qui-eleve-lame-et-nous-conduit-au-coeur-du-christ","status":"publish","type":"post","link":"https:\/\/catholicus.eu\/fr\/anima-christi-la-priere-qui-eleve-lame-et-nous-conduit-au-coeur-du-christ\/","title":{"rendered":"Anima Christi : La Pri\u00e8re Qui \u00c9l\u00e8ve l\u2019\u00c2me et Nous Conduit au C\u0153ur du Christ"},"content":{"rendered":"\n<p>L\u2019<em>Anima Christi<\/em> (<em>\u00c2me du Christ<\/em>) est un tr\u00e9sor spirituel de la tradition catholique, une pri\u00e8re qui allie beaut\u00e9 po\u00e9tique, profondeur th\u00e9ologique et une puissante invitation \u00e0 l\u2019union avec le Christ. Depuis des si\u00e8cles, cette pri\u00e8re est un phare pour les fid\u00e8les, les aidant \u00e0 contempler les myst\u00e8res de la Passion, de la mort et de la r\u00e9surrection du Christ. Dans cet article, nous explorerons les origines, le sens et la pertinence de cette pri\u00e8re, en fournissant \u00e0 la fois sa version latine et sa traduction en fran\u00e7ais. Nous analyserons \u00e9galement comment l\u2019int\u00e9grer dans la vie quotidienne comme un outil de croissance spirituelle.<\/p>\n\n\n\n<hr class=\"wp-block-separator has-alpha-channel-opacity\"\/>\n\n\n\n<h3 class=\"wp-block-heading\"><strong>Le Texte de l\u2019Anima Christi : En Latin et en Fran\u00e7ais<\/strong><\/h3>\n\n\n\n<p>L\u2019<em>Anima Christi<\/em> a \u00e9t\u00e9 compos\u00e9e \u00e0 l\u2019origine en latin, la langue officielle de l\u2019\u00c9glise et le v\u00e9hicule de sa riche tradition liturgique. Voici le texte dans sa forme originale et sa traduction fran\u00e7aise :<\/p>\n\n\n\n<h4 class=\"wp-block-heading\"><strong>Texte en Latin<\/strong><\/h4>\n\n\n\n<blockquote class=\"wp-block-quote is-layout-flow wp-block-quote-is-layout-flow\">\n<p><strong>Anima Christi, sanctifica me.<\/strong><br><strong>Corpus Christi, salva me.<\/strong><br><strong>Sanguis Christi, inebria me.<\/strong><br><strong>Aqua lateris Christi, lava me.<\/strong><br><strong>Passio Christi, conforta me.<\/strong><br><strong>O bone Iesu, exaudi me.<\/strong><br><strong>Intra tua vulnera absconde me.<\/strong><br><strong>Ne permittas me separari a te.<\/strong><br><strong>Ab hoste maligno defende me.<\/strong><br><strong>In hora mortis meae voca me.<\/strong><br><strong>Et iube me venire ad te,<\/strong><br><strong>Ut cum Sanctis tuis laudem te,<\/strong><br><strong>In saecula saeculorum. Amen.<\/strong><\/p>\n<\/blockquote>\n\n\n\n<h4 class=\"wp-block-heading\"><strong>Traduction en Fran\u00e7ais<\/strong><\/h4>\n\n\n\n<blockquote class=\"wp-block-quote is-layout-flow wp-block-quote-is-layout-flow\">\n<p><strong>\u00c2me du Christ, sanctifie-moi.<\/strong><br><strong>Corps du Christ, sauve-moi.<\/strong><br><strong>Sang du Christ, enivre-moi.<\/strong><br><strong>Eau du c\u00f4t\u00e9 du Christ, lave-moi.<\/strong><br><strong>Passion du Christ, fortifie-moi.<\/strong><br><strong>\u00d4 bon J\u00e9sus, \u00e9coute-moi.<\/strong><br><strong>Dans tes blessures, cache-moi.<\/strong><br><strong>Ne permets pas que je sois s\u00e9par\u00e9 de toi.<\/strong><br><strong>D\u00e9fends-moi contre l\u2019ennemi malin.<\/strong><br><strong>\u00c0 l\u2019heure de ma mort, appelle-moi.<\/strong><br><strong>Et ordonne que je vienne \u00e0 toi,<\/strong><br><strong>Pour qu\u2019avec tes saints je te loue,<\/strong><br><strong>Dans les si\u00e8cles des si\u00e8cles. Amen.<\/strong><\/p>\n<\/blockquote>\n\n\n\n<hr class=\"wp-block-separator has-alpha-channel-opacity\"\/>\n\n\n\n<h3 class=\"wp-block-heading\"><strong>Origines de l\u2019Anima Christi : Un Myst\u00e8re Enrichi par les Si\u00e8cles<\/strong><\/h3>\n\n\n\n<p>L\u2019<em>Anima Christi<\/em> a une histoire fascinante qui remonte au XIVe si\u00e8cle. Bien qu\u2019elle soit souvent attribu\u00e9e \u00e0 saint Ignace de Loyola, des \u00e9tudes historiques montrent que cette pri\u00e8re \u00e9tait d\u00e9j\u00e0 connue avant son \u00e9poque. Saint Ignace l\u2019a incluse dans ses <strong>Exercices spirituels<\/strong>, ce qui a contribu\u00e9 \u00e0 populariser son utilisation dans la spiritualit\u00e9 j\u00e9suite et bien au-del\u00e0.<\/p>\n\n\n\n<p>L\u2019auteur original reste inconnu, mais il est probable qu\u2019il s\u2019agisse d\u2019un moine anonyme, inspir\u00e9 par la d\u00e9votion \u00e0 la Passion du Christ et par la centralit\u00e9 de l\u2019Eucharistie dans la vie spirituelle m\u00e9di\u00e9vale. Dans ce contexte, marqu\u00e9 par les guerres et les pestes, l\u2019<em>Anima Christi<\/em> offrait consolation et espoir \u00e0 une humanit\u00e9 en qu\u00eate de r\u00e9demption.<\/p>\n\n\n\n<figure class=\"wp-block-embed aligncenter is-type-video is-provider-youtube wp-block-embed-youtube wp-embed-aspect-16-9 wp-has-aspect-ratio\"><div class=\"wp-block-embed__wrapper\">\n<iframe loading=\"lazy\" title=\"&quot;Alma de Cristo&quot; en Lat\u00edn (Subt\u00edtulos en Lat\u00edn y Espa\u00f1ol)\" width=\"618\" height=\"348\" src=\"https:\/\/www.youtube.com\/embed\/kAMa6kkP5sY?feature=oembed\" frameborder=\"0\" allow=\"accelerometer; autoplay; clipboard-write; encrypted-media; gyroscope; picture-in-picture; web-share\" referrerpolicy=\"strict-origin-when-cross-origin\" allowfullscreen><\/iframe>\n<\/div><\/figure>\n\n\n\n<hr class=\"wp-block-separator has-alpha-channel-opacity\"\/>\n\n\n\n<h3 class=\"wp-block-heading\"><strong>Un Voyage Th\u00e9ologique : Symbolisme et Profondeur dans Chaque Ligne<\/strong><\/h3>\n\n\n\n<p>L\u2019<em>Anima Christi<\/em> est bien plus qu\u2019une simple pri\u00e8re ; c\u2019est une m\u00e9ditation compl\u00e8te sur les myst\u00e8res du Christ. Chaque phrase nous invite \u00e0 nous rapprocher du Sauveur, \u00e0 contempler son sacrifice et \u00e0 participer \u00e0 sa vie divine.<\/p>\n\n\n\n<h4 class=\"wp-block-heading\"><strong>1. \u201cAnima Christi, sanctifica me\u201d (\u00c2me du Christ, sanctifie-moi)<\/strong><\/h4>\n\n\n\n<p>La sanctification est un don de Dieu qui purifie notre \u00eatre et nous transforme en temples de l\u2019Esprit Saint. Cette ligne initiale nous appelle \u00e0 nous ouvrir compl\u00e8tement au pouvoir sanctifiant de l\u2019\u00e2me du Christ.<\/p>\n\n\n\n<h4 class=\"wp-block-heading\"><strong>2. \u201cCorpus Christi, salva me\u201d (Corps du Christ, sauve-moi)<\/strong><\/h4>\n\n\n\n<p>Le Corps du Christ, offert pour nous sur la croix et dans l\u2019Eucharistie, est une source de salut. Cette phrase rappelle la centralit\u00e9 de ce sacrement dans notre vie spirituelle.<\/p>\n\n\n\n<h4 class=\"wp-block-heading\"><strong>3. \u201cSanguis Christi, inebria me\u201d (Sang du Christ, enivre-moi)<\/strong><\/h4>\n\n\n\n<p>Le Sang du Christ, vers\u00e9 par amour, nous purifie et nous comble de sa gr\u00e2ce. Le mot \u00ab enivre-moi \u00bb sugg\u00e8re une participation compl\u00e8te et transformatrice \u00e0 son sacrifice r\u00e9dempteur.<\/p>\n\n\n\n<h4 class=\"wp-block-heading\"><strong>4. \u201cAqua lateris Christi, lava me\u201d (Eau du c\u00f4t\u00e9 du Christ, lave-moi)<\/strong><\/h4>\n\n\n\n<p>L\u2019eau qui coule du c\u00f4t\u00e9 du Christ symbolise le bapt\u00eame, par lequel nous sommes lav\u00e9s du p\u00e9ch\u00e9 et renaissons \u00e0 une vie nouvelle en Christ.<\/p>\n\n\n\n<h4 class=\"wp-block-heading\"><strong>5. \u201cPassio Christi, conforta me\u201d (Passion du Christ, fortifie-moi)<\/strong><\/h4>\n\n\n\n<p>Dans la souffrance, nous trouvons la force en unissant nos propres \u00e9preuves \u00e0 la Passion du Christ. Cette ligne nous rappelle que la douleur peut \u00eatre rachet\u00e9e dans la croix.<\/p>\n\n\n\n<h4 class=\"wp-block-heading\"><strong>6. \u201cO bone Iesu, exaudi me\u201d (\u00d4 bon J\u00e9sus, \u00e9coute-moi)<\/strong><\/h4>\n\n\n\n<p>En ayant confiance en sa bont\u00e9 infinie, nous adressons nos pri\u00e8res au c\u0153ur du Christ, s\u00fbrs qu\u2019il \u00e9coute et r\u00e9pond \u00e0 nos besoins.<\/p>\n\n\n\n<h4 class=\"wp-block-heading\"><strong>7. \u201cIntra tua vulnera absconde me\u201d (Dans tes blessures, cache-moi)<\/strong><\/h4>\n\n\n\n<p>Les blessures du Christ sont un refuge spirituel, un lieu o\u00f9 nous trouvons protection et repos au milieu de nos luttes.<\/p>\n\n\n\n<h4 class=\"wp-block-heading\"><strong>8. \u201cNe permittas me separari a te\u201d (Ne permets pas que je sois s\u00e9par\u00e9 de toi)<\/strong><\/h4>\n\n\n\n<p>Cette supplication pour la pers\u00e9v\u00e9rance reconna\u00eet la fragilit\u00e9 humaine et notre d\u00e9pendance \u00e0 la gr\u00e2ce divine pour rester unis au Christ.<\/p>\n\n\n\n<h4 class=\"wp-block-heading\"><strong>9. \u201cAb hoste maligno defende me\u201d (D\u00e9fends-moi contre l\u2019ennemi malin)<\/strong><\/h4>\n\n\n\n<p>Nous reconnaissons la r\u00e9alit\u00e9 du mal et demandons la protection divine contre les tentations et les attaques de l\u2019ennemi.<\/p>\n\n\n\n<h4 class=\"wp-block-heading\"><strong>10. \u201cIn hora mortis meae voca me\u201d (\u00c0 l\u2019heure de ma mort, appelle-moi)<\/strong><\/h4>\n\n\n\n<p>Le moment de la mort est le seuil de l\u2019\u00e9ternit\u00e9. Avec cette phrase, nous demandons au Christ de nous accueillir dans ses bras \u00e0 la fin de notre vie terrestre.<\/p>\n\n\n\n<h4 class=\"wp-block-heading\"><strong>11. \u201cEt iube me venire ad te, ut cum Sanctis tuis laudem te\u201d (Et ordonne que je vienne \u00e0 toi, pour qu\u2019avec tes saints je te loue)<\/strong><\/h4>\n\n\n\n<p>La pri\u00e8re se termine avec l\u2019esp\u00e9rance de la gloire \u00e9ternelle : rejoindre les saints dans la louange perp\u00e9tuelle de Dieu.<\/p>\n\n\n\n<hr class=\"wp-block-separator has-alpha-channel-opacity\"\/>\n\n\n\n<h3 class=\"wp-block-heading\"><strong>Pertinence de l\u2019Anima Christi dans la Vie Moderne<\/strong><\/h3>\n\n\n\n<p>Dans un monde rempli de bruit et de superficialit\u00e9, l\u2019<em>Anima Christi<\/em> nous invite \u00e0 approfondir notre relation avec le Christ. Son langage po\u00e9tique et symbolique nous aide \u00e0 nous concentrer sur l\u2019essentiel : notre union avec Dieu.<\/p>\n\n\n\n<h4 class=\"wp-block-heading\"><strong>Applications Pratiques<\/strong><\/h4>\n\n\n\n<ol class=\"wp-block-list\">\n<li><strong>Pri\u00e8re apr\u00e8s la communion<\/strong> : Son usage le plus connu est une pri\u00e8re d\u2019action de gr\u00e2ce apr\u00e8s avoir re\u00e7u l\u2019Eucharistie, parfaitement adapt\u00e9e \u00e0 ce moment sacr\u00e9.<\/li>\n\n\n\n<li><strong>M\u00e9ditation personnelle<\/strong> : La r\u00e9citer lentement nous permet de r\u00e9fl\u00e9chir sur chaque ligne et de laisser son sens nous transformer.<\/li>\n\n\n\n<li><strong>R\u00e9confort dans la souffrance<\/strong> : Dans les moments difficiles, cette pri\u00e8re nous aide \u00e0 trouver la force dans la Passion du Christ.<\/li>\n\n\n\n<li><strong>Pri\u00e8re quotidienne<\/strong> : L\u2019int\u00e9grer dans notre routine quotidienne peut cultiver une relation plus profonde avec Dieu.<\/li>\n<\/ol>\n\n\n\n<hr class=\"wp-block-separator has-alpha-channel-opacity\"\/>\n\n\n\n<h3 class=\"wp-block-heading\"><strong>Curiosit\u00e9s de l\u2019Anima Christi<\/strong><\/h3>\n\n\n\n<ul class=\"wp-block-list\">\n<li><strong>Musique inspirante<\/strong> : L\u2019<em>Anima Christi<\/em> a inspir\u00e9 des compositeurs comme Palestrina et Marco Frisina, qui ont cr\u00e9\u00e9 des versions musicales enrichissant sa m\u00e9ditation.<\/li>\n\n\n\n<li><strong>Popularit\u00e9 universelle<\/strong> : Bien qu\u2019elle soit n\u00e9e dans l\u2019Europe m\u00e9di\u00e9vale, cette pri\u00e8re est encore r\u00e9cit\u00e9e par des millions de personnes dans le monde entier.<\/li>\n\n\n\n<li><strong>Lien avec les J\u00e9suites<\/strong> : Bien qu\u2019elle ne soit pas de la main de saint Ignace, son inclusion dans les <em>Exercices spirituels<\/em> en a fait un \u00e9l\u00e9ment central de la spiritualit\u00e9 j\u00e9suite.<\/li>\n<\/ul>\n\n\n\n<hr class=\"wp-block-separator has-alpha-channel-opacity\"\/>\n\n\n\n<h3 class=\"wp-block-heading\"><strong>Conclusion : Un Chemin Vers la Saintet\u00e9<\/strong><\/h3>\n\n\n\n<p>L\u2019<em>Anima Christi<\/em> est bien plus qu\u2019une pri\u00e8re ; c\u2019est un guide spirituel qui nous invite \u00e0 plonger dans les myst\u00e8res du Christ. Dans chaque mot, nous trouvons consolation, esp\u00e9rance et un appel \u00e0 la conversion. En la r\u00e9citant avec foi, nous nous rapprochons de J\u00e9sus et trouvons en lui tout ce que notre \u00e2me d\u00e9sire.<\/p>\n\n\n\n<p>Que cette pri\u00e8re soit pour vous un refuge, une source d\u2019inspiration et un rappel constant qu\u2019en Christ, nous trouvons la saintet\u00e9, le salut et l\u2019amour \u00e9ternel.<\/p>\n","protected":false},"excerpt":{"rendered":"<p>L\u2019Anima Christi (\u00c2me du Christ) est un tr\u00e9sor spirituel de la tradition catholique, une pri\u00e8re qui allie beaut\u00e9 po\u00e9tique, profondeur th\u00e9ologique et une puissante invitation \u00e0 l\u2019union avec le Christ. Depuis des si\u00e8cles, cette pri\u00e8re est un phare pour les fid\u00e8les, les aidant \u00e0 contempler les myst\u00e8res de la Passion, de la mort et de &hellip;<\/p>\n","protected":false},"author":3,"featured_media":2015,"comment_status":"open","ping_status":"open","sticky":false,"template":"","format":"standard","meta":{"_seopress_robots_primary_cat":"","_seopress_titles_title":"","_seopress_titles_desc":"","_seopress_robots_index":"","footnotes":""},"categories":[40,58],"tags":[480],"class_list":["post-2014","post","type-post","status-publish","format-standard","has-post-thumbnail","","category-priere-et-spiritualite","category-priere-et-vie-spirituelle","tag-anima-christi"],"_links":{"self":[{"href":"https:\/\/catholicus.eu\/fr\/wp-json\/wp\/v2\/posts\/2014","targetHints":{"allow":["GET"]}}],"collection":[{"href":"https:\/\/catholicus.eu\/fr\/wp-json\/wp\/v2\/posts"}],"about":[{"href":"https:\/\/catholicus.eu\/fr\/wp-json\/wp\/v2\/types\/post"}],"author":[{"embeddable":true,"href":"https:\/\/catholicus.eu\/fr\/wp-json\/wp\/v2\/users\/3"}],"replies":[{"embeddable":true,"href":"https:\/\/catholicus.eu\/fr\/wp-json\/wp\/v2\/comments?post=2014"}],"version-history":[{"count":1,"href":"https:\/\/catholicus.eu\/fr\/wp-json\/wp\/v2\/posts\/2014\/revisions"}],"predecessor-version":[{"id":2016,"href":"https:\/\/catholicus.eu\/fr\/wp-json\/wp\/v2\/posts\/2014\/revisions\/2016"}],"wp:featuredmedia":[{"embeddable":true,"href":"https:\/\/catholicus.eu\/fr\/wp-json\/wp\/v2\/media\/2015"}],"wp:attachment":[{"href":"https:\/\/catholicus.eu\/fr\/wp-json\/wp\/v2\/media?parent=2014"}],"wp:term":[{"taxonomy":"category","embeddable":true,"href":"https:\/\/catholicus.eu\/fr\/wp-json\/wp\/v2\/categories?post=2014"},{"taxonomy":"post_tag","embeddable":true,"href":"https:\/\/catholicus.eu\/fr\/wp-json\/wp\/v2\/tags?post=2014"}],"curies":[{"name":"wp","href":"https:\/\/api.w.org\/{rel}","templated":true}]}}