{"id":2007,"date":"2025-01-23T23:10:22","date_gmt":"2025-01-23T22:10:22","guid":{"rendered":"https:\/\/catholicus.eu\/fr\/?p=2007"},"modified":"2025-01-23T23:10:22","modified_gmt":"2025-01-23T22:10:22","slug":"les-vases-sacres-tresors-de-la-liturgie-catholique-et-leur-signification-eternelle","status":"publish","type":"post","link":"https:\/\/catholicus.eu\/fr\/les-vases-sacres-tresors-de-la-liturgie-catholique-et-leur-signification-eternelle\/","title":{"rendered":"Les Vases Sacr\u00e9s : Tr\u00e9sors de la Liturgie Catholique et Leur Signification \u00c9ternelle"},"content":{"rendered":"\n<p>La liturgie catholique, consid\u00e9r\u00e9e comme \u00ab la source et le sommet de la vie chr\u00e9tienne \u00bb (<em>Sacrosanctum Concilium<\/em>, 10), regorge de symboles, de gestes et d\u2019\u00e9l\u00e9ments qui nous plongent dans le myst\u00e8re de Dieu. Parmi ces \u00e9l\u00e9ments, les vases sacr\u00e9s occupent une place particuli\u00e8re, car ils sont charg\u00e9s de contenir et de pr\u00e9server le Corps et le Sang du Christ, le plus grand tr\u00e9sor de notre foi. Dans cet article, nous explorerons en profondeur la signification th\u00e9ologique, les caract\u00e9ristiques et l&rsquo;importance des vases sacr\u00e9s dans la liturgie, ainsi que leur r\u00f4le dans la vie quotidienne des fid\u00e8les.<\/p>\n\n\n\n<h3 class=\"wp-block-heading\"><strong>Que sont les vases sacr\u00e9s et pourquoi sont-ils importants ?<\/strong><\/h3>\n\n\n\n<p>Les vases sacr\u00e9s sont les r\u00e9cipients utilis\u00e9s dans l\u2019Eucharistie pour consacrer, contenir et distribuer le Corps et le Sang du Christ. Les principaux vases sacr\u00e9s incluent le calice, la pat\u00e8ne, le ciboire, l\u2019ostensoir et la custode. Chacun a une fonction sp\u00e9cifique, mais ils partagent tous un objectif commun : le culte et l\u2019adoration de J\u00e9sus pr\u00e9sent dans l\u2019Eucharistie.<\/p>\n\n\n\n<p>L\u2019importance des vases sacr\u00e9s ne r\u00e9side pas seulement dans leur fonction pratique, mais aussi dans ce qu\u2019ils repr\u00e9sentent : la dignit\u00e9 et la r\u00e9v\u00e9rence dues au myst\u00e8re de la transsubstantiation, o\u00f9 le pain et le vin deviennent le Corps et le Sang du Christ. Leur conception, leur entretien et leur utilisation refl\u00e8tent la v\u00e9n\u00e9ration de l\u2019\u00c9glise pour le Sacrement et la centralit\u00e9 de l\u2019Eucharistie dans la vie chr\u00e9tienne.<\/p>\n\n\n\n<h3 class=\"wp-block-heading\"><strong>Les principaux vases sacr\u00e9s : signification et fonction<\/strong><\/h3>\n\n\n\n<ol class=\"wp-block-list\">\n<li><strong>Le calice<\/strong><br>Le calice est le vase destin\u00e9 \u00e0 contenir le vin qui deviendra le Sang du Christ. Sa forme et son mat\u00e9riau sont r\u00e9glement\u00e9s par les normes de l\u2019\u00c9glise, car il doit \u00eatre noble et digne, signe visible de la saintet\u00e9 de son contenu. Depuis les premiers si\u00e8cles, le calice symbolise le sacrifice du Christ sur la croix et son don total par amour pour l\u2019humanit\u00e9. Pour les fid\u00e8les, le calice est un rappel que nous sommes appel\u00e9s \u00e0 participer au sacrifice du Christ, en offrant nos propres vies comme un \u00ab sacrifice vivant, saint et agr\u00e9able \u00e0 Dieu \u00bb (cf. Rm 12,1).<\/li>\n\n\n\n<li><strong>La pat\u00e8ne<\/strong><br>La pat\u00e8ne est le petit plateau utilis\u00e9 pour poser le pain qui sera consacr\u00e9. Son utilisation met en valeur l\u2019unicit\u00e9 du Corps du Christ et sa distribution aux fid\u00e8les comme nourriture spirituelle. Comme le calice, elle doit \u00eatre fabriqu\u00e9e avec des mat\u00e9riaux pr\u00e9cieux, en signe de r\u00e9v\u00e9rence.<\/li>\n\n\n\n<li><strong>Le ciboire et la custode<\/strong><br>Ces r\u00e9cipients sont utilis\u00e9s pour conserver et transporter les hosties consacr\u00e9es, notamment pour apporter la Communion aux malades et \u00e0 ceux qui ne peuvent pas assister \u00e0 la messe. Leur existence rappelle la mission de l\u2019\u00c9glise de porter le Christ dans tous les recoins du monde, en particulier aux plus d\u00e9munis.<\/li>\n\n\n\n<li><strong>L\u2019ostensoir ou custode<\/strong><br>L\u2019ostensoir est utilis\u00e9 pour exposer le Saint-Sacrement \u00e0 l\u2019adoration eucharistique. Son design, souvent \u00e9labor\u00e9 et \u00e9clatant, vise \u00e0 diriger l\u2019attention vers le Christ pr\u00e9sent dans l\u2019hostie consacr\u00e9e. Ce vase sacr\u00e9 nous invite \u00e0 contempler le myst\u00e8re de l\u2019Eucharistie et \u00e0 approfondir notre relation personnelle avec J\u00e9sus.<\/li>\n<\/ol>\n\n\n\n<h3 class=\"wp-block-heading\"><strong>La formation des pr\u00eatres et l\u2019Eucharistie<\/strong><\/h3>\n\n\n\n<p>Avant d\u2019\u00eatre ordonn\u00e9, un pr\u00eatre catholique suit une formation approfondie qui englobe plusieurs dimensions : spirituelle, pastorale, intellectuelle et humaine. Durant ses ann\u00e9es au s\u00e9minaire, le futur pr\u00eatre \u00e9tudie la th\u00e9ologie sacramentelle, la liturgie et la doctrine eucharistique, entre autres mati\u00e8res, afin de saisir pleinement la grandeur du myst\u00e8re qu\u2019il c\u00e9l\u00e9brera. Il re\u00e7oit \u00e9galement une formation spirituelle pour que sa vie t\u00e9moigne de mani\u00e8re coh\u00e9rente du sacrifice eucharistique qu\u2019il renouvelle \u00e0 chaque messe.<\/p>\n\n\n\n<p>Un aspect cl\u00e9 de la formation sacerdotale est le d\u00e9veloppement de l\u2019<em>ars celebrandi<\/em>, c\u2019est-\u00e0-dire l\u2019art de c\u00e9l\u00e9brer la liturgie avec r\u00e9v\u00e9rence, dignit\u00e9 et d\u00e9votion. Cela inclut la connaissance et l\u2019utilisation appropri\u00e9e des vases sacr\u00e9s, en tant qu\u2019expression visible de la saintet\u00e9 de l\u2019acte liturgique.<\/p>\n\n\n\n<h3 class=\"wp-block-heading\"><strong>Applications pratiques pour les fid\u00e8les<\/strong><\/h3>\n\n\n\n<p>Bien que les vases sacr\u00e9s soient principalement utilis\u00e9s par les pr\u00eatres, les fid\u00e8les sont \u00e9galement appel\u00e9s \u00e0 r\u00e9fl\u00e9chir \u00e0 leur signification et \u00e0 participer activement \u00e0 la v\u00e9n\u00e9ration de l\u2019Eucharistie. Voici quelques moyens pratiques de le faire :<\/p>\n\n\n\n<ol class=\"wp-block-list\">\n<li><strong>Encourager l\u2019adoration eucharistique<\/strong><br>L\u2019adoration du Saint-Sacrement est une occasion de renforcer notre relation avec le Christ et de reconna\u00eetre sa pr\u00e9sence r\u00e9elle. En contemplant J\u00e9sus dans l\u2019ostensoir, nous nous rappelons que notre vie doit tourner autour de Lui.<\/li>\n\n\n\n<li><strong>Participer \u00e0 la messe avec d\u00e9votion<\/strong><br>La r\u00e9v\u00e9rence envers les vases sacr\u00e9s commence par notre attitude lors de la messe. Pr\u00e9parons-nous int\u00e9rieurement \u00e0 recevoir le Christ, en participant activement avec un c\u0153ur ouvert.<\/li>\n\n\n\n<li><strong>Prendre soin des objets liturgiques<\/strong><br>Dans les communaut\u00e9s paroissiales, il est important de veiller \u00e0 ce que les vases sacr\u00e9s soient trait\u00e9s avec le respect qu\u2019ils m\u00e9ritent. Cela inclut leur nettoyage appropri\u00e9, leur stockage en lieu s\u00fbr et leur utilisation exclusive pour la liturgie.<\/li>\n\n\n\n<li><strong>Favoriser les vocations sacerdotales<\/strong><br>En comprenant l\u2019importance de l\u2019Eucharistie, nous pouvons soutenir et encourager les jeunes hommes qui ressentent l\u2019appel au sacerdoce, afin qu\u2019ils se forment et consacrent leur vie au service de l\u2019\u00c9glise.<\/li>\n<\/ol>\n\n\n\n<h3 class=\"wp-block-heading\"><strong>Un appel \u00e0 la saintet\u00e9<\/strong><\/h3>\n\n\n\n<p>Les vases sacr\u00e9s nous enseignent que tout ce qui est li\u00e9 \u00e0 Dieu doit \u00eatre trait\u00e9 avec amour et r\u00e9v\u00e9rence. Mais ils nous invitent \u00e9galement \u00e0 r\u00e9fl\u00e9chir sur notre propre vie : tout comme ces r\u00e9cipients sont r\u00e9serv\u00e9s \u00e0 un usage sacr\u00e9, nous sommes \u00e9galement appel\u00e9s \u00e0 \u00eatre des \u00ab vases d\u2019honneur \u00bb (cf. 2 Tm 2,21), remplis de la gr\u00e2ce de Dieu et pr\u00eats \u00e0 porter sa lumi\u00e8re au monde.<\/p>\n\n\n\n<p>Que le myst\u00e8re eucharistique, prot\u00e9g\u00e9 et c\u00e9l\u00e9br\u00e9 dans les vases sacr\u00e9s, nous inspire \u00e0 vivre avec une foi et une d\u00e9votion plus grandes, en nous rappelant que nous faisons partie du corps mystique du Christ. En tant que membres de son \u00c9glise, nous avons pour mission de proclamer son amour et sa v\u00e9rit\u00e9 dans chaque recoin de notre vie quotidienne.<\/p>\n\n\n\n<p>\u00cates-vous pr\u00eat \u00e0 red\u00e9couvrir la beaut\u00e9 de l\u2019Eucharistie et \u00e0 laisser ce myst\u00e8re transformer votre vie ? Le Seigneur nous attend !<\/p>\n","protected":false},"excerpt":{"rendered":"<p>La liturgie catholique, consid\u00e9r\u00e9e comme \u00ab la source et le sommet de la vie chr\u00e9tienne \u00bb (Sacrosanctum Concilium, 10), regorge de symboles, de gestes et d\u2019\u00e9l\u00e9ments qui nous plongent dans le myst\u00e8re de Dieu. Parmi ces \u00e9l\u00e9ments, les vases sacr\u00e9s occupent une place particuli\u00e8re, car ils sont charg\u00e9s de contenir et de pr\u00e9server le Corps &hellip;<\/p>\n","protected":false},"author":3,"featured_media":2008,"comment_status":"open","ping_status":"open","sticky":false,"template":"","format":"standard","meta":{"_seopress_robots_primary_cat":"","_seopress_titles_title":"","_seopress_titles_desc":"","_seopress_robots_index":"","footnotes":""},"categories":[38,52],"tags":[474,476,477,475,473],"class_list":["post-2007","post","type-post","status-publish","format-standard","has-post-thumbnail","","category-histoire-et-tradition","category-liturgie-et-annee-liturgique","tag-calice","tag-ciboire","tag-custode","tag-patene","tag-vases-sacres"],"_links":{"self":[{"href":"https:\/\/catholicus.eu\/fr\/wp-json\/wp\/v2\/posts\/2007","targetHints":{"allow":["GET"]}}],"collection":[{"href":"https:\/\/catholicus.eu\/fr\/wp-json\/wp\/v2\/posts"}],"about":[{"href":"https:\/\/catholicus.eu\/fr\/wp-json\/wp\/v2\/types\/post"}],"author":[{"embeddable":true,"href":"https:\/\/catholicus.eu\/fr\/wp-json\/wp\/v2\/users\/3"}],"replies":[{"embeddable":true,"href":"https:\/\/catholicus.eu\/fr\/wp-json\/wp\/v2\/comments?post=2007"}],"version-history":[{"count":1,"href":"https:\/\/catholicus.eu\/fr\/wp-json\/wp\/v2\/posts\/2007\/revisions"}],"predecessor-version":[{"id":2009,"href":"https:\/\/catholicus.eu\/fr\/wp-json\/wp\/v2\/posts\/2007\/revisions\/2009"}],"wp:featuredmedia":[{"embeddable":true,"href":"https:\/\/catholicus.eu\/fr\/wp-json\/wp\/v2\/media\/2008"}],"wp:attachment":[{"href":"https:\/\/catholicus.eu\/fr\/wp-json\/wp\/v2\/media?parent=2007"}],"wp:term":[{"taxonomy":"category","embeddable":true,"href":"https:\/\/catholicus.eu\/fr\/wp-json\/wp\/v2\/categories?post=2007"},{"taxonomy":"post_tag","embeddable":true,"href":"https:\/\/catholicus.eu\/fr\/wp-json\/wp\/v2\/tags?post=2007"}],"curies":[{"name":"wp","href":"https:\/\/api.w.org\/{rel}","templated":true}]}}