{"id":1787,"date":"2024-12-29T23:39:24","date_gmt":"2024-12-29T22:39:24","guid":{"rendered":"https:\/\/catholicus.eu\/fr\/?p=1787"},"modified":"2024-12-29T23:39:24","modified_gmt":"2024-12-29T22:39:24","slug":"les-saints-innocents-martyrs-de-lespoir-et-temoins-de-la-lumiere-du-christ","status":"publish","type":"post","link":"https:\/\/catholicus.eu\/fr\/les-saints-innocents-martyrs-de-lespoir-et-temoins-de-la-lumiere-du-christ\/","title":{"rendered":"Les Saints Innocents : Martyrs de l\u2019Espoir et T\u00e9moins de la Lumi\u00e8re du Christ"},"content":{"rendered":"\n<p>Le 28 d\u00e9cembre, l\u2019\u00c9glise catholique comm\u00e9more la f\u00eate des Saints Innocents, une tradition profond\u00e9ment enracin\u00e9e dans le christianisme qui invite \u00e0 r\u00e9fl\u00e9chir sur la puret\u00e9, le sacrifice et l\u2019amour de Dieu face \u00e0 la souffrance humaine. Cette date, qui peut para\u00eetre sombre au premier abord, nous offre une puissante le\u00e7on sur l\u2019esp\u00e9rance et l\u2019engagement chr\u00e9tien envers la vie et la justice. Explorons ensemble l\u2019histoire, la signification th\u00e9ologique et comment cette comm\u00e9moration peut nous inspirer dans notre vie quotidienne.<\/p>\n\n\n\n<h3 class=\"wp-block-heading\">L\u2019Histoire des Saints Innocents<\/h3>\n\n\n\n<p>La f\u00eate des Saints Innocents trouve son origine dans le r\u00e9cit biblique racont\u00e9 dans l\u2019\u00c9vangile de Matthieu (Mt 2, 16-18). H\u00e9rode le Grand, se sentant menac\u00e9 par la naissance du \u00ab\u00a0roi des Juifs\u00a0\u00bb annonc\u00e9e par les Mages d\u2019Orient, ordonna le massacre de tous les enfants m\u00e2les de moins de deux ans \u00e0 Bethl\u00e9em et dans ses environs. Bien que le nombre exact des enfants tu\u00e9s ne soit pas mentionn\u00e9, la tradition les identifie comme les premiers martyrs chr\u00e9tiens, car ils ont donn\u00e9 leur vie pour le Christ, m\u00eame sans le conna\u00eetre directement.<\/p>\n\n\n\n<p>Les pleurs des m\u00e8res et la cruaut\u00e9 d\u2019H\u00e9rode ne sont pas de simples d\u00e9tails historiques\u202f; ils r\u00e9sonnent comme l\u2019\u00e9cho des t\u00e9n\u00e8bres qui cherchent \u00e0 \u00e9teindre la lumi\u00e8re du Christ. Cependant, l\u2019histoire ne s\u2019arr\u00eate pas l\u00e0, car la naissance de J\u00e9sus au c\u0153ur de cette violence et de cette douleur devient l\u2019annonce d\u2019une esp\u00e9rance triomphant de toutes les ombres.<\/p>\n\n\n\n<h3 class=\"wp-block-heading\">La Pertinence Th\u00e9ologique des Saints Innocents<\/h3>\n\n\n\n<p>Les Saints Innocents sont consid\u00e9r\u00e9s comme des martyrs parce qu\u2019ils sont morts \u00e0 la place du Christ. Dans la tradition de l\u2019\u00c9glise, ils sont appel\u00e9s \u00ab\u202ft\u00e9moins involontaires\u202f\u00bb de l\u2019\u00c9vangile, car leur mort pr\u00e9figure le sacrifice r\u00e9dempteur de J\u00e9sus sur la croix. Cet acte de martyre rev\u00eat des implications th\u00e9ologiques profondes\u202f:<\/p>\n\n\n\n<ol class=\"wp-block-list\">\n<li><strong>La valeur de la vie humaine<\/strong> : Chaque enfant tu\u00e9 par H\u00e9rode repr\u00e9sente la dignit\u00e9 de la vie, cr\u00e9\u00e9e \u00e0 l\u2019image et \u00e0 la ressemblance de Dieu. Cette reconnaissance est un appel constant \u00e0 prot\u00e9ger et \u00e0 valoriser la vie, de la conception \u00e0 la mort naturelle.<\/li>\n\n\n\n<li><strong>La lutte contre le mal<\/strong> : H\u00e9rode symbolise les structures de p\u00e9ch\u00e9 et d\u2019oppression qui cherchent \u00e0 d\u00e9truire ce qui est bon et saint. Les Saints Innocents nous rappellent que, bien que le mal semble triompher momentan\u00e9ment, Dieu a le dernier mot.<\/li>\n\n\n\n<li><strong>La r\u00e9demption dans la souffrance<\/strong> : Bien que la souffrance des enfants et de leurs familles ait \u00e9t\u00e9 d\u00e9chirante, leur martyre s\u2019inscrit dans le plan salvifique de Dieu, transformant la douleur humaine en une source de r\u00e9demption et de gr\u00e2ce.<\/li>\n<\/ol>\n\n\n\n<h3 class=\"wp-block-heading\">Applications Pratiques dans la Vie Quotidienne<\/h3>\n\n\n\n<p>Comment int\u00e9grer les le\u00e7ons des Saints Innocents dans notre vie quotidienne\u202f? Voici quelques r\u00e9flexions pratiques\u202f:<\/p>\n\n\n\n<h4 class=\"wp-block-heading\">1. <strong>Engagement pour la d\u00e9fense de la vie<\/strong><\/h4>\n\n\n\n<p>Dans un monde o\u00f9 la dignit\u00e9 de la vie humaine est souvent ignor\u00e9e ou attaqu\u00e9e, les Saints Innocents nous appellent \u00e0 \u00eatre des d\u00e9fenseurs des plus vuln\u00e9rables\u202f: les enfants \u00e0 na\u00eetre, les pauvres, les marginalis\u00e9s et les malades. Comment pouvons-nous agir\u202f? En participant \u00e0 des initiatives qui promeuvent la vie, en soutenant des organisations qui aident les femmes en difficult\u00e9 et en \u00e9tant une voix proph\u00e9tique dans notre soci\u00e9t\u00e9.<\/p>\n\n\n\n<h4 class=\"wp-block-heading\">2. <strong>Protection des innocents autour de nous<\/strong><\/h4>\n\n\n\n<p>La figure d\u2019H\u00e9rode nous invite \u00e0 r\u00e9fl\u00e9chir sur les \u00ab\u202fH\u00e9rodes modernes\u202f\u00bb qui affectent les enfants aujourd\u2019hui\u202f: exploitation, abus, pauvret\u00e9, manque d\u2019acc\u00e8s \u00e0 l\u2019\u00e9ducation et n\u00e9gligence. En tant que chr\u00e9tiens, nous sommes appel\u00e9s \u00e0 \u00eatre les gardiens de l\u2019innocence, en veillant \u00e0 ce que les enfants de notre entourage grandissent dans un environnement d\u2019amour et de s\u00e9curit\u00e9.<\/p>\n\n\n\n<h4 class=\"wp-block-heading\">3. <strong>R\u00e9conciliation et esp\u00e9rance<\/strong><\/h4>\n\n\n\n<p>La souffrance n\u2019a pas le dernier mot. Les Saints Innocents nous enseignent que, m\u00eame au c\u0153ur de la trag\u00e9die, l\u2019esp\u00e9rance chr\u00e9tienne nous permet de voir au-del\u00e0 de la douleur. Cela nous inspire \u00e0 vivre une spiritualit\u00e9 de r\u00e9conciliation et de pardon, en recherchant la paix dans nos familles, nos communaut\u00e9s et le monde.<\/p>\n\n\n\n<h3 class=\"wp-block-heading\">R\u00e9flexion dans le Contexte Actuel<\/h3>\n\n\n\n<p>Aujourd\u2019hui, le souvenir des Saints Innocents prend une signification particuli\u00e8re. Dans un monde marqu\u00e9 par la violence, les guerres et les injustices, cette f\u00eate nous appelle \u00e0 \u00eatre des artisans de paix et \u00e0 d\u00e9fendre la dignit\u00e9 humaine. Elle nous rappelle \u00e9galement que les enfants ne sont pas seulement l\u2019avenir de la soci\u00e9t\u00e9, mais son pr\u00e9sent, et qu\u2019ils m\u00e9ritent tous nos efforts pour construire un monde meilleur.<\/p>\n\n\n\n<p>Par ailleurs, cette f\u00eate nous invite \u00e0 r\u00e9fl\u00e9chir sur la mani\u00e8re dont les d\u00e9cisions motiv\u00e9es par le pouvoir et l\u2019\u00e9go\u00efsme, comme celles d\u2019H\u00e9rode, peuvent avoir des cons\u00e9quences d\u00e9vastatrices. Elle nous met au d\u00e9fi d\u2019\u00eatre des leaders et des citoyens qui agissent avec justice, compassion et responsabilit\u00e9.<\/p>\n\n\n\n<h3 class=\"wp-block-heading\">Une F\u00eate de l\u2019Espoir<\/h3>\n\n\n\n<p>Bien que les Saints Innocents nous confrontent \u00e0 la r\u00e9alit\u00e9 de la souffrance et de l\u2019injustice, ils sont aussi un t\u00e9moignage de la victoire du Christ sur les t\u00e9n\u00e8bres. Leur m\u00e9moire nous pousse \u00e0 \u00eatre porteurs d\u2019esp\u00e9rance et de lumi\u00e8re, surtout en des temps difficiles. Tout comme les Saints Innocents ont donn\u00e9 leur vie pour l\u2019Enfant J\u00e9sus, nous sommes appel\u00e9s \u00e0 t\u00e9moigner de notre foi \u00e0 travers des actes concrets d\u2019amour, de justice et de mis\u00e9ricorde.<\/p>\n\n\n\n<p>Que la comm\u00e9moration des Saints Innocents nous inspire \u00e0 valoriser la vie, \u00e0 prot\u00e9ger les plus vuln\u00e9rables et \u00e0 vivre avec l\u2019esp\u00e9rance que, dans le Christ, toute souffrance peut \u00eatre transform\u00e9e en r\u00e9demption. En leur m\u00e9moire, et en l\u2019honneur de leur sacrifice, engageons-nous \u00e0 \u00eatre des instruments de paix dans nos foyers, nos communaut\u00e9s et le monde.<\/p>\n\n\n\n<p><strong>\u00ab\u202fSeigneur, par l\u2019intercession des Saints Innocents, donne-nous un c\u0153ur humble, courageux et compatissant, afin que nous soyons t\u00e9moins de ton amour dans ce monde. Amen.\u202f\u00bb<\/strong><\/p>\n","protected":false},"excerpt":{"rendered":"<p>Le 28 d\u00e9cembre, l\u2019\u00c9glise catholique comm\u00e9more la f\u00eate des Saints Innocents, une tradition profond\u00e9ment enracin\u00e9e dans le christianisme qui invite \u00e0 r\u00e9fl\u00e9chir sur la puret\u00e9, le sacrifice et l\u2019amour de Dieu face \u00e0 la souffrance humaine. Cette date, qui peut para\u00eetre sombre au premier abord, nous offre une puissante le\u00e7on sur l\u2019esp\u00e9rance et l\u2019engagement chr\u00e9tien &hellip;<\/p>\n","protected":false},"author":3,"featured_media":1788,"comment_status":"open","ping_status":"open","sticky":false,"template":"","format":"standard","meta":{"_seopress_robots_primary_cat":"","_seopress_titles_title":"","_seopress_titles_desc":"","_seopress_robots_index":"","footnotes":""},"categories":[40,61],"tags":[400],"class_list":["post-1787","post","type-post","status-publish","format-standard","has-post-thumbnail","","category-priere-et-spiritualite","category-saints-et-calendrier-liturgique","tag-saints-innocents"],"_links":{"self":[{"href":"https:\/\/catholicus.eu\/fr\/wp-json\/wp\/v2\/posts\/1787","targetHints":{"allow":["GET"]}}],"collection":[{"href":"https:\/\/catholicus.eu\/fr\/wp-json\/wp\/v2\/posts"}],"about":[{"href":"https:\/\/catholicus.eu\/fr\/wp-json\/wp\/v2\/types\/post"}],"author":[{"embeddable":true,"href":"https:\/\/catholicus.eu\/fr\/wp-json\/wp\/v2\/users\/3"}],"replies":[{"embeddable":true,"href":"https:\/\/catholicus.eu\/fr\/wp-json\/wp\/v2\/comments?post=1787"}],"version-history":[{"count":1,"href":"https:\/\/catholicus.eu\/fr\/wp-json\/wp\/v2\/posts\/1787\/revisions"}],"predecessor-version":[{"id":1789,"href":"https:\/\/catholicus.eu\/fr\/wp-json\/wp\/v2\/posts\/1787\/revisions\/1789"}],"wp:featuredmedia":[{"embeddable":true,"href":"https:\/\/catholicus.eu\/fr\/wp-json\/wp\/v2\/media\/1788"}],"wp:attachment":[{"href":"https:\/\/catholicus.eu\/fr\/wp-json\/wp\/v2\/media?parent=1787"}],"wp:term":[{"taxonomy":"category","embeddable":true,"href":"https:\/\/catholicus.eu\/fr\/wp-json\/wp\/v2\/categories?post=1787"},{"taxonomy":"post_tag","embeddable":true,"href":"https:\/\/catholicus.eu\/fr\/wp-json\/wp\/v2\/tags?post=1787"}],"curies":[{"name":"wp","href":"https:\/\/api.w.org\/{rel}","templated":true}]}}