{"id":1732,"date":"2024-12-13T00:31:01","date_gmt":"2024-12-12T23:31:01","guid":{"rendered":"https:\/\/catholicus.eu\/fr\/?p=1732"},"modified":"2024-12-13T00:31:01","modified_gmt":"2024-12-12T23:31:01","slug":"saint-jean-baptiste-le-prophete-qui-prepara-le-chemin-du-seigneur","status":"publish","type":"post","link":"https:\/\/catholicus.eu\/fr\/saint-jean-baptiste-le-prophete-qui-prepara-le-chemin-du-seigneur\/","title":{"rendered":"Saint Jean-Baptiste : Le Proph\u00e8te qui Pr\u00e9para le Chemin du Seigneur"},"content":{"rendered":"\n<p>Dans la riche histoire du salut, peu de figures ont jou\u00e9 un r\u00f4le aussi fondamental que celui de Saint Jean-Baptiste. Sa vie et son message marqu\u00e8rent non seulement le d\u00e9but d\u2019un nouveau chapitre dans l\u2019histoire du peuple de Dieu, mais offrent \u00e9galement une guidance spirituelle profonde et pertinente pour les chr\u00e9tiens d\u2019aujourd\u2019hui. R\u00e9fl\u00e9chir sur Saint Jean-Baptiste, c\u2019est r\u00e9pondre \u00e0 l\u2019appel \u00e0 l\u2019humilit\u00e9, \u00e0 la repentance et \u00e0 la pr\u00e9paration constante pour accueillir le Seigneur.<\/p>\n\n\n\n<h3 class=\"wp-block-heading\"><strong>La vie de Saint Jean-Baptiste : Un pont entre l\u2019Ancien et le Nouveau Testament<\/strong><\/h3>\n\n\n\n<p>Saint Jean-Baptiste occupe une place unique dans les \u00c9critures en tant que proph\u00e8te qui cl\u00f4t l\u2019Ancien Testament et annonce l\u2019accomplissement des promesses messianiques en J\u00e9sus-Christ. N\u00e9 de Zacharie et d&rsquo;\u00c9lisabeth, tous deux issus de la lign\u00e9e sacerdotale, Jean fut un don miraculeux pour des parents qui avaient perdu l\u2019espoir d\u2019avoir un enfant (Luc 1,5-25).<\/p>\n\n\n\n<p>D\u00e8s sa conception, sa vie fut marqu\u00e9e par l\u2019intervention divine. Dans le sein de sa m\u00e8re, Jean tressaillit de joie \u00e0 l\u2019\u00e9coute de la voix de Marie, qui avait con\u00e7u J\u00e9sus par l\u2019Esprit Saint (Luc 1,39-45). Cet \u00e9v\u00e9nement souligne non seulement sa proximit\u00e9 avec le Messie, mais aussi son r\u00f4le de pr\u00e9curseur, d\u00e9j\u00e0 annonc\u00e9 par le proph\u00e8te Isa\u00efe : \u00ab Une voix crie dans le d\u00e9sert : Pr\u00e9parez le chemin du Seigneur, aplanissez ses sentiers \u00bb (Isa\u00efe 40,3).<\/p>\n\n\n\n<p>Jean v\u00e9cut une vie aust\u00e8re dans le d\u00e9sert, v\u00eatu de poils de chameau et se nourrissant de sauterelles et de miel sauvage (Matthieu 3,4). Ce mode de vie n\u2019\u00e9tait pas un simple caprice, mais un signe de sa totale cons\u00e9cration \u00e0 Dieu et de son message radical de conversion.<\/p>\n\n\n\n<h3 class=\"wp-block-heading\"><strong>Le message de Jean : Repentance et pr\u00e9paration<\/strong><\/h3>\n\n\n\n<p>La pr\u00e9dication de Jean-Baptiste tournait autour d\u2019un puissant appel \u00e0 la repentance : \u00ab Repentez-vous, car le royaume des cieux est proche \u00bb (Matthieu 3,2). Dans le contexte juif de son \u00e9poque, ce message r\u00e9sonnait profond\u00e9ment, car les proph\u00e8tes avaient parl\u00e9 \u00e0 plusieurs reprises du Jour du Seigneur, un temps de jugement et de restauration.<\/p>\n\n\n\n<p>Jean invitait les gens \u00e0 confesser leurs p\u00e9ch\u00e9s et \u00e0 recevoir un bapt\u00eame comme signe ext\u00e9rieur de leur disposition int\u00e9rieure \u00e0 changer de vie. Mais au-del\u00e0 d\u2019un simple rituel, le bapt\u00eame de Jean symbolisait une pr\u00e9paration \u00e0 accueillir le Messie. Son message \u00e9tait clair : il ne suffisait pas d\u2019appartenir au peuple \u00e9lu ; il fallait porter des fruits dignes de repentance (Luc 3,7-9).<\/p>\n\n\n\n<p>Ce message reste pertinent aujourd\u2019hui. La conversion n\u2019est pas un \u00e9v\u00e9nement unique, mais un processus continu de transformation int\u00e9rieure. Saint Jean-Baptiste nous rappelle de rester vigilants et pr\u00eats \u00e0 abandonner nos anciennes mani\u00e8res de penser et d\u2019agir pour embrasser pleinement le Christ dans nos vies.<\/p>\n\n\n\n<h3 class=\"wp-block-heading\"><strong>L\u2019humilit\u00e9 de Jean : Une le\u00e7on pour le disciple<\/strong><\/h3>\n\n\n\n<p>L\u2019un des aspects les plus remarquables de Saint Jean-Baptiste est sa profonde humilit\u00e9. Bien qu\u2019il soit consid\u00e9r\u00e9 comme un grand proph\u00e8te et qu\u2019il ait attir\u00e9 des foules, Jean a toujours d\u00e9sign\u00e9 le Christ comme le centre de sa mission : \u00ab Je ne suis pas le Christ, mais j\u2019ai \u00e9t\u00e9 envoy\u00e9 devant lui \u00bb (Jean 3,28).<\/p>\n\n\n\n<p>Lorsque J\u00e9sus s\u2019approcha pour \u00eatre baptis\u00e9, Jean r\u00e9sista d\u2019abord, disant : \u00ab C\u2019est moi qui ai besoin d\u2019\u00eatre baptis\u00e9 par toi, et toi, tu viens \u00e0 moi ? \u00bb (Matthieu 3,14). Ce geste r\u00e9v\u00e8le sa conscience de la saintet\u00e9 du Christ et de sa place en tant que serviteur.<\/p>\n\n\n\n<p>L\u2019humilit\u00e9 de Jean culmine dans sa c\u00e9l\u00e8bre d\u00e9claration : \u00ab Il faut qu\u2019il croisse et que je diminue \u00bb (Jean 3,30). Ces paroles r\u00e9sument l\u2019essence de tout discipolat chr\u00e9tien : reconna\u00eetre que notre vie trouve son accomplissement lorsque nous permettons au Christ de prendre la premi\u00e8re place.<\/p>\n\n\n\n<h3 class=\"wp-block-heading\"><strong>Saint Jean-Baptiste aujourd\u2019hui : Un mod\u00e8le pour les chr\u00e9tiens modernes<\/strong><\/h3>\n\n\n\n<p>Dans un monde qui valorise le succ\u00e8s personnel, l\u2019affirmation de soi et la qu\u00eate de reconnaissance, la figure de Saint Jean-Baptiste offre un contrepoids radical. Sa vie nous invite \u00e0 :<\/p>\n\n\n\n<ol class=\"wp-block-list\">\n<li><strong>Vivre dans la v\u00e9rit\u00e9 :<\/strong> Jean n\u2019a pas eu peur de d\u00e9noncer l\u2019injustice, m\u00eame lorsque cela lui a co\u00fbt\u00e9 la vie, en affrontant H\u00e9rode au sujet de sa relation immorale avec H\u00e9rodiade (Matthieu 14,3-12). Aujourd\u2019hui, les chr\u00e9tiens sont appel\u00e9s \u00e0 \u00eatre t\u00e9moins de la v\u00e9rit\u00e9 dans un monde qui relativise souvent les valeurs morales.<\/li>\n\n\n\n<li><strong>Pratiquer l\u2019humilit\u00e9 :<\/strong> Reconna\u00eetre que tout ce que nous avons et ce que nous sommes vient de Dieu nous lib\u00e8re de l\u2019orgueil et nous permet de vivre dans la gratitude et le service.<\/li>\n\n\n\n<li><strong>Pr\u00e9parer le chemin pour les autres :<\/strong> Tout comme Jean a pr\u00e9par\u00e9 le chemin pour le Christ, nous sommes appel\u00e9s \u00e0 \u00eatre des instruments pour aider les autres \u00e0 se rapprocher de lui. Cela peut signifier guider nos enfants dans la foi, accompagner un ami en crise ou simplement vivre de mani\u00e8re coh\u00e9rente avec l\u2019\u00c9vangile.<\/li>\n\n\n\n<li><strong>Rester vigilants :<\/strong> L\u2019attente active du Messie ne s\u2019est pas termin\u00e9e avec la premi\u00e8re venue du Christ. En tant que chr\u00e9tiens, nous continuons \u00e0 attendre son retour glorieux et sommes appel\u00e9s \u00e0 vivre avec esp\u00e9rance et pr\u00e9paration constante.<\/li>\n<\/ol>\n\n\n\n<h3 class=\"wp-block-heading\"><strong>Saint Jean-Baptiste et la joie de l\u2019\u00c9vangile<\/strong><\/h3>\n\n\n\n<p>Le Pape Fran\u00e7ois, dans son encyclique <em>Evangelii Gaudium<\/em>, nous rappelle que la joie de l\u2019\u00c9vangile doit \u00eatre le signe distinctif de notre foi. Bien que le message de Jean-Baptiste soit souvent per\u00e7u comme s\u00e9v\u00e8re, il est aussi empreint d\u2019esp\u00e9rance et de joie. Son appel \u00e0 la repentance n\u2019est pas une condamnation, mais une invitation \u00e0 une vie nouvelle dans le Christ.<\/p>\n\n\n\n<p>R\u00e9fl\u00e9chir sur Saint Jean-Baptiste nous enseigne que la v\u00e9ritable joie na\u00eet lorsque nous pla\u00e7ons Dieu au centre de notre vie et vivons pour sa gloire. En lui, nous trouvons un mod\u00e8le de courage, d\u2019humilit\u00e9 et de fid\u00e9lit\u00e9 qui peut nous inspirer \u00e0 affronter les d\u00e9fis de notre vie quotidienne avec foi et confiance.<\/p>\n\n\n\n<h3 class=\"wp-block-heading\"><strong>Conclusion : Pr\u00e9parer le chemin dans notre vie quotidienne<\/strong><\/h3>\n\n\n\n<p>Saint Jean-Baptiste nous invite \u00e0 examiner notre propre vie : Pr\u00e9parons-nous le chemin pour que le Christ entre pleinement dans notre c\u0153ur ? Sommes-nous pr\u00eats \u00e0 renoncer \u00e0 nos conforts et \u00e0 notre \u00e9go\u00efsme pour le suivre avec plus d\u2019authenticit\u00e9 ?<\/p>\n\n\n\n<p>En adoptant l\u2019attitude de Jean-Baptiste, nous pouvons transformer notre vie et \u00eatre une lumi\u00e8re pour les autres. Comme lui, soyons pr\u00eats \u00e0 proclamer : \u00ab Voici l\u2019Agneau de Dieu, qui enl\u00e8ve le p\u00e9ch\u00e9 du monde \u00bb (Jean 1,29). Que son exemple nous inspire \u00e0 vivre avec courage, humilit\u00e9 et joie, toujours pr\u00eats pour la rencontre avec le Seigneur.<\/p>\n","protected":false},"excerpt":{"rendered":"<p>Dans la riche histoire du salut, peu de figures ont jou\u00e9 un r\u00f4le aussi fondamental que celui de Saint Jean-Baptiste. Sa vie et son message marqu\u00e8rent non seulement le d\u00e9but d\u2019un nouveau chapitre dans l\u2019histoire du peuple de Dieu, mais offrent \u00e9galement une guidance spirituelle profonde et pertinente pour les chr\u00e9tiens d\u2019aujourd\u2019hui. R\u00e9fl\u00e9chir sur Saint &hellip;<\/p>\n","protected":false},"author":3,"featured_media":1733,"comment_status":"open","ping_status":"open","sticky":false,"template":"","format":"standard","meta":{"_seopress_robots_primary_cat":"","_seopress_titles_title":"","_seopress_titles_desc":"","_seopress_robots_index":"","footnotes":""},"categories":[40,61],"tags":[384],"class_list":["post-1732","post","type-post","status-publish","format-standard","has-post-thumbnail","","category-priere-et-spiritualite","category-saints-et-calendrier-liturgique","tag-saint-jean-baptiste"],"_links":{"self":[{"href":"https:\/\/catholicus.eu\/fr\/wp-json\/wp\/v2\/posts\/1732","targetHints":{"allow":["GET"]}}],"collection":[{"href":"https:\/\/catholicus.eu\/fr\/wp-json\/wp\/v2\/posts"}],"about":[{"href":"https:\/\/catholicus.eu\/fr\/wp-json\/wp\/v2\/types\/post"}],"author":[{"embeddable":true,"href":"https:\/\/catholicus.eu\/fr\/wp-json\/wp\/v2\/users\/3"}],"replies":[{"embeddable":true,"href":"https:\/\/catholicus.eu\/fr\/wp-json\/wp\/v2\/comments?post=1732"}],"version-history":[{"count":1,"href":"https:\/\/catholicus.eu\/fr\/wp-json\/wp\/v2\/posts\/1732\/revisions"}],"predecessor-version":[{"id":1734,"href":"https:\/\/catholicus.eu\/fr\/wp-json\/wp\/v2\/posts\/1732\/revisions\/1734"}],"wp:featuredmedia":[{"embeddable":true,"href":"https:\/\/catholicus.eu\/fr\/wp-json\/wp\/v2\/media\/1733"}],"wp:attachment":[{"href":"https:\/\/catholicus.eu\/fr\/wp-json\/wp\/v2\/media?parent=1732"}],"wp:term":[{"taxonomy":"category","embeddable":true,"href":"https:\/\/catholicus.eu\/fr\/wp-json\/wp\/v2\/categories?post=1732"},{"taxonomy":"post_tag","embeddable":true,"href":"https:\/\/catholicus.eu\/fr\/wp-json\/wp\/v2\/tags?post=1732"}],"curies":[{"name":"wp","href":"https:\/\/api.w.org\/{rel}","templated":true}]}}