{"id":1711,"date":"2024-12-09T21:48:09","date_gmt":"2024-12-09T20:48:09","guid":{"rendered":"https:\/\/catholicus.eu\/fr\/?p=1711"},"modified":"2024-12-09T21:48:09","modified_gmt":"2024-12-09T20:48:09","slug":"le-cierge-pascal-lumiere-du-christ-pour-le-monde","status":"publish","type":"post","link":"https:\/\/catholicus.eu\/fr\/le-cierge-pascal-lumiere-du-christ-pour-le-monde\/","title":{"rendered":"Le Cierge Pascal : Lumi\u00e8re du Christ pour le Monde"},"content":{"rendered":"\n<p>Le cierge pascal est l\u2019un des symboles les plus profonds et les plus riches de sens dans la liturgie catholique. Ce grand cierge, allum\u00e9 pendant la Vigile Pascale, n\u2019est pas un simple \u00e9l\u00e9ment d\u00e9coratif. Il repr\u00e9sente le Christ ressuscit\u00e9, la Lumi\u00e8re du monde, qui triomphe des t\u00e9n\u00e8bres du p\u00e9ch\u00e9 et de la mort. Dans cet article, nous explorerons son histoire, sa signification th\u00e9ologique et comment ce symbole peut inspirer et guider notre vie quotidienne en tant que croyants.<\/p>\n\n\n\n<hr class=\"wp-block-separator has-alpha-channel-opacity\"\/>\n\n\n\n<h2 class=\"wp-block-heading\"><strong>L\u2019origine du cierge pascal<\/strong><\/h2>\n\n\n\n<p>La tradition du cierge pascal remonte aux premiers si\u00e8cles du christianisme. \u00c0 une \u00e9poque o\u00f9 les communaut\u00e9s chr\u00e9tiennes c\u00e9l\u00e9braient P\u00e2ques apr\u00e8s la tomb\u00e9e de la nuit, le feu et la lumi\u00e8re \u00e9taient utilis\u00e9s pour symboliser le triomphe du Christ sur les t\u00e9n\u00e8bres. Ce rituel initial s\u2019est transform\u00e9 au fil du temps en la b\u00e9n\u00e9diction du feu nouveau et l\u2019allumage du cierge, devenu un \u00e9l\u00e9ment central de la Vigile Pascale.<\/p>\n\n\n\n<p>L\u2019usage sp\u00e9cifique d\u2019un grand cierge remonte au IV\u1d49 si\u00e8cle, lorsque saint Ambroise de Milan et d\u2019autres P\u00e8res de l\u2019\u00c9glise l\u2019ont mentionn\u00e9 dans le cadre de la liturgie pascale. L\u2019introduction de l\u2019<strong>\u00ab\u00a0Exsultet\u00a0\u00bb<\/strong>, hymne proclam\u00e9 lors de l\u2019allumage du cierge pascal, a renforc\u00e9 son r\u00f4le central dans la c\u00e9l\u00e9bration de P\u00e2ques.<\/p>\n\n\n\n<hr class=\"wp-block-separator has-alpha-channel-opacity\"\/>\n\n\n\n<h2 class=\"wp-block-heading\"><strong>Le symbolisme du cierge pascal<\/strong><\/h2>\n\n\n\n<p>Le cierge pascal regorge de symboles qui nous rappellent qui est le Christ et ce qu\u2019Il a fait pour nous :<\/p>\n\n\n\n<ol class=\"wp-block-list\">\n<li><strong>Lumi\u00e8re qui chasse les t\u00e9n\u00e8bres<\/strong> : Le feu du cierge pascal, allum\u00e9 \u00e0 partir du feu nouveau, symbolise la lumi\u00e8re du Christ qui dissipe les t\u00e9n\u00e8bres du p\u00e9ch\u00e9 et de la mort. Au d\u00e9but de la Vigile Pascale, l\u2019\u00e9glise plong\u00e9e dans l\u2019obscurit\u00e9 s\u2019illumine progressivement \u00e0 mesure que la lumi\u00e8re du cierge est partag\u00e9e avec les fid\u00e8les. Ce geste est une repr\u00e9sentation visuelle de la fa\u00e7on dont la r\u00e9surrection du Christ apporte l\u2019esp\u00e9rance au monde.<\/li>\n\n\n\n<li><strong>La croix et les clous<\/strong> : Le cierge est souvent orn\u00e9 d\u2019une croix grav\u00e9e, accompagn\u00e9e des lettres grecques Alpha (\u0391) et Om\u00e9ga (\u03a9), symbolisant le commencement et la fin, comme indiqu\u00e9 dans l\u2019Apocalypse (Ap 22,13). Cinq grains d\u2019encens y sont ins\u00e9r\u00e9s, repr\u00e9sentant les cinq plaies du Christ sur la croix.<\/li>\n\n\n\n<li><strong>L\u2019ann\u00e9e en cours<\/strong> : L\u2019ann\u00e9e est grav\u00e9e sur le cierge, nous rappelant que le salut du Christ est \u00e0 la fois actuel et \u00e9ternel. Ce n\u2019est pas un \u00e9v\u00e9nement historique lointain, mais une r\u00e9alit\u00e9 pr\u00e9sente qui transforme nos vies ici et maintenant.<\/li>\n<\/ol>\n\n\n\n<hr class=\"wp-block-separator has-alpha-channel-opacity\"\/>\n\n\n\n<h2 class=\"wp-block-heading\"><strong>Signification th\u00e9ologique<\/strong><\/h2>\n\n\n\n<p>Le cierge pascal ne se contente pas de nous rappeler l\u2019\u00e9v\u00e9nement central de notre foi \u2013 la R\u00e9surrection du Christ \u2013 il nous invite \u00e9galement \u00e0 r\u00e9fl\u00e9chir sur notre propre vie en tant que chr\u00e9tiens :<\/p>\n\n\n\n<ol class=\"wp-block-list\">\n<li><strong>Le Christ comme Lumi\u00e8re<\/strong> : Dans un monde souvent plong\u00e9 dans les t\u00e9n\u00e8bres du p\u00e9ch\u00e9, le cierge pascal nous rappelle que le Christ est notre guide, notre phare au milieu des temp\u00eates de la vie. Comme Il l\u2019a dit Lui-m\u00eame : \u00ab Je suis la lumi\u00e8re du monde ; celui qui me suit ne marchera pas dans les t\u00e9n\u00e8bres, mais il aura la lumi\u00e8re de la vie \u00bb (Jn 8,12).<\/li>\n\n\n\n<li><strong>La victoire sur la mort<\/strong> : Chaque fois que nous voyons le cierge pascal, en particulier lors des bapt\u00eames et des fun\u00e9railles, il nous rappelle que la R\u00e9surrection n\u2019est pas seulement un \u00e9v\u00e9nement pass\u00e9, mais notre esp\u00e9rance future. En Christ, la mort n\u2019a pas le dernier mot.<\/li>\n\n\n\n<li><strong>Communion et mission<\/strong> : Lorsque nous partageons la lumi\u00e8re du cierge pascal pendant la Vigile, nous nous engageons \u00e0 porter cette lumi\u00e8re aux autres. Nous ne pouvons pas garder la lumi\u00e8re du Christ pour nous-m\u00eames ; nous sommes appel\u00e9s \u00e0 \u00eatre porteurs de cette lumi\u00e8re dans le monde.<\/li>\n<\/ol>\n\n\n\n<hr class=\"wp-block-separator has-alpha-channel-opacity\"\/>\n\n\n\n<h2 class=\"wp-block-heading\"><strong>Le cierge pascal dans la vie quotidienne<\/strong><\/h2>\n\n\n\n<p>Comment appliquer le symbolisme du cierge pascal dans notre vie de tous les jours ? Voici quelques r\u00e9flexions pratiques :<\/p>\n\n\n\n<ol class=\"wp-block-list\">\n<li><strong>\u00catre une lumi\u00e8re pour les autres<\/strong> : Tout comme le cierge illumine l\u2019\u00e9glise, nous sommes appel\u00e9s \u00e0 illuminer notre entourage par des actes d\u2019amour, de justice et de v\u00e9rit\u00e9. Posez-vous cette question chaque jour : Comment puis-je \u00eatre une lumi\u00e8re pour quelqu\u2019un aujourd\u2019hui ?<\/li>\n\n\n\n<li><strong>Raviver notre foi<\/strong> : Comme la flamme du cierge qui br\u00fble intens\u00e9ment, notre foi a besoin d\u2019\u00eatre nourrie. Participer \u00e0 l\u2019Eucharistie, lire la Parole de Dieu et consacrer du temps \u00e0 la pri\u00e8re sont des moyens de maintenir vivante notre relation avec le Christ.<\/li>\n\n\n\n<li><strong>Vivre P\u00e2ques toute l\u2019ann\u00e9e<\/strong> : Bien que le cierge pascal soit allum\u00e9 solennellement pendant la Vigile et durant le temps pascal, son message est permanent. Chaque jour, nous pouvons nous souvenir que nous sommes ressuscit\u00e9s avec le Christ, appel\u00e9s \u00e0 une vie nouvelle.<\/li>\n<\/ol>\n\n\n\n<hr class=\"wp-block-separator has-alpha-channel-opacity\"\/>\n\n\n\n<h2 class=\"wp-block-heading\"><strong>Conclusion<\/strong><\/h2>\n\n\n\n<p>Le cierge pascal est bien plus qu\u2019un objet liturgique. Il est un puissant rappel que le Christ, notre Lumi\u00e8re, est toujours pr\u00e9sent, nous guidant et nous remplissant d\u2019esp\u00e9rance. \u00c0 chaque Vigile Pascale, \u00e0 chaque bapt\u00eame et \u00e0 chaque fun\u00e9railles, sa lumi\u00e8re nous appelle \u00e0 vivre en enfants de lumi\u00e8re (Ep 5,8).<\/p>\n\n\n\n<p>Que le cierge pascal nous inspire \u00e0 laisser la lumi\u00e8re du Christ briller en nous et \u00e0 la partager avec le monde, en nous souvenant toujours qu\u2019en Christ, les t\u00e9n\u00e8bres n\u2019auront jamais le dernier mot. Ainsi, \u00e0 la fin de notre vie, nous pourrons nous joindre \u00e0 Lui dans la Lumi\u00e8re \u00e9ternelle.<\/p>\n","protected":false},"excerpt":{"rendered":"<p>Le cierge pascal est l\u2019un des symboles les plus profonds et les plus riches de sens dans la liturgie catholique. Ce grand cierge, allum\u00e9 pendant la Vigile Pascale, n\u2019est pas un simple \u00e9l\u00e9ment d\u00e9coratif. Il repr\u00e9sente le Christ ressuscit\u00e9, la Lumi\u00e8re du monde, qui triomphe des t\u00e9n\u00e8bres du p\u00e9ch\u00e9 et de la mort. Dans cet &hellip;<\/p>\n","protected":false},"author":3,"featured_media":1712,"comment_status":"open","ping_status":"open","sticky":false,"template":"","format":"standard","meta":{"_seopress_robots_primary_cat":"","_seopress_titles_title":"","_seopress_titles_desc":"","_seopress_robots_index":"","footnotes":""},"categories":[38,52],"tags":[376],"class_list":["post-1711","post","type-post","status-publish","format-standard","has-post-thumbnail","","category-histoire-et-tradition","category-liturgie-et-annee-liturgique","tag-cierge-pascal"],"_links":{"self":[{"href":"https:\/\/catholicus.eu\/fr\/wp-json\/wp\/v2\/posts\/1711","targetHints":{"allow":["GET"]}}],"collection":[{"href":"https:\/\/catholicus.eu\/fr\/wp-json\/wp\/v2\/posts"}],"about":[{"href":"https:\/\/catholicus.eu\/fr\/wp-json\/wp\/v2\/types\/post"}],"author":[{"embeddable":true,"href":"https:\/\/catholicus.eu\/fr\/wp-json\/wp\/v2\/users\/3"}],"replies":[{"embeddable":true,"href":"https:\/\/catholicus.eu\/fr\/wp-json\/wp\/v2\/comments?post=1711"}],"version-history":[{"count":1,"href":"https:\/\/catholicus.eu\/fr\/wp-json\/wp\/v2\/posts\/1711\/revisions"}],"predecessor-version":[{"id":1713,"href":"https:\/\/catholicus.eu\/fr\/wp-json\/wp\/v2\/posts\/1711\/revisions\/1713"}],"wp:featuredmedia":[{"embeddable":true,"href":"https:\/\/catholicus.eu\/fr\/wp-json\/wp\/v2\/media\/1712"}],"wp:attachment":[{"href":"https:\/\/catholicus.eu\/fr\/wp-json\/wp\/v2\/media?parent=1711"}],"wp:term":[{"taxonomy":"category","embeddable":true,"href":"https:\/\/catholicus.eu\/fr\/wp-json\/wp\/v2\/categories?post=1711"},{"taxonomy":"post_tag","embeddable":true,"href":"https:\/\/catholicus.eu\/fr\/wp-json\/wp\/v2\/tags?post=1711"}],"curies":[{"name":"wp","href":"https:\/\/api.w.org\/{rel}","templated":true}]}}