{"id":1615,"date":"2024-11-30T11:37:30","date_gmt":"2024-11-30T10:37:30","guid":{"rendered":"https:\/\/catholicus.eu\/fr\/?p=1615"},"modified":"2024-11-30T11:37:30","modified_gmt":"2024-11-30T10:37:30","slug":"carmelites-histoire-spiritualite-et-pertinence-contemporaine","status":"publish","type":"post","link":"https:\/\/catholicus.eu\/fr\/carmelites-histoire-spiritualite-et-pertinence-contemporaine\/","title":{"rendered":"Carm\u00e9lites : Histoire, Spiritualit\u00e9 et Pertinence Contemporaine"},"content":{"rendered":"\n<p>Les Carm\u00e9lites, l&rsquo;un des ordres les plus anciens et les plus significatifs de l&rsquo;\u00c9glise catholique, offrent une richesse spirituelle qui reste profond\u00e9ment pertinente aujourd&rsquo;hui. Cette communaut\u00e9 religieuse, n\u00e9e sur le Mont Carmel, nous relie non seulement \u00e0 nos racines bibliques, mais nous invite \u00e9galement \u00e0 cultiver une relation plus intime avec Dieu par la pri\u00e8re, le silence et la contemplation. Cet article explore l&rsquo;histoire, la th\u00e9ologie et la spiritualit\u00e9 des Carm\u00e9lites, tout en mettant en lumi\u00e8re comment leurs enseignements peuvent \u00eatre appliqu\u00e9s dans la vie quotidienne des chr\u00e9tiens d&rsquo;aujourd&rsquo;hui.<\/p>\n\n\n\n<hr class=\"wp-block-separator has-alpha-channel-opacity\"\/>\n\n\n\n<h2 class=\"wp-block-heading\"><strong>Un voyage au Mont Carmel : Les origines des Carm\u00e9lites<\/strong><\/h2>\n\n\n\n<p>L&rsquo;histoire des Carm\u00e9lites commence sur le Mont Carmel, un lieu charg\u00e9 de symbolisme biblique. Ce mont, situ\u00e9 en Terre Sainte, fut le foyer du proph\u00e8te \u00c9lie, une figure centrale dans la tradition carm\u00e9litaine. \u00c9lie, un homme de foi profonde et de z\u00e8le pour le Seigneur, v\u00e9cut une vie de pri\u00e8re et de solitude, devenant le mod\u00e8le spirituel des premiers ermites qui s&rsquo;y install\u00e8rent au XIIe si\u00e8cle.<\/p>\n\n\n\n<p>Ces premiers Carmes \u00e9taient des p\u00e8lerins europ\u00e9ens inspir\u00e9s par l&rsquo;esprit d&rsquo;\u00c9lie et de Marie, la Vierge du Carmel. Ils adopt\u00e8rent une vie de pri\u00e8re, de pauvret\u00e9 et de service. En 1247, l&rsquo;ordre re\u00e7ut l&rsquo;approbation officielle de l&rsquo;\u00c9glise, se transformant en une communaut\u00e9 mendiante qui combinait la vie contemplative avec l&rsquo;apostolat actif.<\/p>\n\n\n\n<hr class=\"wp-block-separator has-alpha-channel-opacity\"\/>\n\n\n\n<h2 class=\"wp-block-heading\"><strong>La spiritualit\u00e9 carm\u00e9litaine : Un chemin vers l\u2019union avec Dieu<\/strong><\/h2>\n\n\n\n<p>Au c\u0153ur de la spiritualit\u00e9 carm\u00e9litaine se trouve la qu\u00eate de l&rsquo;union avec Dieu. Cet id\u00e9al se r\u00e9alise par la pri\u00e8re, le silence et la contemplation, des \u00e9l\u00e9ments essentiels de la vie chr\u00e9tienne que les Carm\u00e9lites ont soigneusement cultiv\u00e9s au fil des si\u00e8cles.<\/p>\n\n\n\n<h3 class=\"wp-block-heading\"><strong>La pri\u00e8re comme relation personnelle<\/strong><\/h3>\n\n\n\n<p>Pour les Carm\u00e9lites, la pri\u00e8re n&rsquo;est pas seulement un devoir, mais une rencontre personnelle et transformante avec Dieu. Sainte Th\u00e9r\u00e8se de J\u00e9sus, l&rsquo;une des figures les plus \u00e9minentes de l&rsquo;ordre, d\u00e9crivait la pri\u00e8re comme \u00ab\u00a0un \u00e9change d&rsquo;amiti\u00e9, se retrouvant souvent seul \u00e0 seul avec Celui dont nous savons qu&rsquo;Il nous aime\u00a0\u00bb. Cette d\u00e9finition invite les chr\u00e9tiens \u00e0 rechercher des moments d&rsquo;intimit\u00e9 avec Dieu au milieu des pr\u00e9occupations quotidiennes.<\/p>\n\n\n\n<h3 class=\"wp-block-heading\"><strong>Le silence : Une voie vers l\u2019\u00e9coute int\u00e9rieure<\/strong><\/h3>\n\n\n\n<p>Dans un monde satur\u00e9 de bruit et de distractions, le silence carm\u00e9litain nous rappelle l&rsquo;importance de cr\u00e9er des espaces pour entendre la voix de Dieu. Ce silence n&rsquo;est pas vide, mais rempli de pr\u00e9sence divine, une pratique qui nous aide \u00e0 discerner Sa volont\u00e9 et \u00e0 ressentir Son amour.<\/p>\n\n\n\n<h3 class=\"wp-block-heading\"><strong>La contemplation : Voir Dieu en toutes choses<\/strong><\/h3>\n\n\n\n<p>La contemplation, selon les Carm\u00e9lites, est le fruit d&rsquo;une vie de pri\u00e8re et de silence. C&rsquo;est un \u00e9tat o\u00f9 l&rsquo;\u00e2me s&rsquo;ouvre totalement \u00e0 Dieu, Lui permettant de demeurer en nous. Saint Jean de la Croix, une autre figure majeure de l&rsquo;ordre, a \u00e9crit abondamment sur ce processus, enseignant que le chemin vers la contemplation passe par la purification, l&rsquo;humilit\u00e9 et l&rsquo;abandon total \u00e0 la volont\u00e9 divine.<\/p>\n\n\n\n<hr class=\"wp-block-separator has-alpha-channel-opacity\"\/>\n\n\n\n<h2 class=\"wp-block-heading\"><strong>Les saints carm\u00e9litains : Mod\u00e8les de foi et de saintet\u00e9<\/strong><\/h2>\n\n\n\n<p>L&rsquo;ordre carm\u00e9litain a \u00e9t\u00e9 le berceau de nombreux saints qui ont illumin\u00e9 l&rsquo;\u00c9glise par leurs enseignements et leurs t\u00e9moignages de vie.<\/p>\n\n\n\n<h3 class=\"wp-block-heading\"><strong>Sainte Th\u00e9r\u00e8se de J\u00e9sus<\/strong><\/h3>\n\n\n\n<p>R\u00e9formatrice infatigable, \u00e9crivain mystique et Docteur de l&rsquo;\u00c9glise, Sainte Th\u00e9r\u00e8se a enseign\u00e9 que la vie spirituelle est un voyage int\u00e9rieur vers la \u00ab\u00a0demeure centrale\u00a0\u00bb, o\u00f9 Dieu habite dans l&rsquo;\u00e2me. Ses \u00e9crits, tels que <em>Le Ch\u00e2teau int\u00e9rieur<\/em>, restent un guide essentiel pour ceux qui souhaitent approfondir leur vie de pri\u00e8re.<\/p>\n\n\n\n<h3 class=\"wp-block-heading\"><strong>Saint Jean de la Croix<\/strong><\/h3>\n\n\n\n<p>Connu comme le \u00ab\u00a0Docteur mystique\u00a0\u00bb, Saint Jean nous a l\u00e9gu\u00e9 une po\u00e9sie et une th\u00e9ologie profondes sur le processus de purification de l&rsquo;\u00e2me. Des \u0153uvres comme <em>La Nuit obscure<\/em> et <em>Cantique spirituel<\/em> nous enseignent que la souffrance et l&rsquo;obscurit\u00e9 peuvent \u00eatre des chemins vers une union plus intime avec Dieu.<\/p>\n\n\n\n<h3 class=\"wp-block-heading\"><strong>Sainte Th\u00e9r\u00e8se de l\u2019Enfant-J\u00e9sus<\/strong><\/h3>\n\n\n\n<p>Aussi appel\u00e9e la \u00ab\u00a0petite fleur\u00a0\u00bb, Sainte Th\u00e9r\u00e8se de Lisieux a r\u00e9volutionn\u00e9 la spiritualit\u00e9 carm\u00e9litaine avec sa \u00ab\u00a0petite voie\u00a0\u00bb : une approche simple et confiante dans l&rsquo;amour de Dieu. Son message d&rsquo;humilit\u00e9 et d&rsquo;abandon est une inspiration pour tous ceux qui cherchent la saintet\u00e9 dans l&rsquo;ordinaire.<\/p>\n\n\n\n<hr class=\"wp-block-separator has-alpha-channel-opacity\"\/>\n\n\n\n<h2 class=\"wp-block-heading\"><strong>La pertinence des Carm\u00e9lites dans le monde actuel<\/strong><\/h2>\n\n\n\n<p>La spiritualit\u00e9 carm\u00e9litaine a beaucoup \u00e0 offrir \u00e0 un monde marqu\u00e9 par l&rsquo;anxi\u00e9t\u00e9, la pr\u00e9cipitation et le bruit. Dans le contexte actuel, leurs enseignements nous invitent \u00e0 red\u00e9couvrir l&rsquo;importance de :<\/p>\n\n\n\n<ol class=\"wp-block-list\">\n<li><strong>La pri\u00e8re comme ancrage<\/strong> : Au milieu de nos responsabilit\u00e9s, consacrer du temps \u00e0 la pri\u00e8re aide \u00e0 recharger notre \u00e2me et \u00e0 rester connect\u00e9s \u00e0 Dieu.<\/li>\n\n\n\n<li><strong>Le silence comme refuge<\/strong> : Pratiquer des moments de silence quotidien nous permet de nous \u00e9loigner du stress et de nous ouvrir \u00e0 la paix int\u00e9rieure.<\/li>\n\n\n\n<li><strong>La confiance en Dieu<\/strong> : Comme l\u2019a enseign\u00e9 Sainte Th\u00e9r\u00e8se de Lisieux, faire confiance \u00e0 l&rsquo;amour de Dieu, m\u00eame dans nos faiblesses, nous lib\u00e8re du perfectionnisme et nous rapproche d&rsquo;une relation plus authentique avec Lui.<\/li>\n<\/ol>\n\n\n\n<hr class=\"wp-block-separator has-alpha-channel-opacity\"\/>\n\n\n\n<h2 class=\"wp-block-heading\"><strong>Vivre la spiritualit\u00e9 carm\u00e9litaine au quotidien<\/strong><\/h2>\n\n\n\n<p>Chacun peut int\u00e9grer la spiritualit\u00e9 carm\u00e9litaine dans sa vie quotidienne. Voici quelques conseils pratiques :<\/p>\n\n\n\n<ul class=\"wp-block-list\">\n<li><strong>Consacrez du temps \u00e0 la pri\u00e8re quotidienne<\/strong> : M\u00eame si ce n&rsquo;est que 10 minutes, d\u00e9diez cet espace \u00e0 parler \u00e0 Dieu avec votre c\u0153ur.<\/li>\n\n\n\n<li><strong>Cr\u00e9ez des moments de silence<\/strong> : \u00c9teignez votre t\u00e9l\u00e9phone, fermez les yeux et restez simplement en pr\u00e9sence de Dieu.<\/li>\n\n\n\n<li><strong>Ayez confiance dans les petits actes d&rsquo;amour<\/strong> : Suivez l&rsquo;exemple de Sainte Th\u00e9r\u00e8se en offrant vos t\u00e2ches et d\u00e9fis quotidiens comme des offrandes d&rsquo;amour \u00e0 Dieu.<\/li>\n<\/ul>\n\n\n\n<hr class=\"wp-block-separator has-alpha-channel-opacity\"\/>\n\n\n\n<h2 class=\"wp-block-heading\"><strong>Conclusion<\/strong><\/h2>\n\n\n\n<p>Les Carm\u00e9lites nous enseignent que le v\u00e9ritable repos et l&rsquo;accomplissement se trouvent en Dieu. Dans une soci\u00e9t\u00e9 qui cherche des r\u00e9ponses en surface, la spiritualit\u00e9 carm\u00e9litaine nous invite \u00e0 regarder en nous-m\u00eames, \u00e0 \u00e9couter Sa voix et \u00e0 faire confiance \u00e0 Son amour.<\/p>\n\n\n\n<p>En explorant l&rsquo;h\u00e9ritage de cet ordre, puissions-nous red\u00e9couvrir l&rsquo;appel \u00e0 la saintet\u00e9 dans notre vie quotidienne et devenir des t\u00e9moins vivants de l&rsquo;amour de Dieu dans le monde.<\/p>\n","protected":false},"excerpt":{"rendered":"<p>Les Carm\u00e9lites, l&rsquo;un des ordres les plus anciens et les plus significatifs de l&rsquo;\u00c9glise catholique, offrent une richesse spirituelle qui reste profond\u00e9ment pertinente aujourd&rsquo;hui. Cette communaut\u00e9 religieuse, n\u00e9e sur le Mont Carmel, nous relie non seulement \u00e0 nos racines bibliques, mais nous invite \u00e9galement \u00e0 cultiver une relation plus intime avec Dieu par la pri\u00e8re, &hellip;<\/p>\n","protected":false},"author":3,"featured_media":1616,"comment_status":"open","ping_status":"open","sticky":false,"template":"","format":"standard","meta":{"_seopress_robots_primary_cat":"","_seopress_titles_title":"","_seopress_titles_desc":"","_seopress_robots_index":"","footnotes":""},"categories":[48,38],"tags":[333],"class_list":["post-1615","post","type-post","status-publish","format-standard","has-post-thumbnail","","category-histoire-de-leglise","category-histoire-et-tradition","tag-carmelites"],"_links":{"self":[{"href":"https:\/\/catholicus.eu\/fr\/wp-json\/wp\/v2\/posts\/1615","targetHints":{"allow":["GET"]}}],"collection":[{"href":"https:\/\/catholicus.eu\/fr\/wp-json\/wp\/v2\/posts"}],"about":[{"href":"https:\/\/catholicus.eu\/fr\/wp-json\/wp\/v2\/types\/post"}],"author":[{"embeddable":true,"href":"https:\/\/catholicus.eu\/fr\/wp-json\/wp\/v2\/users\/3"}],"replies":[{"embeddable":true,"href":"https:\/\/catholicus.eu\/fr\/wp-json\/wp\/v2\/comments?post=1615"}],"version-history":[{"count":1,"href":"https:\/\/catholicus.eu\/fr\/wp-json\/wp\/v2\/posts\/1615\/revisions"}],"predecessor-version":[{"id":1617,"href":"https:\/\/catholicus.eu\/fr\/wp-json\/wp\/v2\/posts\/1615\/revisions\/1617"}],"wp:featuredmedia":[{"embeddable":true,"href":"https:\/\/catholicus.eu\/fr\/wp-json\/wp\/v2\/media\/1616"}],"wp:attachment":[{"href":"https:\/\/catholicus.eu\/fr\/wp-json\/wp\/v2\/media?parent=1615"}],"wp:term":[{"taxonomy":"category","embeddable":true,"href":"https:\/\/catholicus.eu\/fr\/wp-json\/wp\/v2\/categories?post=1615"},{"taxonomy":"post_tag","embeddable":true,"href":"https:\/\/catholicus.eu\/fr\/wp-json\/wp\/v2\/tags?post=1615"}],"curies":[{"name":"wp","href":"https:\/\/api.w.org\/{rel}","templated":true}]}}