{"id":1578,"date":"2024-11-27T07:56:38","date_gmt":"2024-11-27T06:56:38","guid":{"rendered":"https:\/\/catholicus.eu\/fr\/?p=1578"},"modified":"2024-11-27T07:56:38","modified_gmt":"2024-11-27T06:56:38","slug":"pourquoi-prier-si-dieu-sait-deja-ce-dont-jai-besoin","status":"publish","type":"post","link":"https:\/\/catholicus.eu\/fr\/pourquoi-prier-si-dieu-sait-deja-ce-dont-jai-besoin\/","title":{"rendered":"Pourquoi prier si Dieu sait d\u00e9j\u00e0 ce dont j&rsquo;ai besoin ?"},"content":{"rendered":"\n<p>La pri\u00e8re est l\u2019une des pratiques spirituelles les plus anciennes et universelles. Au c\u0153ur de la foi catholique, elle constitue un pilier fondamental, un moyen de communication avec Dieu qui transcende le temps et l\u2019espace. Cependant, une question que beaucoup de chr\u00e9tiens \u2013 qu\u2019ils soient nouveaux ou exp\u00e9riment\u00e9s dans la foi \u2013 se posent souvent est la suivante : <em>\u00ab Pourquoi prier si Dieu sait d\u00e9j\u00e0 ce dont j\u2019ai besoin ? \u00bb<\/em> Apr\u00e8s tout, si Dieu est omniscient et conna\u00eet chaque d\u00e9tail de nos vies, quel est le sens d\u2019exprimer nos demandes, nos louanges ou nos pr\u00e9occupations ?<\/p>\n\n\n\n<p>R\u00e9pondre \u00e0 cette question nous aide non seulement \u00e0 approfondir notre compr\u00e9hension de la pri\u00e8re, mais aussi \u00e0 renforcer notre relation avec Dieu et \u00e0 mieux comprendre le but de notre existence.<\/p>\n\n\n\n<hr class=\"wp-block-separator has-alpha-channel-opacity\"\/>\n\n\n\n<h3 class=\"wp-block-heading\"><strong>La pri\u00e8re dans le contexte de notre foi<\/strong><\/h3>\n\n\n\n<p>La pri\u00e8re n\u2019est pas simplement une liste de demandes que nous adressons \u00e0 un Dieu lointain, comme s\u2019il s\u2019agissait d\u2019un g\u00e9nie magique pr\u00eat \u00e0 exaucer nos souhaits. La pri\u00e8re est avant tout <strong>un acte d\u2019amour et de communion<\/strong>. D\u00e8s les premiers chapitres de la Bible, nous voyons que Dieu d\u00e9sire une relation intime avec l\u2019humanit\u00e9. Dans la Gen\u00e8se, apr\u00e8s avoir cr\u00e9\u00e9 Adam et \u00c8ve, Dieu \u00ab parcourait le jardin \u00e0 la brise du jour \u00bb (Gn 3,8), un d\u00e9tail qui nous parle d\u2019un Dieu qui veut \u00eatre proche, interagir et dialoguer avec nous.<\/p>\n\n\n\n<p>J\u00e9sus lui-m\u00eame a incarn\u00e9 cette relation intime avec le P\u00e8re. Dans les \u00c9vangiles, nous trouvons de nombreuses occasions o\u00f9 J\u00e9sus se retire pour prier. Mais pourquoi J\u00e9sus prierait-il, puisqu\u2019Il est lui-m\u00eame Dieu ? La r\u00e9ponse est que, en tant que Fils, sa pri\u00e8re est un reflet parfait de ce que signifie \u00eatre en communion avec le P\u00e8re. Il nous enseigne que la pri\u00e8re est <strong>une expression de confiance, d\u2019amour et d\u2019abandon total \u00e0 la volont\u00e9 divine<\/strong>.<\/p>\n\n\n\n<hr class=\"wp-block-separator has-alpha-channel-opacity\"\/>\n\n\n\n<h3 class=\"wp-block-heading\"><strong>Que dit la th\u00e9ologie \u00e0 ce sujet ?<\/strong><\/h3>\n\n\n\n<p>La th\u00e9ologie catholique aborde cette question sous plusieurs angles :<\/p>\n\n\n\n<h4 class=\"wp-block-heading\"><strong>1. La pri\u00e8re nous transforme<\/strong><\/h4>\n\n\n\n<p>M\u00eame si Dieu conna\u00eet nos besoins avant que nous les exprimions, la pri\u00e8re n\u2019a pas pour but de changer Dieu, mais de nous transformer nous-m\u00eames. Saint Augustin disait : <em>\u00ab La pri\u00e8re n\u2019a pas pour but d\u2019informer Dieu, mais de former l\u2019homme. \u00bb<\/em><\/p>\n\n\n\n<p>Quand nous prions, nous nous alignons sur la volont\u00e9 de Dieu. Nous lui ouvrons notre c\u0153ur, non pas parce qu\u2019Il a besoin de notre approbation, mais parce que nous avons besoin de Lui faire confiance. La pri\u00e8re nous fa\u00e7onne, nous rend plus sensibles \u00e0 sa voix et plus capables de reconna\u00eetre son action dans nos vies.<\/p>\n\n\n\n<h4 class=\"wp-block-heading\"><strong>2. La pri\u00e8re renforce notre foi<\/strong><\/h4>\n\n\n\n<p>La foi n\u2019est pas simplement un acte intellectuel, mais une relation vivante et dynamique. Lorsque nous prions, nous exer\u00e7ons notre confiance en Dieu, reconnaissant notre d\u00e9pendance envers Lui. C\u2019est comme un enfant qui demande de l\u2019aide \u00e0 son p\u00e8re : non pas parce que le p\u00e8re ignore ce dont l\u2019enfant a besoin, mais parce que l\u2019enfant trouve s\u00e9curit\u00e9 et r\u00e9confort en exprimant son besoin.<\/p>\n\n\n\n<h4 class=\"wp-block-heading\"><strong>3. Dieu veut une relation personnelle<\/strong><\/h4>\n\n\n\n<p>Dieu n\u2019est pas un \u00eatre lointain qui distribue simplement des b\u00e9n\u00e9dictions. Il est un P\u00e8re aimant qui d\u00e9sire une relation authentique avec chacun de nous. La pri\u00e8re est la mani\u00e8re dont nous participons activement \u00e0 cette relation. Bien que Dieu puisse tout nous accorder sans que nous le demandions, Il nous invite \u00e0 lui parler, car Il valorise notre libert\u00e9 et notre d\u00e9sir de nous rapprocher de Lui.<\/p>\n\n\n\n<hr class=\"wp-block-separator has-alpha-channel-opacity\"\/>\n\n\n\n<h3 class=\"wp-block-heading\"><strong>Applications pratiques : comment prier avec intention ?<\/strong><\/h3>\n\n\n\n<p>Comprendre le <em>pourquoi<\/em> de la pri\u00e8re ne suffit pas ; il est \u00e9galement essentiel de l\u2019appliquer dans notre vie quotidienne. Voici quelques moyens de donner plus de profondeur et de sens \u00e0 votre pri\u00e8re quotidienne :<\/p>\n\n\n\n<h4 class=\"wp-block-heading\"><strong>1. Faites de votre pri\u00e8re un dialogue<\/strong><\/h4>\n\n\n\n<p>Ne priez pas comme si vous laissiez un message dans une bo\u00eete aux lettres. Parlez \u00e0 Dieu comme \u00e0 un ami proche. Saint Ignace de Loyola nous invite \u00e0 imaginer que nous sommes en conversation face \u00e0 face avec le Christ, partageant nos joies, nos doutes et nos pr\u00e9occupations.<\/p>\n\n\n\n<h4 class=\"wp-block-heading\"><strong>2. Concentrez-vous sur la gratitude plut\u00f4t que sur les demandes<\/strong><\/h4>\n\n\n\n<p>La pri\u00e8re ne doit pas se limiter \u00e0 une liste de \u00ab besoins urgents \u00bb. Prenez le temps de remercier Dieu pour ce que vous avez d\u00e9j\u00e0. La gratitude transforme le c\u0153ur, vous aidant \u00e0 voir comment Dieu agit d\u00e9j\u00e0 dans votre vie.<\/p>\n\n\n\n<h4 class=\"wp-block-heading\"><strong>3. \u00c9coutez<\/strong><\/h4>\n\n\n\n<p>La pri\u00e8re n\u2019est pas seulement une question de parole ; c\u2019est aussi une question d\u2019\u00e9coute. Dans le silence, nous pouvons percevoir la voix de Dieu, que ce soit sous la forme d\u2019une paix int\u00e9rieure, d\u2019une inspiration soudaine ou \u00e0 travers les paroles des \u00c9critures.<\/p>\n\n\n\n<h4 class=\"wp-block-heading\"><strong>4. Priez en communaut\u00e9<\/strong><\/h4>\n\n\n\n<p>J\u00e9sus a promis : <em>\u00ab L\u00e0 o\u00f9 deux ou trois sont r\u00e9unis en mon nom, je suis l\u00e0, au milieu d\u2019eux \u00bb<\/em> (Mt 18,20). Prier en communaut\u00e9, que ce soit lors de la messe, dans des groupes paroissiaux ou m\u00eame en famille, nous relie \u00e0 l\u2019\u00c9glise et nous rappelle que nous ne sommes pas seuls dans notre foi.<\/p>\n\n\n\n<h4 class=\"wp-block-heading\"><strong>5. Ayez confiance, m\u00eame sans r\u00e9sultats imm\u00e9diats<\/strong><\/h4>\n\n\n\n<p>Parfois, nous pouvons avoir l\u2019impression que nos pri\u00e8res ne re\u00e7oivent pas de r\u00e9ponse. Mais comme l\u2019enseigne Sainte Th\u00e9r\u00e8se d\u2019Avila : <em>\u00ab Dieu ne tarde jamais \u00e0 r\u00e9pondre ; Il agit simplement en son temps parfait. \u00bb<\/em> La pri\u00e8re nous apprend \u00e0 faire confiance aux plans de Dieu, m\u00eame lorsque nous ne les comprenons pas enti\u00e8rement.<\/p>\n\n\n\n<hr class=\"wp-block-separator has-alpha-channel-opacity\"\/>\n\n\n\n<h3 class=\"wp-block-heading\"><strong>Une pratique pertinente aujourd\u2019hui<\/strong><\/h3>\n\n\n\n<p>Dans notre monde moderne, rempli de distractions et de rythmes effr\u00e9n\u00e9s, la pri\u00e8re est plus pertinente que jamais. Elle nous offre un espace pour nous d\u00e9connecter du bruit et nous reconnecter \u00e0 l\u2019essentiel. De plus, elle nous aide \u00e0 cultiver des vertus telles que la patience, l\u2019humilit\u00e9 et l\u2019esp\u00e9rance dans un monde qui semble souvent chaotique.<\/p>\n\n\n\n<p>En p\u00e9riode de crises mondiales, telles que des catastrophes naturelles, des conflits ou des pand\u00e9mies, la pri\u00e8re ne nous console pas seulement, elle nous pousse aussi \u00e0 agir. La v\u00e9ritable pri\u00e8re m\u00e8ne toujours \u00e0 l\u2019action, car elle nous incite \u00e0 \u00eatre des instruments de paix et d\u2019amour dans nos communaut\u00e9s.<\/p>\n\n\n\n<hr class=\"wp-block-separator has-alpha-channel-opacity\"\/>\n\n\n\n<h3 class=\"wp-block-heading\"><strong>Conclusion : La pri\u00e8re comme un acte d\u2019amour<\/strong><\/h3>\n\n\n\n<p>Prier, m\u00eame si Dieu sait d\u00e9j\u00e0 tout, n\u2019est ni inutile ni redondant. C\u2019est une expression de notre confiance en son plan et de notre d\u00e9sir de rester proches de Lui. Plus qu\u2019obtenir des r\u00e9ponses imm\u00e9diates ou des r\u00e9sultats visibles, la pri\u00e8re nous aide \u00e0 grandir spirituellement, \u00e0 trouver la paix et \u00e0 reconna\u00eetre la pr\u00e9sence de Dieu dans chaque aspect de nos vies.<\/p>\n\n\n\n<p>Alors, la prochaine fois que vous vous demanderez : <em>\u00ab Pourquoi prier si Dieu sait d\u00e9j\u00e0 ce dont j\u2019ai besoin ? \u00bb<\/em>, souvenez-vous que nous ne prions pas pour informer Dieu, mais pour nous former dans son amour. La pri\u00e8re est un acte de foi, d\u2019humilit\u00e9 et, surtout, d\u2019amour. Car, en fin de compte, ce que Dieu d\u00e9sire vraiment, ce n\u2019est pas nos paroles, mais notre c\u0153ur.<\/p>\n","protected":false},"excerpt":{"rendered":"<p>La pri\u00e8re est l\u2019une des pratiques spirituelles les plus anciennes et universelles. Au c\u0153ur de la foi catholique, elle constitue un pilier fondamental, un moyen de communication avec Dieu qui transcende le temps et l\u2019espace. Cependant, une question que beaucoup de chr\u00e9tiens \u2013 qu\u2019ils soient nouveaux ou exp\u00e9riment\u00e9s dans la foi \u2013 se posent souvent &hellip;<\/p>\n","protected":false},"author":3,"featured_media":951,"comment_status":"open","ping_status":"open","sticky":false,"template":"","format":"standard","meta":{"_seopress_robots_primary_cat":"","_seopress_titles_title":"","_seopress_titles_desc":"","_seopress_robots_index":"","footnotes":""},"categories":[40,58],"tags":[316],"class_list":["post-1578","post","type-post","status-publish","format-standard","has-post-thumbnail","","category-priere-et-spiritualite","category-priere-et-vie-spirituelle","tag-pourquoi-prier"],"_links":{"self":[{"href":"https:\/\/catholicus.eu\/fr\/wp-json\/wp\/v2\/posts\/1578","targetHints":{"allow":["GET"]}}],"collection":[{"href":"https:\/\/catholicus.eu\/fr\/wp-json\/wp\/v2\/posts"}],"about":[{"href":"https:\/\/catholicus.eu\/fr\/wp-json\/wp\/v2\/types\/post"}],"author":[{"embeddable":true,"href":"https:\/\/catholicus.eu\/fr\/wp-json\/wp\/v2\/users\/3"}],"replies":[{"embeddable":true,"href":"https:\/\/catholicus.eu\/fr\/wp-json\/wp\/v2\/comments?post=1578"}],"version-history":[{"count":1,"href":"https:\/\/catholicus.eu\/fr\/wp-json\/wp\/v2\/posts\/1578\/revisions"}],"predecessor-version":[{"id":1579,"href":"https:\/\/catholicus.eu\/fr\/wp-json\/wp\/v2\/posts\/1578\/revisions\/1579"}],"wp:featuredmedia":[{"embeddable":true,"href":"https:\/\/catholicus.eu\/fr\/wp-json\/wp\/v2\/media\/951"}],"wp:attachment":[{"href":"https:\/\/catholicus.eu\/fr\/wp-json\/wp\/v2\/media?parent=1578"}],"wp:term":[{"taxonomy":"category","embeddable":true,"href":"https:\/\/catholicus.eu\/fr\/wp-json\/wp\/v2\/categories?post=1578"},{"taxonomy":"post_tag","embeddable":true,"href":"https:\/\/catholicus.eu\/fr\/wp-json\/wp\/v2\/tags?post=1578"}],"curies":[{"name":"wp","href":"https:\/\/api.w.org\/{rel}","templated":true}]}}