{"id":1575,"date":"2024-11-27T07:26:00","date_gmt":"2024-11-27T06:26:00","guid":{"rendered":"https:\/\/catholicus.eu\/fr\/?p=1575"},"modified":"2024-11-27T07:26:00","modified_gmt":"2024-11-27T06:26:00","slug":"la-paresse-lennemi-silencieux-de-notre-ame","status":"publish","type":"post","link":"https:\/\/catholicus.eu\/fr\/la-paresse-lennemi-silencieux-de-notre-ame\/","title":{"rendered":"La Paresse : L\u2019Ennemi Silencieux de Notre \u00c2me"},"content":{"rendered":"\n<p><strong>Introduction : Un ennemi qui passe inaper\u00e7u<\/strong><br>La paresse, souvent confondue avec une simple fatigue ou un manque de motivation, est bien plus qu\u2019un \u00e9tat passager. Dans le contexte spirituel, la paresse \u2014 ou <em>ac\u00e9die<\/em> dans son sens classique \u2014 est un ennemi subtil mais d\u00e9vastateur. Il ne s\u2019agit pas seulement d\u2019une apathie envers nos responsabilit\u00e9s humaines, mais d\u2019une r\u00e9sistance int\u00e9rieure au bien, en particulier \u00e0 Dieu. Comme l\u2019ont d\u00e9fini les P\u00e8res de l\u2019\u00c9glise, la paresse est une \u00ab\u00a0lassitude de l\u2019\u00e2me\u00a0\u00bb, un d\u00e9sint\u00e9r\u00eat pour les choses qui nous conduisent v\u00e9ritablement \u00e0 une vie pleine en Christ.<\/p>\n\n\n\n<p>Dans cet article, nous explorerons la paresse sous une perspective biblique et th\u00e9ologique, nous examinerons ses effets sur notre vie spirituelle, et nous d\u00e9couvrirons des outils pour combattre cet ennemi silencieux. Inspir\u00e9s par le Nouveau Testament, notamment le passage de Matthieu 25, 14-30, nous r\u00e9fl\u00e9chirons \u00e0 sa signification et \u00e0 ses implications, ainsi qu\u2019\u00e0 la mani\u00e8re d\u2019appliquer ces concepts dans notre vie quotidienne.<\/p>\n\n\n\n<hr class=\"wp-block-separator has-alpha-channel-opacity\"\/>\n\n\n\n<h2 class=\"wp-block-heading\"><strong>La paresse dans les \u00c9critures : Le cas des talents<\/strong><\/h2>\n\n\n\n<p>L\u2019un des textes les plus \u00e9loquents sur la paresse dans le Nouveau Testament est la parabole des talents (Matthieu 25, 14-30). J\u00e9sus raconte l\u2019histoire d\u2019un homme qui, avant de partir en voyage, confie sa fortune \u00e0 trois serviteurs. \u00c0 l\u2019un, il donne cinq talents, \u00e0 un autre deux, et au dernier un seul, \u00ab\u00a0selon ses capacit\u00e9s\u00a0\u00bb. \u00c0 son retour, les deux premiers serviteurs ont multipli\u00e9 ce qu\u2019ils avaient re\u00e7u, tandis que le troisi\u00e8me, paralys\u00e9 par la peur et l\u2019inertie, enterre le talent et le rend intact.<\/p>\n\n\n\n<p>Les paroles du ma\u00eetre envers ce dernier sont dures : \u00ab\u00a0Serviteur mauvais et paresseux\u00a0\u00bb (Mt 25, 26). Ici, la paresse ne se pr\u00e9sente pas simplement comme une inactivit\u00e9, mais comme un manque de volont\u00e9 \u00e0 accomplir le but pour lequel le don avait \u00e9t\u00e9 confi\u00e9. Ce serviteur incarne ce qui se produit lorsque nous nous laissons emporter par l\u2019indiff\u00e9rence, le confort ou la peur, au lieu de nous efforcer d\u2019avancer sur notre chemin spirituel.<\/p>\n\n\n\n<hr class=\"wp-block-separator has-alpha-channel-opacity\"\/>\n\n\n\n<h2 class=\"wp-block-heading\"><strong>La paresse comme p\u00e9ch\u00e9 capital : Une perspective th\u00e9ologique<\/strong><\/h2>\n\n\n\n<p>La tradition catholique classe la paresse parmi les sept p\u00e9ch\u00e9s capitaux. Mais pourquoi est-elle consid\u00e9r\u00e9e comme si grave ? Saint Thomas d\u2019Aquin, dans sa <em>Somme th\u00e9ologique<\/em>, d\u00e9crit l\u2019ac\u00e9die comme \u00ab\u00a0une tristesse devant le bien divin\u00a0\u00bb. En d\u2019autres termes, la paresse spirituelle nous pousse \u00e0 rejeter la communion avec Dieu, car elle nous semble trop difficile ou m\u00eame insignifiante.<\/p>\n\n\n\n<p>Ce vice peut se manifester de plusieurs mani\u00e8res :<\/p>\n\n\n\n<ol class=\"wp-block-list\">\n<li><strong>Procrastination spirituelle :<\/strong> Remettre ind\u00e9finiment \u00e0 plus tard les pratiques religieuses comme la pri\u00e8re, la confession ou la messe dominicale.<\/li>\n\n\n\n<li><strong>Manque de z\u00e8le pour les \u0153uvres de charit\u00e9 :<\/strong> D\u00e9sint\u00e9r\u00eat pour aider son prochain.<\/li>\n\n\n\n<li><strong>Apathie morale :<\/strong> Un \u00e9tat o\u00f9 l\u2019on cesse de lutter contre ses p\u00e9ch\u00e9s et o\u00f9 l\u2019on tombe dans une routine de m\u00e9diocrit\u00e9 spirituelle.<\/li>\n<\/ol>\n\n\n\n<p>La paresse ne nous \u00e9loigne pas seulement de Dieu, mais elle atrophie \u00e9galement notre capacit\u00e9 \u00e0 aimer et \u00e0 servir les autres. C\u2019est un cercle vicieux qui, si nous ne le combattons pas, peut nous conduire \u00e0 une vie st\u00e9rile et vide.<\/p>\n\n\n\n<hr class=\"wp-block-separator has-alpha-channel-opacity\"\/>\n\n\n\n<h2 class=\"wp-block-heading\"><strong>Comment identifier la paresse dans notre vie quotidienne<\/strong><\/h2>\n\n\n\n<p>La paresse appara\u00eet rarement sous une forme \u00e9vidente. Elle se d\u00e9guise souvent sous des justifications apparemment raisonnables : \u00ab\u00a0Je suis trop fatigu\u00e9 pour prier aujourd\u2019hui\u00a0\u00bb, \u00ab\u00a0Je n\u2019ai pas le temps d\u2019aider \u00e0 la paroisse\u00a0\u00bb, ou \u00ab\u00a0Dieu comprendra si je remets \u00e7a \u00e0 plus tard\u00a0\u00bb. Ces pens\u00e9es, bien qu\u2019elles puissent sembler inoffensives, sont les sympt\u00f4mes d\u2019un probl\u00e8me plus profond.<\/p>\n\n\n\n<h3 class=\"wp-block-heading\">Signes courants de la paresse spirituelle :<\/h3>\n\n\n\n<ul class=\"wp-block-list\">\n<li><strong>Manque persistant de motivation :<\/strong> Absence d\u2019enthousiasme pour grandir dans la foi.<\/li>\n\n\n\n<li><strong>Excuses fr\u00e9quentes :<\/strong> Raisons constantes pour \u00e9viter les engagements religieux ou moraux.<\/li>\n\n\n\n<li><strong>Indiff\u00e9rence :<\/strong> D\u00e9sint\u00e9r\u00eat pour ses propres besoins spirituels ou pour ceux des autres.<\/li>\n<\/ul>\n\n\n\n<p>Reconna\u00eetre ces signes est la premi\u00e8re \u00e9tape pour combattre la paresse, mais il est essentiel de les affronter avec d\u00e9termination et courage.<\/p>\n\n\n\n<hr class=\"wp-block-separator has-alpha-channel-opacity\"\/>\n\n\n\n<h2 class=\"wp-block-heading\"><strong>Combattre la paresse : Un plan pratique<\/strong><\/h2>\n\n\n\n<p>Le <em>Cat\u00e9chisme de l\u2019\u00c9glise catholique<\/em> (n. 2733) nous rappelle que le d\u00e9couragement et la paresse sont \u00ab\u00a0deux tentations fr\u00e9quentes contre la pri\u00e8re\u00a0\u00bb. Cependant, la gr\u00e2ce de Dieu nous donne la force de surmonter ces obstacles. Voici quelques \u00e9tapes pratiques :<\/p>\n\n\n\n<h3 class=\"wp-block-heading\">1. <strong>Raviver sa vie de pri\u00e8re<\/strong><\/h3>\n\n\n\n<p>La pri\u00e8re est l\u2019antidote le plus puissant contre la paresse spirituelle. Consacrez un moment fixe chaque jour pour parler \u00e0 Dieu, m\u00eame si ce n\u2019est que cinq minutes au d\u00e9but. R\u00e9p\u00e9tez la supplication du Psaume 50 : \u00ab\u00a0Cr\u00e9e en moi un c\u0153ur pur, \u00f4 Dieu, renouvelle en moi un esprit ferme.\u00a0\u00bb<\/p>\n\n\n\n<h3 class=\"wp-block-heading\">2. <strong>Vivre avec un but<\/strong><\/h3>\n\n\n\n<p>La parabole des talents nous rappelle que nous avons tous re\u00e7u des dons que nous devons mettre au service des autres. R\u00e9fl\u00e9chissez \u00e0 vos talents et cherchez des moyens concrets de les utiliser pour le Royaume de Dieu. Cela peut aller de l\u2019enseignement du cat\u00e9chisme \u00e0 simplement \u00e9couter et accompagner une personne dans le besoin.<\/p>\n\n\n\n<h3 class=\"wp-block-heading\">3. <strong>Chercher la communaut\u00e9<\/strong><\/h3>\n\n\n\n<p>La paresse spirituelle prosp\u00e8re souvent dans l\u2019isolement. Participer activement \u00e0 votre communaut\u00e9 paroissiale peut vous donner l\u2019\u00e9lan n\u00e9cessaire pour sortir de l\u2019inertie. L\u2019\u00c9glise est une famille o\u00f9 nous nous soutenons les uns les autres.<\/p>\n\n\n\n<h3 class=\"wp-block-heading\">4. <strong>Pratiquer le sacrifice<\/strong><\/h3>\n\n\n\n<p>Offrir de petits sacrifices quotidiens peut \u00eatre un excellent entra\u00eenement spirituel. Je\u00fbner de quelque chose que vous aimez ou consacrer du temps pour aider quelqu\u2019un sont des moyens concrets de renforcer votre volont\u00e9.<\/p>\n\n\n\n<hr class=\"wp-block-separator has-alpha-channel-opacity\"\/>\n\n\n\n<h2 class=\"wp-block-heading\"><strong>La pertinence du combat contre la paresse dans le monde actuel<\/strong><\/h2>\n\n\n\n<p>Dans notre soci\u00e9t\u00e9 moderne, la paresse a un alli\u00e9 puissant : la culture du confort. Nous sommes entour\u00e9s de distractions faciles et de solutions rapides qui nous invitent \u00e0 \u00e9viter tout effort. Pourtant, J\u00e9sus nous appelle \u00e0 prendre notre croix et \u00e0 le suivre (Lc 9, 23), une invitation qui exige effort et engagement.<\/p>\n\n\n\n<p>Le combat contre la paresse n\u2019est pas seulement une bataille personnelle, mais aussi un t\u00e9moignage. En vivant avec passion et d\u00e9vouement pour les choses de Dieu, nous inspirons les autres \u00e0 faire de m\u00eame. Notre exemple peut \u00eatre un phare de lumi\u00e8re dans un monde souvent plong\u00e9 dans l\u2019apathie spirituelle.<\/p>\n\n\n\n<hr class=\"wp-block-separator has-alpha-channel-opacity\"\/>\n\n\n\n<p><strong>Conclusion : Un appel \u00e0 l\u2019action<\/strong><\/p>\n\n\n\n<p>La paresse est un ennemi silencieux mais puissant. Elle nous vole la joie de vivre pleinement notre foi et nous \u00e9loigne du but que Dieu a pour nous. Cependant, avec l\u2019aide de la gr\u00e2ce divine et un c\u0153ur d\u00e9termin\u00e9, nous pouvons la vaincre.<\/p>\n\n\n\n<p>Aujourd\u2019hui, J\u00e9sus nous invite, comme le ma\u00eetre dans la parabole, \u00e0 \u00eatre des serviteurs fid\u00e8les qui multiplient les talents re\u00e7us. Ne laissons pas la paresse enterrer les dons qui nous ont \u00e9t\u00e9 confi\u00e9s. Effor\u00e7ons-nous plut\u00f4t de vivre une vie d\u2019amour, de service et d\u2019\u00e9panouissement en Christ. <strong>Rel\u00e8verez-vous le d\u00e9fi ?<\/strong><\/p>\n","protected":false},"excerpt":{"rendered":"<p>Introduction : Un ennemi qui passe inaper\u00e7uLa paresse, souvent confondue avec une simple fatigue ou un manque de motivation, est bien plus qu\u2019un \u00e9tat passager. Dans le contexte spirituel, la paresse \u2014 ou ac\u00e9die dans son sens classique \u2014 est un ennemi subtil mais d\u00e9vastateur. Il ne s\u2019agit pas seulement d\u2019une apathie envers nos responsabilit\u00e9s &hellip;<\/p>\n","protected":false},"author":3,"featured_media":1576,"comment_status":"open","ping_status":"open","sticky":false,"template":"","format":"standard","meta":{"_seopress_robots_primary_cat":"","_seopress_titles_title":"","_seopress_titles_desc":"","_seopress_robots_index":"","footnotes":""},"categories":[43,37],"tags":[315],"class_list":["post-1575","post","type-post","status-publish","format-standard","has-post-thumbnail","","category-catechisme-de-leglise-catholique","category-doctrine-et-foi","tag-paresse"],"_links":{"self":[{"href":"https:\/\/catholicus.eu\/fr\/wp-json\/wp\/v2\/posts\/1575","targetHints":{"allow":["GET"]}}],"collection":[{"href":"https:\/\/catholicus.eu\/fr\/wp-json\/wp\/v2\/posts"}],"about":[{"href":"https:\/\/catholicus.eu\/fr\/wp-json\/wp\/v2\/types\/post"}],"author":[{"embeddable":true,"href":"https:\/\/catholicus.eu\/fr\/wp-json\/wp\/v2\/users\/3"}],"replies":[{"embeddable":true,"href":"https:\/\/catholicus.eu\/fr\/wp-json\/wp\/v2\/comments?post=1575"}],"version-history":[{"count":1,"href":"https:\/\/catholicus.eu\/fr\/wp-json\/wp\/v2\/posts\/1575\/revisions"}],"predecessor-version":[{"id":1577,"href":"https:\/\/catholicus.eu\/fr\/wp-json\/wp\/v2\/posts\/1575\/revisions\/1577"}],"wp:featuredmedia":[{"embeddable":true,"href":"https:\/\/catholicus.eu\/fr\/wp-json\/wp\/v2\/media\/1576"}],"wp:attachment":[{"href":"https:\/\/catholicus.eu\/fr\/wp-json\/wp\/v2\/media?parent=1575"}],"wp:term":[{"taxonomy":"category","embeddable":true,"href":"https:\/\/catholicus.eu\/fr\/wp-json\/wp\/v2\/categories?post=1575"},{"taxonomy":"post_tag","embeddable":true,"href":"https:\/\/catholicus.eu\/fr\/wp-json\/wp\/v2\/tags?post=1575"}],"curies":[{"name":"wp","href":"https:\/\/api.w.org\/{rel}","templated":true}]}}