{"id":1554,"date":"2024-11-24T23:24:41","date_gmt":"2024-11-24T22:24:41","guid":{"rendered":"https:\/\/catholicus.eu\/fr\/?p=1554"},"modified":"2024-11-24T23:24:41","modified_gmt":"2024-11-24T22:24:41","slug":"le-mystere-du-chemin-demmaus-pourquoi-les-disciples-nont-ils-pas-reconnu-jesus-ressuscite","status":"publish","type":"post","link":"https:\/\/catholicus.eu\/fr\/le-mystere-du-chemin-demmaus-pourquoi-les-disciples-nont-ils-pas-reconnu-jesus-ressuscite\/","title":{"rendered":"Le Myst\u00e8re du Chemin d\u2019Emma\u00fcs : Pourquoi les Disciples n\u2019ont-ils pas Reconnu J\u00e9sus Ressuscit\u00e9 ?"},"content":{"rendered":"\n<p>Le r\u00e9cit du chemin d\u2019Emma\u00fcs, racont\u00e9 dans l\u2019\u00c9vangile selon Saint Luc (Lc 24, 13-35), est l\u2019un des \u00e9pisodes les plus \u00e9mouvants et myst\u00e9rieux de la r\u00e9surrection du Christ. Deux disciples, d\u00e9courag\u00e9s apr\u00e8s la mort de J\u00e9sus, marchent en direction d\u2019Emma\u00fcs lorsqu\u2019un \u00e9tranger les rejoint. Cet \u00e9tranger, qui se r\u00e9v\u00e8lera plus tard \u00eatre J\u00e9sus ressuscit\u00e9, leur explique les \u00c9critures et partage le pain avec eux. C\u2019est \u00e0 ce moment-l\u00e0 qu\u2019ils le reconnaissent.<\/p>\n\n\n\n<p>Ce passage soul\u00e8ve une question intrigante : pourquoi les disciples n\u2019ont-ils pas reconnu J\u00e9sus d\u00e8s le d\u00e9but ? Au-del\u00e0 de la curiosit\u00e9 historique, cette question a des implications th\u00e9ologiques et spirituelles profondes. Explorer le sens de ce r\u00e9cit nous conduit \u00e0 r\u00e9fl\u00e9chir sur notre propre foi, sur la mani\u00e8re dont nous cherchons Dieu et sur la fa\u00e7on dont le Christ se r\u00e9v\u00e8le dans notre vie quotidienne.<\/p>\n\n\n\n<hr class=\"wp-block-separator has-alpha-channel-opacity\"\/>\n\n\n\n<h2 class=\"wp-block-heading\">L\u2019Histoire et le Contexte Biblique<\/h2>\n\n\n\n<h3 class=\"wp-block-heading\">Le R\u00e9cit du Chemin d\u2019Emma\u00fcs<\/h3>\n\n\n\n<p>Cet \u00e9pisode se d\u00e9roule le jour m\u00eame de la r\u00e9surrection. Deux disciples \u2014 l\u2019un identifi\u00e9 comme Cl\u00e9ophas et l\u2019autre anonyme \u2014 marchent de J\u00e9rusalem vers un village appel\u00e9 Emma\u00fcs, \u00e0 environ onze kilom\u00e8tres. Leur conversation refl\u00e8te leur \u00e9tat \u00e9motionnel : ils sont tristes, confus et d\u00e9\u00e7us, car leurs espoirs messianiques semblent avoir \u00e9t\u00e9 an\u00e9antis par la mort de J\u00e9sus.<\/p>\n\n\n\n<p>Dans ce contexte de doute et de d\u00e9sespoir, J\u00e9sus s\u2019approche d\u2019eux, mais \u201cleurs yeux \u00e9taient emp\u00each\u00e9s de le reconna\u00eetre\u201d (Lc 24,16). Tout au long du chemin, J\u00e9sus interpr\u00e8te les \u00c9critures, expliquant comment tout ce qui est arriv\u00e9 \u00e9tait n\u00e9cessaire pour accomplir le plan de salut de Dieu.<\/p>\n\n\n\n<p>Finalement, \u00e0 leur arriv\u00e9e \u00e0 Emma\u00fcs, les disciples invitent l\u2019\u00e9tranger \u00e0 rester avec eux. Lors du repas, J\u00e9sus prend le pain, le b\u00e9nit, le rompt et le leur donne, reproduisant le geste de la Derni\u00e8re C\u00e8ne. C\u2019est \u00e0 ce moment que \u201cleurs yeux s\u2019ouvrirent et ils le reconnurent\u201d (Lc 24,31), mais il dispara\u00eet \u00e0 leur vue.<\/p>\n\n\n\n<h3 class=\"wp-block-heading\">Contexte Culturel et Religieux<\/h3>\n\n\n\n<p>Le chemin d\u2019Emma\u00fcs refl\u00e8te l\u2019impact de la P\u00e2que sur la premi\u00e8re communaut\u00e9 chr\u00e9tienne. Pour les disciples, la crucifixion de J\u00e9sus avait \u00e9t\u00e9 un coup d\u00e9vastateur. Ils esp\u00e9raient un Messie politique qui lib\u00e9rerait Isra\u00ebl, et sa mort sur la croix semblait contredire ces attentes.<\/p>\n\n\n\n<p>Cependant, la rencontre avec le Christ ressuscit\u00e9 reconfigure leur compr\u00e9hension : le Messie n\u2019est pas venu \u00e9tablir un royaume terrestre, mais vaincre le p\u00e9ch\u00e9 et la mort. L\u2019acte de \u201crompre le pain\u201d devient un signe central de cette nouvelle foi, pr\u00e9figurant l\u2019Eucharistie comme le lieu privil\u00e9gi\u00e9 de la rencontre avec le Christ.<\/p>\n\n\n\n<hr class=\"wp-block-separator has-alpha-channel-opacity\"\/>\n\n\n\n<h2 class=\"wp-block-heading\">La Pertinence Th\u00e9ologique<\/h2>\n\n\n\n<h3 class=\"wp-block-heading\">La Pr\u00e9sence Cach\u00e9e du Christ<\/h3>\n\n\n\n<p>L\u2019incapacit\u00e9 des disciples \u00e0 reconna\u00eetre J\u00e9sus porte un symbolisme th\u00e9ologique profond. Leur c\u00e9cit\u00e9 initiale refl\u00e8te notre tendance humaine \u00e0 ne pas voir Dieu au milieu des \u00e9preuves, des d\u00e9ceptions et des routines quotidiennes. J\u00e9sus marche \u00e0 leurs c\u00f4t\u00e9s, mais ils ne le per\u00e7oivent pas, car leurs attentes concernant le Messie ne correspondent pas \u00e0 la r\u00e9alit\u00e9.<\/p>\n\n\n\n<p>Cela nous enseigne que Dieu se r\u00e9v\u00e8le de mani\u00e8re inattendue. Le Christ ressuscit\u00e9 ne se manifeste pas seulement dans l\u2019extraordinaire, mais aussi dans les petits gestes et \u00e0 travers les \u00c9critures. Cette pr\u00e9sence voil\u00e9e nous invite \u00e0 affiner notre vision spirituelle pour reconna\u00eetre J\u00e9sus dans les circonstances ordinaires de la vie.<\/p>\n\n\n\n<h3 class=\"wp-block-heading\">La Parole et l\u2019Eucharistie<\/h3>\n\n\n\n<p>Le r\u00e9cit met en lumi\u00e8re deux piliers fondamentaux de la foi chr\u00e9tienne : la Parole de Dieu et l\u2019Eucharistie. Sur le chemin, J\u00e9sus interpr\u00e8te les \u00c9critures, montrant comment tout l\u2019Ancien Testament pointe vers lui. Cela illustre l\u2019importance de lire la Bible non seulement comme un texte historique, mais comme une rencontre vivante avec le Christ.<\/p>\n\n\n\n<p>Dans l\u2019acte de rompre le pain, les disciples vivent une r\u00e9v\u00e9lation. Ce geste eucharistique symbolise la communion avec le Christ ressuscit\u00e9, qui se rend r\u00e9ellement pr\u00e9sent dans le pain et le vin consacr\u00e9s. La connexion entre la Parole et l\u2019Eucharistie nous rappelle que les deux sont n\u00e9cessaires pour approfondir notre relation avec Dieu.<\/p>\n\n\n\n<h3 class=\"wp-block-heading\">La Transformation Int\u00e9rieure<\/h3>\n\n\n\n<p>La rencontre avec J\u00e9sus n\u2019ouvre pas seulement les yeux des disciples, mais transforme \u00e9galement leurs c\u0153urs. Ils passent du d\u00e9sespoir \u00e0 l\u2019esp\u00e9rance, de la confusion \u00e0 la clart\u00e9. Ce changement int\u00e9rieur est essentiel dans l\u2019exp\u00e9rience chr\u00e9tienne : rencontrer le Christ signifie \u00eatre renouvel\u00e9, rempli d\u2019un nouveau but et envoy\u00e9 pour partager la Bonne Nouvelle.<\/p>\n\n\n\n<hr class=\"wp-block-separator has-alpha-channel-opacity\"\/>\n\n\n\n<h2 class=\"wp-block-heading\">Applications Pratiques<\/h2>\n\n\n\n<h3 class=\"wp-block-heading\">Reconna\u00eetre le Christ dans les Autres<\/h3>\n\n\n\n<p>Le r\u00e9cit nous invite \u00e0 chercher le Christ dans les personnes qui nous entourent, en particulier dans les \u00e9trangers et les marginalis\u00e9s. Tout comme J\u00e9sus s\u2019est joint aux disciples sous l\u2019apparence d\u2019un \u00e9tranger, nous sommes appel\u00e9s \u00e0 voir son visage dans les personnes dans le besoin, les malades et les oubli\u00e9s.<\/p>\n\n\n\n<h3 class=\"wp-block-heading\">Approfondir la Lecture des \u00c9critures<\/h3>\n\n\n\n<p>Le chemin d\u2019Emma\u00fcs souligne l\u2019importance de la Parole de Dieu comme moyen de rencontrer le Christ. Consacrer du temps \u00e0 la lecture et \u00e0 la m\u00e9ditation des \u00c9critures nous permet de mieux comprendre le plan de salut et nous pr\u00e9pare \u00e0 reconna\u00eetre la pr\u00e9sence de Dieu dans notre vie.<\/p>\n\n\n\n<h3 class=\"wp-block-heading\">Valoriser l\u2019Eucharistie<\/h3>\n\n\n\n<p>L\u2019Eucharistie est le lieu privil\u00e9gi\u00e9 o\u00f9 le Christ se rend pr\u00e9sent. Participer \u00e0 la messe avec foi et d\u00e9votion nous relie au myst\u00e8re du chemin d\u2019Emma\u00fcs, o\u00f9 J\u00e9sus se r\u00e9v\u00e8le dans le partage du pain.<\/p>\n\n\n\n<h3 class=\"wp-block-heading\">Accompagner les Autres<\/h3>\n\n\n\n<p>J\u00e9sus accompagne les disciples dans leur tristesse et leur redonne espoir. Cela nous invite \u00e0 \u00eatre des compagnons pour les autres, en \u00e9coutant, en encourageant et en apportant de la lumi\u00e8re \u00e0 ceux qui traversent des difficult\u00e9s.<\/p>\n\n\n\n<hr class=\"wp-block-separator has-alpha-channel-opacity\"\/>\n\n\n\n<h2 class=\"wp-block-heading\">R\u00e9flexion Contemporaine<\/h2>\n\n\n\n<p>Dans un monde marqu\u00e9 par l\u2019incertitude, les divisions et la qu\u00eate incessante de sens, le chemin d\u2019Emma\u00fcs offre une le\u00e7on puissante : le Christ marche avec nous, m\u00eame lorsque nous ne le reconnaissons pas. Dans l\u2019agitation de la vie moderne, il est facile de passer \u00e0 c\u00f4t\u00e9 de sa pr\u00e9sence. Cependant, ce r\u00e9cit nous appelle \u00e0 \u00eatre attentifs, \u00e0 le chercher dans la Parole, l\u2019Eucharistie et les autres.<\/p>\n\n\n\n<p>De plus, ce passage nous rappelle que la foi n\u2019\u00e9limine pas les doutes ou les difficult\u00e9s, mais nous donne les outils pour les affronter avec esp\u00e9rance. J\u00e9sus ne reproche pas aux disciples leur tristesse, mais il explique patiemment les \u00c9critures et leur permet de ressentir son amour.<\/p>\n\n\n\n<p>Dans notre vie quotidienne, cela signifie que nous devons \u00eatre patients avec nous-m\u00eames et avec les autres. Le chemin de la foi est un processus, et le Christ est pr\u00eat \u00e0 marcher avec nous, nous guidant vers une compr\u00e9hension plus profonde de son amour.<\/p>\n\n\n\n<hr class=\"wp-block-separator has-alpha-channel-opacity\"\/>\n\n\n\n<h2 class=\"wp-block-heading\">Conclusion<\/h2>\n\n\n\n<p>Le myst\u00e8re du chemin d\u2019Emma\u00fcs n\u2019est pas seulement une histoire d\u2019il y a deux mille ans ; c\u2019est un miroir de notre propre exp\u00e9rience spirituelle. Comme les disciples, nous marchons souvent avec le c\u0153ur lourd, incapables de voir que le Christ marche \u00e0 nos c\u00f4t\u00e9s. Cependant, \u00e0 travers la Parole, l\u2019Eucharistie et la communion avec les autres, il se r\u00e9v\u00e8le, transformant notre tristesse en joie et notre d\u00e9sespoir en foi.<\/p>\n\n\n\n<p>Le d\u00e9fi est d\u2019apprendre \u00e0 le reconna\u00eetre, m\u00eame dans les moments les plus sombres. Que ce r\u00e9cit nous inspire \u00e0 ouvrir les yeux de notre c\u0153ur, \u00e0 chercher le Christ \u00e0 chaque \u00e9tape de notre chemin et \u00e0 partager avec le monde la certitude qu\u2019il est vivant et qu\u2019il marche avec nous.<\/p>\n","protected":false},"excerpt":{"rendered":"<p>Le r\u00e9cit du chemin d\u2019Emma\u00fcs, racont\u00e9 dans l\u2019\u00c9vangile selon Saint Luc (Lc 24, 13-35), est l\u2019un des \u00e9pisodes les plus \u00e9mouvants et myst\u00e9rieux de la r\u00e9surrection du Christ. Deux disciples, d\u00e9courag\u00e9s apr\u00e8s la mort de J\u00e9sus, marchent en direction d\u2019Emma\u00fcs lorsqu\u2019un \u00e9tranger les rejoint. Cet \u00e9tranger, qui se r\u00e9v\u00e8lera plus tard \u00eatre J\u00e9sus ressuscit\u00e9, leur &hellip;<\/p>\n","protected":false},"author":3,"featured_media":1555,"comment_status":"open","ping_status":"open","sticky":false,"template":"","format":"standard","meta":{"_seopress_robots_primary_cat":"","_seopress_titles_title":"","_seopress_titles_desc":"","_seopress_robots_index":"","footnotes":""},"categories":[37,45],"tags":[304],"class_list":["post-1554","post","type-post","status-publish","format-standard","has-post-thumbnail","","category-doctrine-et-foi","category-saintes-ecritures","tag-emmaus"],"_links":{"self":[{"href":"https:\/\/catholicus.eu\/fr\/wp-json\/wp\/v2\/posts\/1554","targetHints":{"allow":["GET"]}}],"collection":[{"href":"https:\/\/catholicus.eu\/fr\/wp-json\/wp\/v2\/posts"}],"about":[{"href":"https:\/\/catholicus.eu\/fr\/wp-json\/wp\/v2\/types\/post"}],"author":[{"embeddable":true,"href":"https:\/\/catholicus.eu\/fr\/wp-json\/wp\/v2\/users\/3"}],"replies":[{"embeddable":true,"href":"https:\/\/catholicus.eu\/fr\/wp-json\/wp\/v2\/comments?post=1554"}],"version-history":[{"count":1,"href":"https:\/\/catholicus.eu\/fr\/wp-json\/wp\/v2\/posts\/1554\/revisions"}],"predecessor-version":[{"id":1556,"href":"https:\/\/catholicus.eu\/fr\/wp-json\/wp\/v2\/posts\/1554\/revisions\/1556"}],"wp:featuredmedia":[{"embeddable":true,"href":"https:\/\/catholicus.eu\/fr\/wp-json\/wp\/v2\/media\/1555"}],"wp:attachment":[{"href":"https:\/\/catholicus.eu\/fr\/wp-json\/wp\/v2\/media?parent=1554"}],"wp:term":[{"taxonomy":"category","embeddable":true,"href":"https:\/\/catholicus.eu\/fr\/wp-json\/wp\/v2\/categories?post=1554"},{"taxonomy":"post_tag","embeddable":true,"href":"https:\/\/catholicus.eu\/fr\/wp-json\/wp\/v2\/tags?post=1554"}],"curies":[{"name":"wp","href":"https:\/\/api.w.org\/{rel}","templated":true}]}}