{"id":1551,"date":"2024-11-24T22:28:16","date_gmt":"2024-11-24T21:28:16","guid":{"rendered":"https:\/\/catholicus.eu\/fr\/?p=1551"},"modified":"2024-11-24T22:28:16","modified_gmt":"2024-11-24T21:28:16","slug":"la-tempete-apaisee-signification-theologique-pertinence-spirituelle-et-applications-pratiques","status":"publish","type":"post","link":"https:\/\/catholicus.eu\/fr\/la-tempete-apaisee-signification-theologique-pertinence-spirituelle-et-applications-pratiques\/","title":{"rendered":"La temp\u00eate apais\u00e9e : Signification th\u00e9ologique, pertinence spirituelle et applications pratiques"},"content":{"rendered":"\n<h2 class=\"wp-block-heading\">Introduction : J\u00e9sus, le ma\u00eetre qui apaise nos temp\u00eates<\/h2>\n\n\n\n<p>Le passage de <strong>la temp\u00eate apais\u00e9e<\/strong>, racont\u00e9 dans les \u00c9vangiles de Matthieu (8,23-27), Marc (4,35-41) et Luc (8,22-25), est l\u2019une des sc\u00e8nes les plus \u00e9mouvantes de la vie publique de J\u00e9sus. On y voit Son pouvoir sur les forces de la nature et Sa capacit\u00e9 \u00e0 apporter la paix au milieu du chaos. Cet \u00e9pisode r\u00e9v\u00e8le non seulement la divinit\u00e9 du Christ, mais il devient \u00e9galement une m\u00e9taphore vivante de Son action salvatrice dans nos vies.<\/p>\n\n\n\n<p>Dans un monde moderne rempli d\u2019incertitudes et de temp\u00eates personnelles, ce passage rev\u00eat une importance remarquable. Ce n\u2019est pas seulement un r\u00e9cit historique, mais une invitation \u00e0 faire confiance \u00e0 Dieu au c\u0153ur de nos crises. \u00c0 travers cet article, nous explorerons son contexte biblique, sa signification th\u00e9ologique, son impact spirituel et les moyens pratiques d\u2019int\u00e9grer ses enseignements dans notre vie quotidienne.<\/p>\n\n\n\n<hr class=\"wp-block-separator has-alpha-channel-opacity\"\/>\n\n\n\n<h2 class=\"wp-block-heading\">Histoire et contexte biblique : Le r\u00e9cit de la temp\u00eate apais\u00e9e<\/h2>\n\n\n\n<p>Cet \u00e9pisode se d\u00e9roule alors que J\u00e9sus et Ses disciples traversent la mer de Galil\u00e9e, un lac connu pour ses temp\u00eates soudaines dues \u00e0 sa situation g\u00e9ographique. Selon le r\u00e9cit, tandis que la barque est secou\u00e9e par le vent et les vagues, J\u00e9sus dort paisiblement. Les disciples, terrifi\u00e9s, Le r\u00e9veillent en criant : <strong>\u00ab Seigneur, sauve-nous ! Nous p\u00e9rissons ! \u00bb<\/strong> (Mt 8,25). J\u00e9sus, avec une autorit\u00e9 divine, r\u00e9primande le vent et la mer : <strong>\u00ab Silence ! Tais-toi ! \u00bb<\/strong>, et tout redevient calme.<\/p>\n\n\n\n<p>La r\u00e9action des disciples r\u00e9v\u00e8le \u00e0 la fois leur humanit\u00e9 et leur manque initial de foi : <strong>\u00ab Qui est donc cet homme pour que m\u00eame le vent et la mer Lui ob\u00e9issent ? \u00bb<\/strong> (Mc 4,41). Ce moment marque un tournant dans le minist\u00e8re de J\u00e9sus, car il ne d\u00e9montre pas seulement Son pouvoir sur la cr\u00e9ation, mais met \u00e9galement ses disciples au d\u00e9fi de grandir en confiance et en foi.<\/p>\n\n\n\n<p>Dans le contexte biblique, la mer symbolise le chaos et le mal. D\u00e8s l\u2019Ancien Testament, Dieu est d\u00e9crit comme Celui qui contr\u00f4le les eaux (Ps 65,7 ; 107,29). Cet \u00e9pisode relie donc J\u00e9sus \u00e0 Yahv\u00e9, soulignant Son identit\u00e9 divine.<\/p>\n\n\n\n<hr class=\"wp-block-separator has-alpha-channel-opacity\"\/>\n\n\n\n<h2 class=\"wp-block-heading\">Pertinence th\u00e9ologique : Une le\u00e7on de foi et de confiance<\/h2>\n\n\n\n<h3 class=\"wp-block-heading\">1. J\u00e9sus, Seigneur de la cr\u00e9ation<\/h3>\n\n\n\n<p>Le miracle de la temp\u00eate apais\u00e9e r\u00e9affirme la divinit\u00e9 du Christ. En apaisant la mer et le vent par une simple parole, J\u00e9sus d\u00e9montre Son pouvoir sur les forces naturelles, un attribut r\u00e9serv\u00e9 \u00e0 Dieu dans la tradition juive. Il ne s\u2019agit pas seulement d\u2019un acte miraculeux, mais d\u2019un signe que J\u00e9sus est le Fils de Dieu, en qui toute la cr\u00e9ation trouve son sens et son but (Col 1,16-17).<\/p>\n\n\n\n<h3 class=\"wp-block-heading\">2. La foi au c\u0153ur de la temp\u00eate<\/h3>\n\n\n\n<p>Ce passage souligne l\u2019importance de la foi en p\u00e9riode de difficult\u00e9. J\u00e9sus r\u00e9primande les disciples avec ces mots : <strong>\u00ab Pourquoi avez-vous peur, hommes de peu de foi ? \u00bb<\/strong> (Mt 8,26). Ce reproche nous rappelle que la peur est incompatible avec la confiance en Dieu. La foi n\u2019\u00e9limine pas les temp\u00eates, mais elle nous donne l\u2019assurance que Dieu est avec nous au milieu d\u2019elles.<\/p>\n\n\n\n<h3 class=\"wp-block-heading\">3. Une promesse de paix<\/h3>\n\n\n\n<p>Le calme qui suit la temp\u00eate symbolise la paix que seul le Christ peut donner, une paix qui transcende les circonstances ext\u00e9rieures (Jn 14,27). Dans un monde rempli de conflits internes et externes, cette paix est un don qui nous permet d\u2019affronter nos luttes avec esp\u00e9rance.<\/p>\n\n\n\n<hr class=\"wp-block-separator has-alpha-channel-opacity\"\/>\n\n\n\n<h2 class=\"wp-block-heading\">Applications pratiques : Vivre dans la confiance en Dieu<\/h2>\n\n\n\n<p>Le r\u00e9cit de la temp\u00eate apais\u00e9e n\u2019est pas seulement une histoire \u00e0 admirer, mais un mod\u00e8le pour vivre notre foi dans des situations concr\u00e8tes. Voici quelques fa\u00e7ons pratiques d\u2019appliquer ses enseignements :<\/p>\n\n\n\n<h3 class=\"wp-block-heading\">1. <strong>La pri\u00e8re au milieu du chaos<\/strong><\/h3>\n\n\n\n<p>Lorsque nous faisons face \u00e0 des d\u00e9fis, il est facile de tomber dans le d\u00e9sespoir. Cependant, comme les disciples, nous devons nous tourner vers J\u00e9sus avec nos pr\u00e9occupations. La pri\u00e8re ne nous connecte pas seulement \u00e0 Dieu, mais elle nous donne \u00e9galement la clart\u00e9 et la force pour affronter les temp\u00eates de la vie.<\/p>\n\n\n\n<h3 class=\"wp-block-heading\">2. <strong>Renforcer la foi par la Parole<\/strong><\/h3>\n\n\n\n<p>Le manque de foi des disciples nous invite \u00e0 r\u00e9fl\u00e9chir \u00e0 notre propre relation avec Dieu. Lire et m\u00e9diter les \u00c9critures renforce notre confiance en Ses promesses. M\u00e9moriser des passages comme le Psaume 46,1-3 ou Philippiens 4,6-7 peut \u00eatre une source de r\u00e9confort en p\u00e9riode difficile.<\/p>\n\n\n\n<h3 class=\"wp-block-heading\">3. <strong>Cultiver la paix int\u00e9rieure<\/strong><\/h3>\n\n\n\n<p>J\u00e9sus nous appelle \u00e0 cultiver une paix int\u00e9rieure qui ne d\u00e9pend pas des circonstances ext\u00e9rieures. Cela peut impliquer des pratiques comme la m\u00e9ditation chr\u00e9tienne, l\u2019examen quotidien de conscience et la r\u00e9ception r\u00e9guli\u00e8re des sacrements, en particulier l\u2019Eucharistie et la R\u00e9conciliation.<\/p>\n\n\n\n<h3 class=\"wp-block-heading\">4. <strong>\u00catre des t\u00e9moins de paix pour les autres<\/strong><\/h3>\n\n\n\n<p>Tout comme J\u00e9sus a apport\u00e9 le calme \u00e0 Ses disciples, nous sommes appel\u00e9s \u00e0 \u00eatre des instruments de paix dans un monde plein d\u2019anxi\u00e9t\u00e9. Cela peut signifier \u00e9couter quelqu\u2019un qui traverse un moment difficile, offrir des paroles d\u2019espoir ou simplement \u00eatre pr\u00e9sent pour ceux qui en ont besoin.<\/p>\n\n\n\n<hr class=\"wp-block-separator has-alpha-channel-opacity\"\/>\n\n\n\n<h2 class=\"wp-block-heading\">R\u00e9flexion contemporaine : La foi dans un monde d\u2019incertitude<\/h2>\n\n\n\n<p>Dans le monde d\u2019aujourd\u2019hui, les \u00ab temp\u00eates \u00bb se manifestent de nombreuses fa\u00e7ons : crises \u00e9conomiques, probl\u00e8mes de sant\u00e9, conflits familiaux ou incertitudes sociales. La le\u00e7on de la temp\u00eate apais\u00e9e est particuli\u00e8rement pertinente dans ce contexte, car elle nous invite \u00e0 faire confiance \u00e0 Dieu m\u00eame lorsque tout semble perdu.<\/p>\n\n\n\n<h3 class=\"wp-block-heading\">1. <strong>Le d\u00e9fi de la confiance<\/strong><\/h3>\n\n\n\n<p>Dans une \u00e9poque marqu\u00e9e par l\u2019individualisme, faire confiance \u00e0 quelque chose ou quelqu\u2019un au-del\u00e0 de nous-m\u00eames peut \u00eatre difficile. Pourtant, la foi en Christ nous lib\u00e8re du poids de croire que nous devons tout r\u00e9soudre par nous-m\u00eames. Elle nous rappelle que, bien que les temp\u00eates soient in\u00e9vitables, nous ne sommes pas seuls.<\/p>\n\n\n\n<h3 class=\"wp-block-heading\">2. <strong>La paix dans un monde bruyant<\/strong><\/h3>\n\n\n\n<p>Nous vivons dans une soci\u00e9t\u00e9 satur\u00e9e de bruit, \u00e0 la fois litt\u00e9ral et figur\u00e9. Apprendre \u00e0 \u00e9couter la voix de Dieu au milieu de ce bruit est essentiel pour trouver le calme. Cela peut impliquer de se d\u00e9connecter intentionnellement des distractions num\u00e9riques et de chercher des moments de silence pour entendre Dieu.<\/p>\n\n\n\n<hr class=\"wp-block-separator has-alpha-channel-opacity\"\/>\n\n\n\n<h2 class=\"wp-block-heading\">Conclusion : Le Christ, notre paix dans la temp\u00eate<\/h2>\n\n\n\n<p>Le r\u00e9cit de la temp\u00eate apais\u00e9e est un puissant rappel que, bien que nous affrontions des temp\u00eates, nous ne devons pas avoir peur, car le Christ est avec nous. Sa pr\u00e9sence nous donne la confiance que, m\u00eame au milieu du chaos, nous pouvons trouver la paix et l\u2019esp\u00e9rance.<\/p>\n\n\n\n<p>Je vous invite \u00e0 r\u00e9fl\u00e9chir : Quelles temp\u00eates affrontez-vous dans votre vie ? Qu\u2019est-ce qui vous emp\u00eache de faire pleinement confiance \u00e0 Dieu ? Aujourd\u2019hui, prenez l\u2019engagement de vous tourner vers le Christ dans vos moments de besoin et de permettre \u00e0 Sa paix, qui surpasse toute intelligence, de garder votre c\u0153ur. Souvenez-vous toujours : <strong>\u00ab Le Seigneur est mon berger, je ne manque de rien \u00bb<\/strong> (Ps 23,1).<\/p>\n","protected":false},"excerpt":{"rendered":"<p>Introduction : J\u00e9sus, le ma\u00eetre qui apaise nos temp\u00eates Le passage de la temp\u00eate apais\u00e9e, racont\u00e9 dans les \u00c9vangiles de Matthieu (8,23-27), Marc (4,35-41) et Luc (8,22-25), est l\u2019une des sc\u00e8nes les plus \u00e9mouvantes de la vie publique de J\u00e9sus. On y voit Son pouvoir sur les forces de la nature et Sa capacit\u00e9 \u00e0 &hellip;<\/p>\n","protected":false},"author":3,"featured_media":1552,"comment_status":"open","ping_status":"open","sticky":false,"template":"","format":"standard","meta":{"_seopress_robots_primary_cat":"","_seopress_titles_title":"","_seopress_titles_desc":"","_seopress_robots_index":"","footnotes":""},"categories":[37,45],"tags":[303],"class_list":["post-1551","post","type-post","status-publish","format-standard","has-post-thumbnail","","category-doctrine-et-foi","category-saintes-ecritures","tag-tempete-apaisee"],"_links":{"self":[{"href":"https:\/\/catholicus.eu\/fr\/wp-json\/wp\/v2\/posts\/1551","targetHints":{"allow":["GET"]}}],"collection":[{"href":"https:\/\/catholicus.eu\/fr\/wp-json\/wp\/v2\/posts"}],"about":[{"href":"https:\/\/catholicus.eu\/fr\/wp-json\/wp\/v2\/types\/post"}],"author":[{"embeddable":true,"href":"https:\/\/catholicus.eu\/fr\/wp-json\/wp\/v2\/users\/3"}],"replies":[{"embeddable":true,"href":"https:\/\/catholicus.eu\/fr\/wp-json\/wp\/v2\/comments?post=1551"}],"version-history":[{"count":2,"href":"https:\/\/catholicus.eu\/fr\/wp-json\/wp\/v2\/posts\/1551\/revisions"}],"predecessor-version":[{"id":3627,"href":"https:\/\/catholicus.eu\/fr\/wp-json\/wp\/v2\/posts\/1551\/revisions\/3627"}],"wp:featuredmedia":[{"embeddable":true,"href":"https:\/\/catholicus.eu\/fr\/wp-json\/wp\/v2\/media\/1552"}],"wp:attachment":[{"href":"https:\/\/catholicus.eu\/fr\/wp-json\/wp\/v2\/media?parent=1551"}],"wp:term":[{"taxonomy":"category","embeddable":true,"href":"https:\/\/catholicus.eu\/fr\/wp-json\/wp\/v2\/categories?post=1551"},{"taxonomy":"post_tag","embeddable":true,"href":"https:\/\/catholicus.eu\/fr\/wp-json\/wp\/v2\/tags?post=1551"}],"curies":[{"name":"wp","href":"https:\/\/api.w.org\/{rel}","templated":true}]}}