{"id":1527,"date":"2024-11-24T00:11:24","date_gmt":"2024-11-23T23:11:24","guid":{"rendered":"https:\/\/catholicus.eu\/fr\/?p=1527"},"modified":"2024-11-24T00:11:24","modified_gmt":"2024-11-23T23:11:24","slug":"la-regula-fidei-un-guide-vivant-de-foi-et-dunite","status":"publish","type":"post","link":"https:\/\/catholicus.eu\/fr\/la-regula-fidei-un-guide-vivant-de-foi-et-dunite\/","title":{"rendered":"La Regula Fidei : Un Guide Vivant de Foi et d\u2019Unit\u00e9"},"content":{"rendered":"\n<p>La <strong>Regula Fidei<\/strong>, ou \u00ab\u00a0R\u00e8gle de la Foi\u00a0\u00bb, est un concept fondamental dans la tradition chr\u00e9tienne, en particulier au sein de l&rsquo;\u00c9glise catholique. Ce terme, profond\u00e9ment enracin\u00e9 dans l\u2019histoire de la foi, repr\u00e9sente le c\u0153ur vivant de la doctrine chr\u00e9tienne, unissant l\u2019enseignement apostolique \u00e0 notre exp\u00e9rience quotidienne en tant que croyants. Dans cet article, nous explorerons ce qu\u2019est la Regula Fidei, son contexte historique, sa pertinence th\u00e9ologique, et, surtout, comment elle peut \u00e9clairer notre chemin dans le monde contemporain.<\/p>\n\n\n\n<h2 class=\"wp-block-heading\"><strong>Qu\u2019est-ce que la Regula Fidei ?<\/strong><\/h2>\n\n\n\n<p>Dans son sens le plus simple, la Regula Fidei d\u00e9signe le noyau essentiel de l\u2019enseignement chr\u00e9tien tel qu\u2019il a \u00e9t\u00e9 transmis par les Ap\u00f4tres. C\u2019est une synth\u00e8se des v\u00e9rit\u00e9s fondamentales de la foi qui guide les croyants vers le salut. Ce n\u2019est pas un texte \u00e9crit en soi, mais un r\u00e9sum\u00e9 oral et doctrinal qui encapsule les enseignements de l\u2019\u00c9vangile : la cr\u00e9ation, l\u2019incarnation du Christ, sa passion, sa mort et sa r\u00e9surrection, la venue de l\u2019Esprit Saint et l\u2019esp\u00e9rance de la vie \u00e9ternelle.<\/p>\n\n\n\n<p>Aux premiers si\u00e8cles du christianisme, lorsque des d\u00e9bats th\u00e9ologiques et l\u2019\u00e9mergence d\u2019h\u00e9r\u00e9sies mena\u00e7aient l\u2019unit\u00e9 de l\u2019\u00c9glise, la Regula Fidei est devenue un crit\u00e8re essentiel pour discerner la v\u00e9rit\u00e9. Elle \u00e9tait le \u00ab\u00a0phare\u00a0\u00bb qui \u00e9clairait le chemin de l\u2019orthodoxie, aidant les chr\u00e9tiens \u00e0 rester fid\u00e8les au message original du Christ.<\/p>\n\n\n\n<h2 class=\"wp-block-heading\"><strong>Contexte historique : Les P\u00e8res de l\u2019\u00c9glise et la Regula Fidei<\/strong><\/h2>\n\n\n\n<p>La Regula Fidei appara\u00eet fr\u00e9quemment dans les \u00e9crits des P\u00e8res de l\u2019\u00c9glise, qui l\u2019ont utilis\u00e9e comme un outil pour prot\u00e9ger la foi contre les d\u00e9viations doctrinales. L\u2019un des premiers \u00e0 se r\u00e9f\u00e9rer explicitement \u00e0 ce concept fut <strong>Saint Ir\u00e9n\u00e9e de Lyon<\/strong> (II\u1d49 si\u00e8cle), dans son \u0153uvre <em>Adversus Haereses<\/em> (<em>Contre les H\u00e9r\u00e9sies<\/em>). Face aux gnostiques, qui d\u00e9formaient les \u00c9critures pour soutenir leurs croyances, Saint Ir\u00e9n\u00e9e affirmait que la v\u00e9ritable interpr\u00e9tation de la Bible devait \u00eatre conforme \u00e0 la R\u00e8gle de la Foi, re\u00e7ue directement des Ap\u00f4tres et pr\u00e9serv\u00e9e par la succession apostolique.<\/p>\n\n\n\n<p>Un autre P\u00e8re de l\u2019\u00c9glise qui a soulign\u00e9 l\u2019importance de la Regula Fidei fut <strong>Tertullien<\/strong> (III\u1d49 si\u00e8cle). Dans son trait\u00e9 <em>De Praescriptione Haereticorum<\/em> (<em>La Prescription Contre les H\u00e9r\u00e9tiques<\/em>), il affirmait que les chr\u00e9tiens poss\u00e8dent une \u00ab\u00a0foi prescrite\u00a0\u00bb qui pr\u00e9c\u00e8de toute interpr\u00e9tation individuelle ou personnelle des \u00c9critures. Cette id\u00e9e soulignait la n\u00e9cessit\u00e9 d\u2019une communaut\u00e9 unie autour de l\u2019enseignement apostolique et rejetait les innovations th\u00e9ologiques non enracin\u00e9es dans la tradition.<\/p>\n\n\n\n<h2 class=\"wp-block-heading\"><strong>La Regula Fidei dans le d\u00e9veloppement des Credo<\/strong><\/h2>\n\n\n\n<p>La Regula Fidei a jou\u00e9 un r\u00f4le crucial dans la formulation des Credo chr\u00e9tiens, en particulier le <strong>Credo des Ap\u00f4tres<\/strong> et le <strong>Credo Nic\u00e9no-Constantinopolitain<\/strong>. Ces textes, que nous r\u00e9citons lors de la liturgie, sont des expressions formelles de la R\u00e8gle de la Foi. Dans un contexte de diversit\u00e9 th\u00e9ologique croissante, les Credo ont aid\u00e9 \u00e0 articuler la foi commune de l\u2019\u00c9glise, en maintenant son unit\u00e9 face aux d\u00e9fis internes et externes.<\/p>\n\n\n\n<p>Le Credo de Nic\u00e9e, par exemple, est issu du Concile de Nic\u00e9e (325 ap. J.-C.), o\u00f9 l\u2019\u00c9glise a affront\u00e9 l\u2019h\u00e9r\u00e9sie arienne, qui niait la divinit\u00e9 pleine et enti\u00e8re de J\u00e9sus-Christ. En proclamant que le Christ est \u00ab\u00a0consubstantiel au P\u00e8re\u00a0\u00bb (<em>homoousios<\/em>), le Credo devint une d\u00e9claration ferme de la Regula Fidei face aux interpr\u00e9tations erron\u00e9es.<\/p>\n\n\n\n<h2 class=\"wp-block-heading\"><strong>La pertinence th\u00e9ologique de la Regula Fidei<\/strong><\/h2>\n\n\n\n<p>D\u2019un point de vue th\u00e9ologique, la Regula Fidei nous rappelle que la foi chr\u00e9tienne n\u2019est pas un ensemble arbitraire de croyances, mais une r\u00e9v\u00e9lation coh\u00e9rente et vivante de Dieu. Ce concept a plusieurs implications :<\/p>\n\n\n\n<ol class=\"wp-block-list\">\n<li><strong>Unit\u00e9 doctrinale :<\/strong> La Regula Fidei agit comme un fil conducteur qui unit les chr\u00e9tiens \u00e0 travers le temps et l\u2019espace. Elle est le fondement de la <strong>catholicit\u00e9<\/strong> de l\u2019\u00c9glise, c\u2019est-\u00e0-dire son universalit\u00e9.<\/li>\n\n\n\n<li><strong>Interpr\u00e9tation des \u00c9critures :<\/strong> La Bible, bien qu\u2019elle soit centrale dans notre foi, ne peut \u00eatre interpr\u00e9t\u00e9e de mani\u00e8re isol\u00e9e ou subjective. La Regula Fidei sert de cadre interpr\u00e9tatif, garantissant que nous lisons les \u00c9critures en communion avec la tradition vivante de l\u2019\u00c9glise.<\/li>\n\n\n\n<li><strong>Relation entre Tradition et \u00c9criture :<\/strong> Elle nous rappelle que la tradition apostolique et les \u00c9critures sont ins\u00e9parables. La Parole de Dieu se transmet \u00e0 la fois par \u00e9crit et \u00e0 travers la vie et les pratiques de l\u2019\u00c9glise.<\/li>\n\n\n\n<li><strong>Une foi pour la vie quotidienne :<\/strong> La Regula Fidei n\u2019est pas un concept abstrait. Elle est une boussole spirituelle qui oriente notre relation avec Dieu, avec les autres et avec le monde.<\/li>\n<\/ol>\n\n\n\n<h2 class=\"wp-block-heading\"><strong>La Regula Fidei dans le monde d\u2019aujourd\u2019hui<\/strong><\/h2>\n\n\n\n<p>En ces temps de relativisme culturel et de confusion morale, la Regula Fidei reste un outil inestimable pour les chr\u00e9tiens qui cherchent \u00e0 vivre leur foi de mani\u00e8re authentique. Voici quelques moyens pratiques de l\u2019appliquer dans notre vie quotidienne :<\/p>\n\n\n\n<h3 class=\"wp-block-heading\">1. <strong>Revenir aux fondements de la foi<\/strong><\/h3>\n\n\n\n<p>La Regula Fidei nous invite \u00e0 nous poser cette question : Que crois-je r\u00e9ellement ? Dans un monde rempli de bruit et de distractions, nous devons prendre le temps de r\u00e9fl\u00e9chir au noyau de notre foi. R\u00e9citer le Credo avec intention et m\u00e9diter sur son sens peut \u00eatre un bon point de d\u00e9part.<\/p>\n\n\n\n<h3 class=\"wp-block-heading\">2. <strong>Rechercher l\u2019unit\u00e9 dans la v\u00e9rit\u00e9<\/strong><\/h3>\n\n\n\n<p>Aujourd\u2019hui plus que jamais, le christianisme est confront\u00e9 \u00e0 des divisions internes. La Regula Fidei nous rappelle que l\u2019unit\u00e9 ne provient pas d\u2019une uniformit\u00e9 superficielle, mais d\u2019une foi commune enracin\u00e9e dans le Christ. Cela implique un engagement au dialogue honn\u00eate et une disposition \u00e0 apprendre les uns des autres, toujours sous la guidance du Magist\u00e8re.<\/p>\n\n\n\n<h3 class=\"wp-block-heading\">3. <strong>Vivre une foi authentique et visible<\/strong><\/h3>\n\n\n\n<p>La Regula Fidei n\u2019est pas seulement un cadre doctrinal, mais un appel \u00e0 vivre selon la v\u00e9rit\u00e9 que nous professons. Cela signifie t\u00e9moigner de l\u2019\u00c9vangile par nos actions, \u00eatre une lumi\u00e8re dans nos communaut\u00e9s, et promouvoir la justice, la mis\u00e9ricorde et la charit\u00e9.<\/p>\n\n\n\n<h3 class=\"wp-block-heading\">4. <strong>Chercher une formation continue<\/strong><\/h3>\n\n\n\n<p>En tant que chr\u00e9tiens, nous sommes appel\u00e9s \u00e0 approfondir notre compr\u00e9hension de la foi. Cela inclut la lecture des \u00c9critures, l\u2019\u00e9tude du Cat\u00e9chisme de l\u2019\u00c9glise catholique et la participation \u00e0 des activit\u00e9s de formation paroissiale. La Regula Fidei nous inspire \u00e0 rechercher une foi plus m\u00fbre et solide.<\/p>\n\n\n\n<h2 class=\"wp-block-heading\"><strong>Un appel \u00e0 l\u2019esp\u00e9rance<\/strong><\/h2>\n\n\n\n<p>La Regula Fidei n\u2019est pas une relique du pass\u00e9, mais un guide vivant qui nous connecte aux Ap\u00f4tres et \u00e0 l\u2019\u00c9glise universelle. Dans un monde qui semble souvent perdu, cette r\u00e8gle nous rappelle que notre foi a un fondement solide et une mission \u00e9ternelle : proclamer le Christ au monde.<\/p>\n\n\n\n<p>Vivre selon la Regula Fidei signifie embrasser la pl\u00e9nitude de l\u2019\u00c9vangile avec humilit\u00e9 et joie. C\u2019est une invitation \u00e0 \u00eatre coh\u00e9rent avec notre foi, en ayant confiance que Dieu continue de guider son \u00c9glise \u00e0 travers les d\u00e9fis de l\u2019histoire. Si nous gardons les yeux fix\u00e9s sur la Regula Fidei, nous d\u00e9couvrirons que nous ne suivons pas seulement un enseignement, mais que nous marchons aux c\u00f4t\u00e9s du Christ lui-m\u00eame, qui est \u00ab\u00a0le chemin, la v\u00e9rit\u00e9 et la vie\u00a0\u00bb (Jn 14,6).<\/p>\n\n\n\n<hr class=\"wp-block-separator has-alpha-channel-opacity\"\/>\n\n\n\n<p>La Regula Fidei nous appelle \u00e0 \u00eatre des t\u00e9moins d\u2019une foi vivante, enracin\u00e9e dans la tradition, ouverte \u00e0 l\u2019action de l\u2019Esprit Saint et engag\u00e9e \u00e0 transformer le monde. En tant que croyants, nous avons la responsabilit\u00e9 de prot\u00e9ger ce tr\u00e9sor et de le transmettre aux g\u00e9n\u00e9rations futures. Que cet h\u00e9ritage soit notre refuge et notre force sur le chemin vers le Royaume de Dieu !<\/p>\n","protected":false},"excerpt":{"rendered":"<p>La Regula Fidei, ou \u00ab\u00a0R\u00e8gle de la Foi\u00a0\u00bb, est un concept fondamental dans la tradition chr\u00e9tienne, en particulier au sein de l&rsquo;\u00c9glise catholique. Ce terme, profond\u00e9ment enracin\u00e9 dans l\u2019histoire de la foi, repr\u00e9sente le c\u0153ur vivant de la doctrine chr\u00e9tienne, unissant l\u2019enseignement apostolique \u00e0 notre exp\u00e9rience quotidienne en tant que croyants. Dans cet article, nous &hellip;<\/p>\n","protected":false},"author":3,"featured_media":1528,"comment_status":"open","ping_status":"open","sticky":false,"template":"","format":"standard","meta":{"_seopress_robots_primary_cat":"","_seopress_titles_title":"","_seopress_titles_desc":"","_seopress_robots_index":"","footnotes":""},"categories":[37,44],"tags":[294],"class_list":["post-1527","post","type-post","status-publish","format-standard","has-post-thumbnail","","category-doctrine-et-foi","category-dogmes-de-la-foi","tag-regula-fidei"],"_links":{"self":[{"href":"https:\/\/catholicus.eu\/fr\/wp-json\/wp\/v2\/posts\/1527","targetHints":{"allow":["GET"]}}],"collection":[{"href":"https:\/\/catholicus.eu\/fr\/wp-json\/wp\/v2\/posts"}],"about":[{"href":"https:\/\/catholicus.eu\/fr\/wp-json\/wp\/v2\/types\/post"}],"author":[{"embeddable":true,"href":"https:\/\/catholicus.eu\/fr\/wp-json\/wp\/v2\/users\/3"}],"replies":[{"embeddable":true,"href":"https:\/\/catholicus.eu\/fr\/wp-json\/wp\/v2\/comments?post=1527"}],"version-history":[{"count":1,"href":"https:\/\/catholicus.eu\/fr\/wp-json\/wp\/v2\/posts\/1527\/revisions"}],"predecessor-version":[{"id":1529,"href":"https:\/\/catholicus.eu\/fr\/wp-json\/wp\/v2\/posts\/1527\/revisions\/1529"}],"wp:featuredmedia":[{"embeddable":true,"href":"https:\/\/catholicus.eu\/fr\/wp-json\/wp\/v2\/media\/1528"}],"wp:attachment":[{"href":"https:\/\/catholicus.eu\/fr\/wp-json\/wp\/v2\/media?parent=1527"}],"wp:term":[{"taxonomy":"category","embeddable":true,"href":"https:\/\/catholicus.eu\/fr\/wp-json\/wp\/v2\/categories?post=1527"},{"taxonomy":"post_tag","embeddable":true,"href":"https:\/\/catholicus.eu\/fr\/wp-json\/wp\/v2\/tags?post=1527"}],"curies":[{"name":"wp","href":"https:\/\/api.w.org\/{rel}","templated":true}]}}