{"id":1471,"date":"2024-11-20T20:27:52","date_gmt":"2024-11-20T19:27:52","guid":{"rendered":"https:\/\/catholicus.eu\/fr\/?p=1471"},"modified":"2024-11-20T20:27:52","modified_gmt":"2024-11-20T19:27:52","slug":"lantechrist-histoire-symbolisme-et-pertinence-theologique-aujourdhui","status":"publish","type":"post","link":"https:\/\/catholicus.eu\/fr\/lantechrist-histoire-symbolisme-et-pertinence-theologique-aujourdhui\/","title":{"rendered":"L\u2019Ant\u00e9christ : Histoire, Symbolisme et Pertinence Th\u00e9ologique Aujourd\u2019hui"},"content":{"rendered":"\n<p>Le sujet de l\u2019Ant\u00e9christ a fascin\u00e9, inqui\u00e9t\u00e9 et inspir\u00e9 des r\u00e9flexions tout au long de l\u2019histoire chr\u00e9tienne. Des \u00c9critures \u00e0 la tradition th\u00e9ologique et culturelle, cette figure \u00e9merge comme un symbole puissant d\u2019opposition au plan divin, mais aussi comme un appel au discernement et \u00e0 la fid\u00e9lit\u00e9 dans la vie chr\u00e9tienne. Cet article explore en profondeur qui est l\u2019Ant\u00e9christ, son origine historique, son symbolisme th\u00e9ologique et la mani\u00e8re dont ce concept reste pertinent dans le monde d\u2019aujourd\u2019hui.<\/p>\n\n\n\n<hr class=\"wp-block-separator has-alpha-channel-opacity\"\/>\n\n\n\n<h2 class=\"wp-block-heading\"><strong>Qu\u2019est-ce que ou qui est l\u2019Ant\u00e9christ ?<\/strong><\/h2>\n\n\n\n<p>Le terme \u00ab Ant\u00e9christ \u00bb provient du grec <em>antichristos<\/em>, qui signifie \u00ab oppos\u00e9 au Christ \u00bb ou \u00ab rempla\u00e7ant du Christ \u00bb. Dans le Nouveau Testament, il est explicitement mentionn\u00e9 dans les lettres de saint Jean :<\/p>\n\n\n\n<blockquote class=\"wp-block-quote is-layout-flow wp-block-quote-is-layout-flow\">\n<p>\u00ab Vous avez entendu dire que l\u2019Ant\u00e9christ vient\u202f; maintenant d\u00e9j\u00e0 beaucoup d\u2019ant\u00e9christs sont survenus \u00bb (1 Jn 2,18).<\/p>\n<\/blockquote>\n\n\n\n<p>Ici, le terme est utilis\u00e9 dans deux sens : comme une figure future qui incarnera l\u2019opposition au Christ et comme un esprit pr\u00e9sent qui agit en ceux qui rejettent la v\u00e9rit\u00e9 divine. Cette double approche nous invite \u00e0 voir l\u2019Ant\u00e9christ non seulement comme une figure historique ou eschatologique, mais aussi comme une r\u00e9alit\u00e9 spirituelle affectant toute l\u2019humanit\u00e9.<\/p>\n\n\n\n<hr class=\"wp-block-separator has-alpha-channel-opacity\"\/>\n\n\n\n<h2 class=\"wp-block-heading\"><strong>Origines et d\u00e9veloppement du concept de l\u2019Ant\u00e9christ<\/strong><\/h2>\n\n\n\n<h3 class=\"wp-block-heading\"><strong>Dans la Bible<\/strong><\/h3>\n\n\n\n<ol class=\"wp-block-list\">\n<li><strong>Dans l\u2019Ancien Testament<\/strong> : Bien qu\u2019il ne soit pas mentionn\u00e9 explicitement, certains textes proph\u00e9tiques pr\u00e9figurent des figures qui s\u2019opposent au plan de Dieu, comme la \u00ab petite corne \u00bb dans le livre de Daniel (Dn 7,8). Ces visions sont interpr\u00e9t\u00e9es comme des pr\u00e9ludes \u00e0 l\u2019id\u00e9e de l\u2019Ant\u00e9christ.<\/li>\n\n\n\n<li><strong>Dans le Nouveau Testament<\/strong> : En plus des \u00e9p\u00eetres de saint Jean, d\u2019autres figures connexes incluent \u00ab l\u2019homme impie \u00bb ou \u00ab fils de perdition \u00bb mentionn\u00e9 par saint Paul (2 Th 2,3-4) et la \u00ab b\u00eate \u00bb dans l\u2019Apocalypse (Ap 13,1-10). Ces textes pr\u00e9sentent l\u2019Ant\u00e9christ comme quelqu\u2019un qui cherchera \u00e0 s\u2019\u00e9lever au-dessus de Dieu, \u00e0 tromper l\u2019humanit\u00e9 et \u00e0 la pousser \u00e0 la r\u00e9bellion.<\/li>\n<\/ol>\n\n\n\n<hr class=\"wp-block-separator has-alpha-channel-opacity\"\/>\n\n\n\n<h3 class=\"wp-block-heading\"><strong>Dans la tradition chr\u00e9tienne<\/strong><\/h3>\n\n\n\n<p>La figure de l\u2019Ant\u00e9christ a \u00e9t\u00e9 d\u00e9velopp\u00e9e par les P\u00e8res de l\u2019\u00c9glise et les th\u00e9ologiens m\u00e9di\u00e9vaux, qui cherchaient \u00e0 comprendre son r\u00f4le dans le plan divin. Saint Ir\u00e9n\u00e9e de Lyon, par exemple, identifiait l\u2019Ant\u00e9christ \u00e0 la \u00ab b\u00eate \u00bb de l\u2019Apocalypse et le liait \u00e0 une p\u00e9riode de grande tribulation avant le retour du Christ. Saint Augustin, pour sa part, affirmait que l\u2019Ant\u00e9christ n\u2019\u00e9tait pas seulement une personne, mais aussi une puissance spirituelle pr\u00e9sente dans le monde.<\/p>\n\n\n\n<hr class=\"wp-block-separator has-alpha-channel-opacity\"\/>\n\n\n\n<h2 class=\"wp-block-heading\"><strong>Le Symbolisme Th\u00e9ologique de l\u2019Ant\u00e9christ<\/strong><\/h2>\n\n\n\n<p>L\u2019Ant\u00e9christ n\u2019est pas simplement une figure individuelle\u202f; c\u2019est un symbole charg\u00e9 de signification th\u00e9ologique qui pointe vers des r\u00e9alit\u00e9s spirituelles profondes. Voici quelques-uns de ses principaux aspects symboliques :<\/p>\n\n\n\n<h3 class=\"wp-block-heading\">1. <strong>L\u2019opposition au Christ<\/strong><\/h3>\n\n\n\n<p>L\u2019Ant\u00e9christ symbolise tout ce qui s\u2019oppose \u00e0 l\u2019\u0153uvre r\u00e9demptrice du Christ : le mensonge face \u00e0 la v\u00e9rit\u00e9, l\u2019\u00e9go\u00efsme face \u00e0 l\u2019amour, les t\u00e9n\u00e8bres face \u00e0 la lumi\u00e8re. Cette opposition ne se limite pas \u00e0 une personne, mais englobe \u00e9galement des syst\u00e8mes et des structures qui promeuvent le mal.<\/p>\n\n\n\n<h3 class=\"wp-block-heading\">2. <strong>La s\u00e9duction du pouvoir<\/strong><\/h3>\n\n\n\n<p>Dans l\u2019Apocalypse, la \u00ab b\u00eate \u00bb re\u00e7oit l\u2019adoration des foules, ce qui refl\u00e8te la tentation humaine d\u2019idol\u00e2trer le pouvoir, la richesse et le prestige au lieu de chercher Dieu. L\u2019Ant\u00e9christ nous rappelle le danger de remplacer Dieu par des idoles modernes.<\/p>\n\n\n\n<h3 class=\"wp-block-heading\">3. <strong>La tromperie<\/strong><\/h3>\n\n\n\n<p>L\u2019Ant\u00e9christ appara\u00eet comme un imitateur du Christ, mais avec l\u2019intention d\u2019\u00e9garer les fid\u00e8les. Ce symbolisme souligne l\u2019importance du discernement spirituel et de la fid\u00e9lit\u00e9 \u00e0 la v\u00e9rit\u00e9 r\u00e9v\u00e9l\u00e9e par Dieu.<\/p>\n\n\n\n<h3 class=\"wp-block-heading\">4. <strong>Un temps d\u2019\u00e9preuve<\/strong><\/h3>\n\n\n\n<p>L\u2019apparition de l\u2019Ant\u00e9christ marque un temps de tribulation et d\u2019\u00e9preuve pour les croyants. Ce symbolisme met en avant la n\u00e9cessit\u00e9 de la pers\u00e9v\u00e9rance et de la confiance en la providence divine, m\u00eame dans les moments de t\u00e9n\u00e8bres.<\/p>\n\n\n\n<hr class=\"wp-block-separator has-alpha-channel-opacity\"\/>\n\n\n\n<h2 class=\"wp-block-heading\"><strong>La Pertinence de l\u2019Ant\u00e9christ dans le Monde Contemporain<\/strong><\/h2>\n\n\n\n<p>Bien que le concept de l\u2019Ant\u00e9christ puisse sembler lointain ou apocalyptique, il rev\u00eat une profonde pertinence pour la vie contemporaine. Voici quelques r\u00e9flexions sur la mani\u00e8re dont ce sujet s\u2019applique \u00e0 notre quotidien :<\/p>\n\n\n\n<h3 class=\"wp-block-heading\">1. <strong>Confronter les \u00ab structures de p\u00e9ch\u00e9 \u00bb<\/strong><\/h3>\n\n\n\n<p>Dans un monde marqu\u00e9 par l\u2019injustice, la corruption et l\u2019indiff\u00e9rence, l\u2019Ant\u00e9christ nous rappelle que ces forces ne sont pas neutres, mais qu\u2019elles repr\u00e9sentent une opposition active au Royaume de Dieu. Les chr\u00e9tiens sont appel\u00e9s \u00e0 y r\u00e9sister avec courage et amour.<\/p>\n\n\n\n<h3 class=\"wp-block-heading\">2. <strong>Le discernement face \u00e0 la tromperie<\/strong><\/h3>\n\n\n\n<p>Nous vivons \u00e0 une \u00e9poque de surcharge d\u2019informations et de demi-v\u00e9rit\u00e9s. L\u2019Ant\u00e9christ nous met au d\u00e9fi de chercher la v\u00e9rit\u00e9 avec humilit\u00e9 et discernement, en nous appuyant sur la Parole de Dieu et l\u2019enseignement de l\u2019\u00c9glise.<\/p>\n\n\n\n<h3 class=\"wp-block-heading\">3. <strong>L\u2019esp\u00e9rance au milieu des \u00e9preuves<\/strong><\/h3>\n\n\n\n<p>L\u2019Ant\u00e9christ nous rappelle que le mal n\u2019a jamais le dernier mot. Le Christ a triomph\u00e9, et sa victoire ultime est assur\u00e9e. Cette esp\u00e9rance doit nous inspirer \u00e0 vivre avec foi et joie, m\u00eame au milieu des difficult\u00e9s.<\/p>\n\n\n\n<hr class=\"wp-block-separator has-alpha-channel-opacity\"\/>\n\n\n\n<h2 class=\"wp-block-heading\"><strong>Applications Pratiques : Comment Vivre Face \u00e0 la R\u00e9alit\u00e9 de l\u2019Ant\u00e9christ<\/strong><\/h2>\n\n\n\n<ol class=\"wp-block-list\">\n<li><strong>Renforce ta relation avec le Christ<\/strong> : La meilleure fa\u00e7on de r\u00e9sister \u00e0 l\u2019Ant\u00e9christ est d\u2019\u00eatre profond\u00e9ment uni au Christ. Cela inclut la pri\u00e8re quotidienne, la lecture de la Bible et la participation aux sacrements.<\/li>\n\n\n\n<li><strong>Cultive le discernement spirituel<\/strong> : Demande \u00e0 l\u2019Esprit Saint de t\u2019aider \u00e0 reconna\u00eetre ce qui vient de Dieu et ce qui n\u2019en vient pas. Cela implique d\u2019examiner de mani\u00e8re critique les id\u00e9ologies, les mouvements et les d\u00e9cisions que nous rencontrons dans la vie quotidienne.<\/li>\n\n\n\n<li><strong>Promouvoir la v\u00e9rit\u00e9 et l\u2019amour<\/strong> : Dans un monde rempli de divisions et de fausset\u00e9s, sois un t\u00e9moin de l\u2019amour et de la v\u00e9rit\u00e9 du Christ. Cela peut signifier d\u00e9fendre les vuln\u00e9rables, r\u00e9sister \u00e0 l\u2019injustice et agir avec int\u00e9grit\u00e9.<\/li>\n\n\n\n<li><strong>Fais confiance \u00e0 la providence divine<\/strong> : M\u00eame si les \u00e9preuves peuvent \u00eatre intenses, souviens-toi que Dieu est aux commandes. Il guidera son \u00c9glise et chaque croyant vers la victoire ultime.<\/li>\n<\/ol>\n\n\n\n<hr class=\"wp-block-separator has-alpha-channel-opacity\"\/>\n\n\n\n<h2 class=\"wp-block-heading\"><strong>Conclusion<\/strong><\/h2>\n\n\n\n<p>L\u2019Ant\u00e9christ n\u2019est pas seulement une figure eschatologique, mais un rappel du combat spirituel qui se d\u00e9roule dans chaque c\u0153ur humain et dans le monde entier. Son symbolisme nous met au d\u00e9fi de vivre avec fid\u00e9lit\u00e9, discernement et esp\u00e9rance, en reconnaissant que la victoire finale appartient au Christ. En comprenant ce concept dans sa profondeur th\u00e9ologique et sa pertinence contemporaine, nous pouvons trouver inspiration et orientation pour notre vie chr\u00e9tienne, en renfor\u00e7ant notre foi et en nous engageant plus pleinement dans le plan de Dieu.<\/p>\n","protected":false},"excerpt":{"rendered":"<p>Le sujet de l\u2019Ant\u00e9christ a fascin\u00e9, inqui\u00e9t\u00e9 et inspir\u00e9 des r\u00e9flexions tout au long de l\u2019histoire chr\u00e9tienne. Des \u00c9critures \u00e0 la tradition th\u00e9ologique et culturelle, cette figure \u00e9merge comme un symbole puissant d\u2019opposition au plan divin, mais aussi comme un appel au discernement et \u00e0 la fid\u00e9lit\u00e9 dans la vie chr\u00e9tienne. Cet article explore en &hellip;<\/p>\n","protected":false},"author":3,"featured_media":1472,"comment_status":"open","ping_status":"open","sticky":false,"template":"","format":"standard","meta":{"_seopress_robots_primary_cat":"","_seopress_titles_title":"","_seopress_titles_desc":"","_seopress_robots_index":"","footnotes":""},"categories":[43,37],"tags":[275],"class_list":["post-1471","post","type-post","status-publish","format-standard","has-post-thumbnail","","category-catechisme-de-leglise-catholique","category-doctrine-et-foi","tag-antechrist"],"_links":{"self":[{"href":"https:\/\/catholicus.eu\/fr\/wp-json\/wp\/v2\/posts\/1471","targetHints":{"allow":["GET"]}}],"collection":[{"href":"https:\/\/catholicus.eu\/fr\/wp-json\/wp\/v2\/posts"}],"about":[{"href":"https:\/\/catholicus.eu\/fr\/wp-json\/wp\/v2\/types\/post"}],"author":[{"embeddable":true,"href":"https:\/\/catholicus.eu\/fr\/wp-json\/wp\/v2\/users\/3"}],"replies":[{"embeddable":true,"href":"https:\/\/catholicus.eu\/fr\/wp-json\/wp\/v2\/comments?post=1471"}],"version-history":[{"count":1,"href":"https:\/\/catholicus.eu\/fr\/wp-json\/wp\/v2\/posts\/1471\/revisions"}],"predecessor-version":[{"id":1473,"href":"https:\/\/catholicus.eu\/fr\/wp-json\/wp\/v2\/posts\/1471\/revisions\/1473"}],"wp:featuredmedia":[{"embeddable":true,"href":"https:\/\/catholicus.eu\/fr\/wp-json\/wp\/v2\/media\/1472"}],"wp:attachment":[{"href":"https:\/\/catholicus.eu\/fr\/wp-json\/wp\/v2\/media?parent=1471"}],"wp:term":[{"taxonomy":"category","embeddable":true,"href":"https:\/\/catholicus.eu\/fr\/wp-json\/wp\/v2\/categories?post=1471"},{"taxonomy":"post_tag","embeddable":true,"href":"https:\/\/catholicus.eu\/fr\/wp-json\/wp\/v2\/tags?post=1471"}],"curies":[{"name":"wp","href":"https:\/\/api.w.org\/{rel}","templated":true}]}}