{"id":1447,"date":"2024-11-17T22:56:50","date_gmt":"2024-11-17T21:56:50","guid":{"rendered":"https:\/\/catholicus.eu\/fr\/?p=1447"},"modified":"2024-11-17T22:56:50","modified_gmt":"2024-11-17T21:56:50","slug":"pourquoi-considerons-nous-la-foi-catholique-comme-la-veritable-foi-par-rapport-aux-autres-confessions-et-religions","status":"publish","type":"post","link":"https:\/\/catholicus.eu\/fr\/pourquoi-considerons-nous-la-foi-catholique-comme-la-veritable-foi-par-rapport-aux-autres-confessions-et-religions\/","title":{"rendered":"Pourquoi consid\u00e9rons-nous la foi catholique comme la v\u00e9ritable foi par rapport aux autres confessions et religions ?"},"content":{"rendered":"\n<p>Dire que la foi catholique est la v\u00e9ritable foi par rapport aux autres religions et confessions peut, \u00e0 premi\u00e8re vue, sembler une affirmation exclusiviste, voire arrogante. Cependant, lorsqu&rsquo;on aborde cette question sous un angle th\u00e9ologique, historique et pastoral, on comprend que cette d\u00e9claration ne cherche pas \u00e0 d\u00e9valoriser d&rsquo;autres croyances, mais \u00e0 souligner la pl\u00e9nitude de la v\u00e9rit\u00e9 r\u00e9v\u00e9l\u00e9e en Christ et confi\u00e9e \u00e0 l&rsquo;\u00c9glise catholique. Dans cet article, nous explorerons pourquoi les catholiques soutiennent cette affirmation, les fondements historiques et th\u00e9ologiques qui la sous-tendent et comment cette v\u00e9rit\u00e9 nous appelle \u00e0 vivre avec humilit\u00e9, amour et engagement.<\/p>\n\n\n\n<hr class=\"wp-block-separator has-alpha-channel-opacity\"\/>\n\n\n\n<h2 class=\"wp-block-heading\"><strong>1. La fondation en J\u00e9sus-Christ, la pl\u00e9nitude de la v\u00e9rit\u00e9<\/strong><\/h2>\n\n\n\n<p>Pour les catholiques, la base de la v\u00e9rit\u00e9 de leur foi r\u00e9side en J\u00e9sus-Christ. Selon l&rsquo;enseignement de l&rsquo;\u00c9glise, J\u00e9sus n&rsquo;est pas seulement un proph\u00e8te, un sage ou un chef religieux, mais le Fils de Dieu fait homme. En Lui, Dieu se r\u00e9v\u00e8le pleinement. Cela est essentiel pour comprendre pourquoi l&rsquo;\u00c9glise catholique consid\u00e8re sa foi comme la v\u00e9ritable foi.<\/p>\n\n\n\n<h3 class=\"wp-block-heading\"><strong>J\u00e9sus : le chemin, la v\u00e9rit\u00e9 et la vie<\/strong><\/h3>\n\n\n\n<p>Dans l&rsquo;\u00c9vangile de Jean, J\u00e9sus d\u00e9clare : <em>\u00ab Je suis le chemin, la v\u00e9rit\u00e9 et la vie. Nul ne vient au P\u00e8re que par moi \u00bb (Jn 14, 6).<\/em> Cette d\u00e9claration n&rsquo;est pas simplement symbolique ; c&rsquo;est une proclamation que, dans le Christ, se trouve la v\u00e9rit\u00e9 ultime sur Dieu, l&rsquo;homme et le salut. D&rsquo;autres religions, bien qu&rsquo;elles puissent contenir des semences de v\u00e9rit\u00e9 (comme l&rsquo;a reconnu le Concile Vatican II), n&rsquo;atteignent pas la pl\u00e9nitude de la r\u00e9v\u00e9lation divine.<\/p>\n\n\n\n<h3 class=\"wp-block-heading\"><strong>L&rsquo;\u00c9glise comme sacrement de salut<\/strong><\/h3>\n\n\n\n<p>J\u00e9sus a fond\u00e9 l&rsquo;\u00c9glise comme le moyen par lequel sa mission de salut s&rsquo;\u00e9tend au monde. Dans Matthieu 16, 18, J\u00e9sus dit \u00e0 Pierre : <em>\u00ab Tu es Pierre, et sur cette pierre, je b\u00e2tirai mon \u00c9glise, et les portes de l&rsquo;enfer ne pr\u00e9vaudront pas contre elle. \u00bb<\/em> Pour les catholiques, cette \u00c9glise, guid\u00e9e par le Saint-Esprit, est la d\u00e9positaire de la pl\u00e9nitude de la foi.<\/p>\n\n\n\n<hr class=\"wp-block-separator has-alpha-channel-opacity\"\/>\n\n\n\n<h2 class=\"wp-block-heading\"><strong>2. L\u2019histoire : continuit\u00e9 et fid\u00e9lit\u00e9 \u00e0 la r\u00e9v\u00e9lation<\/strong><\/h2>\n\n\n\n<p>L&rsquo;une des raisons pour lesquelles la foi catholique est consid\u00e9r\u00e9e comme vraie est sa continuit\u00e9 historique. Depuis les ap\u00f4tres jusqu&rsquo;\u00e0 aujourd&rsquo;hui, l&rsquo;\u00c9glise catholique a maintenu la fid\u00e9lit\u00e9 au d\u00e9p\u00f4t de la foi.<\/p>\n\n\n\n<h3 class=\"wp-block-heading\"><strong>Racines dans la communaut\u00e9 apostolique<\/strong><\/h3>\n\n\n\n<p>L&rsquo;\u00c9glise catholique peut retracer son origine directement aux ap\u00f4tres, qui ont re\u00e7u la mission de J\u00e9sus d&rsquo;enseigner et de baptiser toutes les nations (cf. Mt 28, 19-20). Cette continuit\u00e9 apostolique, pr\u00e9serv\u00e9e \u00e0 travers le minist\u00e8re des \u00e9v\u00eaques et du pape en tant que successeur de Pierre, garantit que la foi transmise n&rsquo;a pas \u00e9t\u00e9 alt\u00e9r\u00e9e dans son essence.<\/p>\n\n\n\n<h3 class=\"wp-block-heading\"><strong>La fid\u00e9lit\u00e9 au Magist\u00e8re<\/strong><\/h3>\n\n\n\n<p>Le Magist\u00e8re de l&rsquo;\u00c9glise (son autorit\u00e9 pour enseigner en mati\u00e8re de foi et de morale) a \u00e9t\u00e9 une guide constante pour pr\u00e9server la v\u00e9rit\u00e9. \u00c0 travers les conciles \u0153cum\u00e9niques, les encycliques papales et les documents doctrinaux, l&rsquo;\u00c9glise a relev\u00e9 les d\u00e9fis de chaque \u00e9poque sans trahir l&rsquo;enseignement du Christ.<\/p>\n\n\n\n<hr class=\"wp-block-separator has-alpha-channel-opacity\"\/>\n\n\n\n<h2 class=\"wp-block-heading\"><strong>3. Reconna\u00eetre les semences de v\u00e9rit\u00e9 dans les autres religions<\/strong><\/h2>\n\n\n\n<p>Le fait que les catholiques affirment la v\u00e9rit\u00e9 de leur foi ne signifie pas une condamnation des autres religions. Le Concile Vatican II, notamment dans le document <em>Nostra Aetate<\/em>, reconna\u00eet que d&rsquo;autres traditions religieuses contiennent des reflets de la v\u00e9rit\u00e9 divine.<\/p>\n\n\n\n<h3 class=\"wp-block-heading\"><strong>Quelles sont les semences de v\u00e9rit\u00e9 ?<\/strong><\/h3>\n\n\n\n<p>Les semences de v\u00e9rit\u00e9 sont des \u00e9l\u00e9ments de bont\u00e9, de v\u00e9rit\u00e9 et de beaut\u00e9 pr\u00e9sents dans d&rsquo;autres religions et philosophies. Par exemple, la recherche du transcendant dans l&rsquo;hindouisme, l&rsquo;accent sur la compassion dans le bouddhisme ou le monoth\u00e9isme de l&rsquo;islam refl\u00e8tent certains aspects de la v\u00e9rit\u00e9 divine. Cependant, selon l&rsquo;enseignement catholique, ces v\u00e9rit\u00e9s partielles trouvent leur accomplissement et leur pl\u00e9nitude en Christ.<\/p>\n\n\n\n<h3 class=\"wp-block-heading\"><strong>La diff\u00e9rence essentielle<\/strong><\/h3>\n\n\n\n<p>Alors que d&rsquo;autres religions cherchent Dieu par l&rsquo;effort humain, le christianisme se distingue par le fait que c&rsquo;est Dieu qui vient \u00e0 la rencontre de l&rsquo;humanit\u00e9 dans le Christ. L&rsquo;incarnation de J\u00e9sus est unique : Dieu assume notre humanit\u00e9 pour nous \u00e9lever \u00e0 sa divinit\u00e9. Cette diff\u00e9rence constitue le c\u0153ur de la raison pour laquelle les catholiques consid\u00e8rent leur foi comme vraie.<\/p>\n\n\n\n<hr class=\"wp-block-separator has-alpha-channel-opacity\"\/>\n\n\n\n<h2 class=\"wp-block-heading\"><strong>4. Applications pratiques de cette v\u00e9rit\u00e9 dans la vie quotidienne<\/strong><\/h2>\n\n\n\n<p>L&rsquo;affirmation que la foi catholique est la v\u00e9ritable foi ne doit pas nous conduire \u00e0 l&rsquo;orgueil ou \u00e0 l&rsquo;autosuffisance. Au contraire, cette v\u00e9rit\u00e9 nous appelle \u00e0 vivre avec humilit\u00e9 et responsabilit\u00e9. Si nous avons re\u00e7u le don de la pl\u00e9nitude de la v\u00e9rit\u00e9, nous devons en \u00eatre des t\u00e9moins fid\u00e8les, en la partageant avec amour et respect.<\/p>\n\n\n\n<h3 class=\"wp-block-heading\"><strong>Vivre en t\u00e9moins du Christ<\/strong><\/h3>\n\n\n\n<p>La v\u00e9ritable foi n&rsquo;est pas simplement une adh\u00e9sion intellectuelle \u00e0 une s\u00e9rie de doctrines. C&rsquo;est un appel \u00e0 la conversion quotidienne, \u00e0 vivre en disciples du Christ. Cela implique de prier, de recevoir les sacrements, de pratiquer la charit\u00e9 et d&rsquo;\u00eatre une lumi\u00e8re pour le monde.<\/p>\n\n\n\n<h3 class=\"wp-block-heading\"><strong>\u00c9vang\u00e9liser avec amour<\/strong><\/h3>\n\n\n\n<p>La certitude de la v\u00e9rit\u00e9 ne nous autorise pas \u00e0 l&rsquo;imposer, mais \u00e0 la partager. Le pape Fran\u00e7ois a insist\u00e9 sur le fait que l&rsquo;\u00e9vang\u00e9lisation doit se faire avec joie et respect, en reconnaissant la dignit\u00e9 de chaque personne et sa qu\u00eate de Dieu.<\/p>\n\n\n\n<h3 class=\"wp-block-heading\"><strong>Dialogue interreligieux<\/strong><\/h3>\n\n\n\n<p>Conna\u00eetre la v\u00e9rit\u00e9 de notre foi nous permet de dialoguer avec des personnes d&rsquo;autres croyances sans crainte ni pr\u00e9jug\u00e9s. Le dialogue ne signifie pas renoncer \u00e0 nos convictions, mais \u00e9couter et partager avec amour, en montrant comment le Christ transforme la vie.<\/p>\n\n\n\n<hr class=\"wp-block-separator has-alpha-channel-opacity\"\/>\n\n\n\n<h2 class=\"wp-block-heading\"><strong>5. La pertinence de cette v\u00e9rit\u00e9 dans le monde contemporain<\/strong><\/h2>\n\n\n\n<p>Dans un monde marqu\u00e9 par le relativisme, o\u00f9 beaucoup de personnes affirment que \u00ab toutes les religions se valent \u00bb, affirmer la v\u00e9rit\u00e9 de la foi catholique peut sembler contre-culturel. Pourtant, c&rsquo;est pr\u00e9cis\u00e9ment dans ce contexte que notre foi brille avec le plus d&rsquo;\u00e9clat.<\/p>\n\n\n\n<h3 class=\"wp-block-heading\"><strong>Certitude face au relativisme<\/strong><\/h3>\n\n\n\n<p>Le relativisme soutient qu&rsquo;il n&rsquo;existe pas de v\u00e9rit\u00e9 absolue et que chacun peut avoir sa \u00ab propre v\u00e9rit\u00e9 \u00bb. La foi catholique, en proclamant que le Christ est la v\u00e9rit\u00e9, offre une r\u00e9ponse ferme et pleine d&rsquo;esp\u00e9rance \u00e0 cette confusion.<\/p>\n\n\n\n<h3 class=\"wp-block-heading\"><strong>Un message d\u2019esp\u00e9rance<\/strong><\/h3>\n\n\n\n<p>L&rsquo;\u00c9glise ne proclame pas la v\u00e9rit\u00e9 comme un fardeau ou une imposition, mais comme une bonne nouvelle : Dieu nous aime, nous cherche et nous offre le salut en Christ. Ce message a le pouvoir de transformer les c\u0153urs et les soci\u00e9t\u00e9s.<\/p>\n\n\n\n<hr class=\"wp-block-separator has-alpha-channel-opacity\"\/>\n\n\n\n<h2 class=\"wp-block-heading\"><strong>Conclusion : Une foi \u00e0 vivre et \u00e0 partager<\/strong><\/h2>\n\n\n\n<p>L&rsquo;affirmation que la foi catholique est la v\u00e9ritable foi n&rsquo;est pas une d\u00e9claration de sup\u00e9riorit\u00e9, mais un t\u00e9moignage de la bont\u00e9 de Dieu pleinement r\u00e9v\u00e9l\u00e9e en Christ. Cette v\u00e9rit\u00e9 ne nous appelle pas \u00e0 l&rsquo;arrogance, mais \u00e0 l&rsquo;humilit\u00e9, \u00e0 l&rsquo;amour et au service. Vivre en tant que catholiques signifie accepter ce don avec gratitude, approfondir notre relation avec Dieu et partager l&rsquo;esp\u00e9rance de l&rsquo;\u00c9vangile avec le monde.<\/p>\n\n\n\n<p>Que cette r\u00e9flexion nous inspire \u00e0 red\u00e9couvrir la richesse de notre foi et \u00e0 la vivre avec plus de ferveur, en nous souvenant toujours que la v\u00e9rit\u00e9 que nous avons re\u00e7ue n\u2019est pas seulement pour nous-m\u00eames, mais pour \u00e9clairer tous ceux qui cherchent Dieu.<\/p>\n","protected":false},"excerpt":{"rendered":"<p>Dire que la foi catholique est la v\u00e9ritable foi par rapport aux autres religions et confessions peut, \u00e0 premi\u00e8re vue, sembler une affirmation exclusiviste, voire arrogante. Cependant, lorsqu&rsquo;on aborde cette question sous un angle th\u00e9ologique, historique et pastoral, on comprend que cette d\u00e9claration ne cherche pas \u00e0 d\u00e9valoriser d&rsquo;autres croyances, mais \u00e0 souligner la pl\u00e9nitude &hellip;<\/p>\n","protected":false},"author":3,"featured_media":1448,"comment_status":"open","ping_status":"open","sticky":false,"template":"","format":"standard","meta":{"_seopress_robots_primary_cat":"","_seopress_titles_title":"","_seopress_titles_desc":"","_seopress_robots_index":"","footnotes":""},"categories":[43,37],"tags":[172],"class_list":["post-1447","post","type-post","status-publish","format-standard","has-post-thumbnail","","category-catechisme-de-leglise-catholique","category-doctrine-et-foi","tag-foi-catholique"],"_links":{"self":[{"href":"https:\/\/catholicus.eu\/fr\/wp-json\/wp\/v2\/posts\/1447","targetHints":{"allow":["GET"]}}],"collection":[{"href":"https:\/\/catholicus.eu\/fr\/wp-json\/wp\/v2\/posts"}],"about":[{"href":"https:\/\/catholicus.eu\/fr\/wp-json\/wp\/v2\/types\/post"}],"author":[{"embeddable":true,"href":"https:\/\/catholicus.eu\/fr\/wp-json\/wp\/v2\/users\/3"}],"replies":[{"embeddable":true,"href":"https:\/\/catholicus.eu\/fr\/wp-json\/wp\/v2\/comments?post=1447"}],"version-history":[{"count":1,"href":"https:\/\/catholicus.eu\/fr\/wp-json\/wp\/v2\/posts\/1447\/revisions"}],"predecessor-version":[{"id":1449,"href":"https:\/\/catholicus.eu\/fr\/wp-json\/wp\/v2\/posts\/1447\/revisions\/1449"}],"wp:featuredmedia":[{"embeddable":true,"href":"https:\/\/catholicus.eu\/fr\/wp-json\/wp\/v2\/media\/1448"}],"wp:attachment":[{"href":"https:\/\/catholicus.eu\/fr\/wp-json\/wp\/v2\/media?parent=1447"}],"wp:term":[{"taxonomy":"category","embeddable":true,"href":"https:\/\/catholicus.eu\/fr\/wp-json\/wp\/v2\/categories?post=1447"},{"taxonomy":"post_tag","embeddable":true,"href":"https:\/\/catholicus.eu\/fr\/wp-json\/wp\/v2\/tags?post=1447"}],"curies":[{"name":"wp","href":"https:\/\/api.w.org\/{rel}","templated":true}]}}