{"id":1383,"date":"2024-11-12T23:07:15","date_gmt":"2024-11-12T22:07:15","guid":{"rendered":"https:\/\/catholicus.eu\/fr\/?p=1383"},"modified":"2024-11-12T23:07:15","modified_gmt":"2024-11-12T22:07:15","slug":"la-foi-peut-elle-enrichir-la-pensee-critique-une-exploration-philosophique","status":"publish","type":"post","link":"https:\/\/catholicus.eu\/fr\/la-foi-peut-elle-enrichir-la-pensee-critique-une-exploration-philosophique\/","title":{"rendered":"La Foi Peut-Elle Enrichir la Pens\u00e9e Critique ? Une Exploration Philosophique"},"content":{"rendered":"\n<p>Dans un monde de plus en plus polaris\u00e9 et complexe, des questions se posent souvent sur la valeur de la foi dans le d\u00e9veloppement d\u2019une pens\u00e9e critique et raisonn\u00e9e. Dans la tradition catholique, la foi n\u2019est pas seulement un acte d\u2019engagement spirituel, mais aussi un moyen de croissance personnelle et de qu\u00eate de v\u00e9rit\u00e9. \u00c0 premi\u00e8re vue, certains pourraient consid\u00e9rer la foi et la pens\u00e9e critique comme oppos\u00e9es, car la foi semble impliquer une acceptation sans preuves, tandis que la pens\u00e9e critique exige le questionnement et l\u2019analyse. Cependant, du point de vue th\u00e9ologique, ces deux dimensions non seulement ne sont pas en conflit, mais se compl\u00e8tent et s\u2019enrichissent mutuellement.<\/p>\n\n\n\n<p>Dans cet article, nous explorerons comment la foi, loin de nier la raison, peut renforcer la pens\u00e9e critique dans la vie chr\u00e9tienne. Examiner cette relation nous permet de d\u00e9couvrir comment une foi v\u00e9cue et profonde peut donner aux croyants une vision plus large et plus compatissante du monde, tout en approfondissant leur compr\u00e9hension et leur discernement.<\/p>\n\n\n\n<hr class=\"wp-block-separator has-alpha-channel-opacity\"\/>\n\n\n\n<h3 class=\"wp-block-heading\">Contexte Historique et Biblique<\/h3>\n\n\n\n<p>La relation entre foi et raison est un th\u00e8me r\u00e9current dans les Saintes \u00c9critures. La Bible, loin de rejeter l\u2019intelligence humaine, l\u2019invite \u00e0 participer \u00e0 la recherche de Dieu et de la v\u00e9rit\u00e9. Dans le Livre des Proverbes, nous sommes encourag\u00e9s \u00e0 chercher la sagesse : \u00ab Pr\u00eate l\u2019oreille \u00e0 la sagesse et incline ton c\u0153ur vers l\u2019intelligence \u00bb (Proverbes 2:2). Ici, les \u00c9critures sugg\u00e8rent que la sagesse est un bien d\u00e9sirable, une vertu qui peut guider nos d\u00e9cisions et renforcer notre foi.<\/p>\n\n\n\n<p>Dans le Nouveau Testament, cette relation devient encore plus claire. J\u00e9sus lui-m\u00eame invite ses disciples \u00e0 \u00ab aimer le Seigneur de tout leur c\u0153ur, de toute leur \u00e2me et de toute leur intelligence \u00bb (Matthieu 22:37). Dans ce commandement, l\u2019intelligence occupe une place sp\u00e9ciale dans la vie du croyant. Le Christ ne demande pas une foi aveugle, mais une foi qui inclut la compr\u00e9hension. Les premiers chr\u00e9tiens, en particulier dans les \u00e9crits de Saint Paul, montrent une foi qui implique la raison et le discernement. Dans sa lettre aux Romains, Paul exhorte les croyants \u00e0 \u00eatre \u00ab transform\u00e9s par le renouvellement de l\u2019intelligence \u00bb (Romains 12:2), sugg\u00e9rant une foi qui transforme non seulement le c\u0153ur mais aussi l\u2019esprit.<\/p>\n\n\n\n<p>Les P\u00e8res de l\u2019\u00c9glise, tels que Saint Augustin et Saint Thomas d\u2019Aquin, ont approfondi cette relation entre foi et raison. Pour eux, l\u2019utilisation de la raison et de la pens\u00e9e critique \u00e9tait essentielle pour comprendre et vivre pleinement la foi. Ces penseurs reconnaissaient que la raison pouvait guider la foi vers une compr\u00e9hension plus profonde des myst\u00e8res divins, sans lui enlever son caract\u00e8re transcendantal.<\/p>\n\n\n\n<hr class=\"wp-block-separator has-alpha-channel-opacity\"\/>\n\n\n\n<h3 class=\"wp-block-heading\">La Pertinence Th\u00e9ologique<\/h3>\n\n\n\n<p>Du point de vue th\u00e9ologique, la foi et la pens\u00e9e critique sont intrins\u00e8quement li\u00e9es car elles cherchent toutes deux la v\u00e9rit\u00e9. Saint Thomas d\u2019Aquin affirmait que la v\u00e9rit\u00e9 est une, et que toute connaissance v\u00e9ritable vient de Dieu, qu\u2019elle soit atteinte par la foi ou la raison. La foi ne s\u2019oppose pas \u00e0 la raison ; elle l\u2019\u00e9l\u00e8ve, ouvrant la pens\u00e9e humaine \u00e0 des r\u00e9alit\u00e9s que la raison seule ne pourrait atteindre. En ce sens, la foi permet au croyant d\u2019atteindre une connaissance plus profonde de la v\u00e9rit\u00e9, et la pens\u00e9e critique, \u00e0 son tour, enrichit l\u2019exp\u00e9rience de cette foi, nous aidant \u00e0 \u00e9viter les postures extr\u00eames ou superstitieuses.<\/p>\n\n\n\n<p>De plus, la pens\u00e9e critique est un moyen par lequel la foi peut m\u00fbrir et grandir. Une foi authentique ne doit pas craindre les questions ni les doutes ; au contraire, elle doit les int\u00e9grer dans une recherche constante de la v\u00e9rit\u00e9. Cette perspective peut \u00eatre r\u00e9confortante pour de nombreux croyants modernes qui, dans un monde de plus en plus s\u00e9cularis\u00e9, se sentent parfois partag\u00e9s entre leur foi et leur d\u00e9sir de compr\u00e9hension rationnelle.<\/p>\n\n\n\n<hr class=\"wp-block-separator has-alpha-channel-opacity\"\/>\n\n\n\n<h3 class=\"wp-block-heading\">Applications Pratiques<\/h3>\n\n\n\n<p>Comment la foi chr\u00e9tienne peut-elle enrichir la pens\u00e9e critique dans la vie quotidienne ? Voici quelques exemples sp\u00e9cifiques qui peuvent guider les croyants dans l\u2019int\u00e9gration de ces deux aspects dans leur vie de tous les jours.<\/p>\n\n\n\n<h4 class=\"wp-block-heading\">1. <strong>Discernement dans la Prise de D\u00e9cision<\/strong><\/h4>\n\n\n\n<p>La vie est pleine de d\u00e9cisions complexes, du choix d\u2019une carri\u00e8re \u00e0 la r\u00e9solution de conflits familiaux. La foi invite les croyants \u00e0 chercher la volont\u00e9 de Dieu dans chaque d\u00e9cision, ce qui implique un processus de discernement qui n\u00e9cessite souvent une r\u00e9flexion critique et une analyse. En priant et en r\u00e9fl\u00e9chissant aux options, le croyant peut d\u00e9velopper une approche de pens\u00e9e critique bas\u00e9e sur la sagesse de Dieu et non seulement sur ses d\u00e9sirs personnels.<\/p>\n\n\n\n<h4 class=\"wp-block-heading\">2. <strong>\u00c9largir la Perspective dans les D\u00e9bats et Conversations<\/strong><\/h4>\n\n\n\n<p>\u00c0 une \u00e9poque de r\u00e9seaux sociaux et de polarisation id\u00e9ologique, la pens\u00e9e critique fond\u00e9e sur la foi permet aux chr\u00e9tiens d\u2019\u00e9couter et de comprendre les autres sans pr\u00e9jug\u00e9s. La foi nous invite \u00e0 voir chaque personne comme un enfant de Dieu, ind\u00e9pendamment de ses opinions. Cette ouverture aide les chr\u00e9tiens \u00e0 aborder les conversations difficiles avec un esprit ouvert et une disposition \u00e0 apprendre.<\/p>\n\n\n\n<h4 class=\"wp-block-heading\">3. <strong>R\u00e9fl\u00e9chir sur les Informations et les M\u00e9dias<\/strong><\/h4>\n\n\n\n<p>Nous vivons \u00e0 une \u00e9poque de surcharge d\u2019informations. La pens\u00e9e critique inspir\u00e9e par la foi aide les croyants \u00e0 analyser les informations, \u00e0 discerner ce qui est vrai et utile de ce qui ne l\u2019est pas. La foi chr\u00e9tienne peut motiver \u00e0 rechercher la v\u00e9rit\u00e9 avec humilit\u00e9 et \u00e0 rejeter la d\u00e9sinformation qui s\u00e8me la division.<\/p>\n\n\n\n<h4 class=\"wp-block-heading\">4. <strong>Cultiver l\u2019Humilit\u00e9 dans la Recherche de la Connaissance<\/strong><\/h4>\n\n\n\n<p>La foi chr\u00e9tienne enseigne l\u2019humilit\u00e9 et la reconnaissance de nos limites. Cette humilit\u00e9 est fondamentale dans la pens\u00e9e critique, car elle nous permet d\u2019\u00eatre ouverts \u00e0 corriger nos erreurs et \u00e0 accepter que nous avons toujours quelque chose \u00e0 apprendre.<\/p>\n\n\n\n<hr class=\"wp-block-separator has-alpha-channel-opacity\"\/>\n\n\n\n<h3 class=\"wp-block-heading\">R\u00e9flexion Contemporaine<\/h3>\n\n\n\n<p>Aujourd\u2019hui, la relation entre foi et pens\u00e9e critique fait face \u00e0 des d\u00e9fis et des opportunit\u00e9s uniques. Dans un monde marqu\u00e9 par le relativisme, la science et la technologie avancent \u00e0 un rythme qui d\u00e9passe notre capacit\u00e9 \u00e0 comprendre pleinement leurs implications \u00e9thiques. Cela am\u00e8ne beaucoup \u00e0 se demander si la foi reste pertinente ou si la pens\u00e9e critique seule suffit \u00e0 affronter les dilemmes \u00e9thiques et existentiels.<\/p>\n\n\n\n<p>Cependant, la foi peut offrir une dimension d\u2019esp\u00e9rance et de but qui d\u00e9passe l\u2019analyse rationnelle. En temps de crise, la foi procure une base solide, une source de r\u00e9confort et de force qui transcende la raison. En m\u00eame temps, la pens\u00e9e critique reste essentielle pour vivre une foi authentique et \u00e9viter de tomber dans des interpr\u00e9tations erron\u00e9es ou des fanatismes. En ce sens, les chr\u00e9tiens sont appel\u00e9s \u00e0 vivre une foi qui ne s\u2019isole pas de la r\u00e9alit\u00e9 mais cherche \u00e0 l\u2019\u00e9clairer avec la lumi\u00e8re de l\u2019\u00c9vangile.<\/p>\n\n\n\n<p>Par exemple, dans des questions comme la protection de l\u2019environnement, la foi offre une perspective \u00e9thique sur la cr\u00e9ation, tandis que la pens\u00e9e critique nous permet d\u2019\u00e9valuer les solutions pratiques et leurs cons\u00e9quences possibles. La foi nous appelle \u00e0 respecter et \u00e0 prendre soin du monde, tandis que la pens\u00e9e critique nous aide \u00e0 comprendre les actions concr\u00e8tes n\u00e9cessaires pour remplir cette responsabilit\u00e9.<\/p>\n\n\n\n<hr class=\"wp-block-separator has-alpha-channel-opacity\"\/>\n\n\n\n<h3 class=\"wp-block-heading\">Conclusion<\/h3>\n\n\n\n<p>La foi chr\u00e9tienne et la pens\u00e9e critique, loin d\u2019\u00eatre oppos\u00e9es, se compl\u00e8tent de mani\u00e8re riche et significative. La foi nous invite \u00e0 faire confiance en une v\u00e9rit\u00e9 qui d\u00e9passe notre compr\u00e9hension, tandis que la pens\u00e9e critique nous aide \u00e0 explorer, \u00e0 comprendre et \u00e0 vivre cette v\u00e9rit\u00e9 de mani\u00e8re authentique et responsable. Dans une soci\u00e9t\u00e9 qui consid\u00e8re souvent la foi comme d\u00e9pass\u00e9e ou irrationnelle, cette perspective nous met au d\u00e9fi de red\u00e9couvrir la valeur d\u2019une foi vivante et r\u00e9fl\u00e9chie.<\/p>\n\n\n\n<p>Pour le chr\u00e9tien, vivre cette harmonie signifie \u00eatre une personne de foi avec l\u2019esprit ouvert, pr\u00eate \u00e0 apprendre, \u00e0 r\u00e9fl\u00e9chir et \u00e0 grandir. Dans la vie quotidienne, cette attitude se traduit par une disposition \u00e0 \u00e9couter, \u00e0 analyser et \u00e0 agir selon les principes de l\u2019\u00c9vangile. Une telle int\u00e9gration nous aide \u00e0 prendre des d\u00e9cisions avec sagesse, \u00e0 b\u00e2tir des relations bas\u00e9es sur l\u2019amour et la v\u00e9rit\u00e9, et \u00e0 affronter les d\u00e9fis modernes avec une esp\u00e9rance in\u00e9branlable.<\/p>\n\n\n\n<p>Puisse cette r\u00e9flexion inspirer les croyants \u00e0 cultiver \u00e0 la fois leur foi et leur pens\u00e9e critique, en se rappelant toujours que la recherche de la v\u00e9rit\u00e9 est, en fin de compte, un acte d\u2019amour envers Dieu et le prochain.<\/p>\n","protected":false},"excerpt":{"rendered":"<p>Dans un monde de plus en plus polaris\u00e9 et complexe, des questions se posent souvent sur la valeur de la foi dans le d\u00e9veloppement d\u2019une pens\u00e9e critique et raisonn\u00e9e. Dans la tradition catholique, la foi n\u2019est pas seulement un acte d\u2019engagement spirituel, mais aussi un moyen de croissance personnelle et de qu\u00eate de v\u00e9rit\u00e9. \u00c0 &hellip;<\/p>\n","protected":false},"author":3,"featured_media":1384,"comment_status":"open","ping_status":"open","sticky":false,"template":"","format":"standard","meta":{"_seopress_robots_primary_cat":"","_seopress_titles_title":"","_seopress_titles_desc":"","_seopress_robots_index":"","footnotes":""},"categories":[41,63],"tags":[164,249],"class_list":["post-1383","post","type-post","status-publish","format-standard","has-post-thumbnail","","category-foi-et-culture","category-philosophie-et-foi","tag-foi","tag-pensee-critique"],"_links":{"self":[{"href":"https:\/\/catholicus.eu\/fr\/wp-json\/wp\/v2\/posts\/1383","targetHints":{"allow":["GET"]}}],"collection":[{"href":"https:\/\/catholicus.eu\/fr\/wp-json\/wp\/v2\/posts"}],"about":[{"href":"https:\/\/catholicus.eu\/fr\/wp-json\/wp\/v2\/types\/post"}],"author":[{"embeddable":true,"href":"https:\/\/catholicus.eu\/fr\/wp-json\/wp\/v2\/users\/3"}],"replies":[{"embeddable":true,"href":"https:\/\/catholicus.eu\/fr\/wp-json\/wp\/v2\/comments?post=1383"}],"version-history":[{"count":1,"href":"https:\/\/catholicus.eu\/fr\/wp-json\/wp\/v2\/posts\/1383\/revisions"}],"predecessor-version":[{"id":1385,"href":"https:\/\/catholicus.eu\/fr\/wp-json\/wp\/v2\/posts\/1383\/revisions\/1385"}],"wp:featuredmedia":[{"embeddable":true,"href":"https:\/\/catholicus.eu\/fr\/wp-json\/wp\/v2\/media\/1384"}],"wp:attachment":[{"href":"https:\/\/catholicus.eu\/fr\/wp-json\/wp\/v2\/media?parent=1383"}],"wp:term":[{"taxonomy":"category","embeddable":true,"href":"https:\/\/catholicus.eu\/fr\/wp-json\/wp\/v2\/categories?post=1383"},{"taxonomy":"post_tag","embeddable":true,"href":"https:\/\/catholicus.eu\/fr\/wp-json\/wp\/v2\/tags?post=1383"}],"curies":[{"name":"wp","href":"https:\/\/api.w.org\/{rel}","templated":true}]}}