{"id":1380,"date":"2024-11-12T21:42:18","date_gmt":"2024-11-12T20:42:18","guid":{"rendered":"https:\/\/catholicus.eu\/fr\/?p=1380"},"modified":"2024-11-12T21:42:18","modified_gmt":"2024-11-12T20:42:18","slug":"les-vertus-cardinales-un-guide-spirituel-pour-la-vie-quotidienne","status":"publish","type":"post","link":"https:\/\/catholicus.eu\/fr\/les-vertus-cardinales-un-guide-spirituel-pour-la-vie-quotidienne\/","title":{"rendered":"Les Vertus Cardinales : Un Guide Spirituel pour la Vie Quotidienne"},"content":{"rendered":"\n<p>Les vertus cardinales sont les fondements moraux sur lesquels s\u2019appuie une vie \u00e9thique et \u00e9panouie, orient\u00e9e vers le bien et le d\u00e9veloppement personnel. Ces quatre vertus &#8211; la prudence, la justice, la force et la temp\u00e9rance &#8211; sont ch\u00e9ries par la philosophie et la th\u00e9ologie depuis des si\u00e8cles, et leur importance dans le monde actuel reste incontestable. \u00c0 une \u00e9poque o\u00f9 nous recherchons \u00e9quilibre et sens, ces vertus nous offrent un chemin \u00e9prouv\u00e9 vers une vie significative, en harmonie avec la volont\u00e9 divine et le bien commun. Mais que signifie r\u00e9ellement vivre ces vertus, et comment peuvent-elles nous guider dans notre vie quotidienne ? Explorons-les ensemble.<\/p>\n\n\n\n<h3 class=\"wp-block-heading\">L&rsquo;Histoire et la Signification des Vertus Cardinales<\/h3>\n\n\n\n<p>Le terme \u00ab vertu cardinale \u00bb vient du mot latin <em>cardo<\/em>, qui signifie \u00ab pivot \u00bb. Ces vertus sont, en essence, les \u00ab pivots \u00bb d\u2019une vie vertueuse, essentielles au d\u00e9veloppement d\u2019un caract\u00e8re moral solide. Les vertus cardinales n\u2019\u00e9taient pas un concept exclusif au christianisme ; dans la Gr\u00e8ce antique, des philosophes comme Platon et Aristote ont d\u00e9j\u00e0 r\u00e9fl\u00e9chi \u00e0 ces vertus comme des principes moraux orientant vers une vie bonne. Pour eux, vivre vertueusement signifiait atteindre la pl\u00e9nitude de l\u2019existence humaine.<\/p>\n\n\n\n<p>C\u2019est cependant Saint Ambroise de Milan qui a formalis\u00e9 l\u2019inclusion des vertus cardinales dans la doctrine chr\u00e9tienne, les int\u00e9grant dans la th\u00e9ologie morale. Plus tard, Saint Thomas d\u2019Aquin, l\u2019un des plus grands th\u00e9ologiens de l\u2019\u00c9glise, a approfondi l\u2019\u00e9tude de ces vertus dans son \u0153uvre <em>Somme Th\u00e9ologique<\/em>, les consid\u00e9rant comme fondamentales pour la vie chr\u00e9tienne et essentielles pour atteindre la perfection humaine.<\/p>\n\n\n\n<h3 class=\"wp-block-heading\">1. <strong>La Prudence : La Sagesse dans la Prise de D\u00e9cision<\/strong><\/h3>\n\n\n\n<p>La prudence, souvent d\u00e9finie comme la \u00ab sagesse pratique \u00bb, est la vertu qui nous aide \u00e0 discerner le bien du mal dans chaque situation sp\u00e9cifique. Il ne s\u2019agit pas simplement d\u2019\u00eatre prudent, mais de rechercher toujours le bien et d\u2019agir en accord avec la v\u00e9rit\u00e9. La prudence guide toutes les autres vertus, car sans une vision claire et raisonnable de ce qui est juste, m\u00eame les meilleures intentions peuvent d\u00e9vier.<\/p>\n\n\n\n<h4 class=\"wp-block-heading\">Application Pratique de la Prudence<\/h4>\n\n\n\n<p>Dans la vie quotidienne, la prudence se manifeste par notre capacit\u00e9 \u00e0 r\u00e9fl\u00e9chir avant d\u2019agir, \u00e0 \u00e9valuer les cons\u00e9quences possibles de nos actions et \u00e0 demander conseil quand cela est n\u00e9cessaire. Dans le monde actuel, o\u00f9 les d\u00e9cisions sont souvent prises rapidement ou de mani\u00e8re impulsive, la prudence nous invite \u00e0 faire une pause et \u00e0 r\u00e9fl\u00e9chir. Par exemple, avant de r\u00e9pondre impulsivement \u00e0 un message qui nous irrite, pratiquer la prudence peut signifier prendre quelques minutes pour se calmer, r\u00e9fl\u00e9chir aux mots justes et r\u00e9pondre avec respect et gentillesse.<\/p>\n\n\n\n<h3 class=\"wp-block-heading\">2. <strong>La Justice : Donner \u00e0 Chacun ce qui Lui Est D\u00fb<\/strong><\/h3>\n\n\n\n<p>La justice est la vertu qui nous pousse \u00e0 donner \u00e0 chaque personne ce qui lui est d\u00fb, en reconnaissant sa dignit\u00e9 et en respectant ses droits. Dans la doctrine chr\u00e9tienne, la justice est bien plus qu\u2019une norme l\u00e9gale ; elle est un appel \u00e0 vivre avec droiture et avec un engagement profond envers le bien commun. La justice s\u2019int\u00e9resse non seulement \u00e0 nos obligations personnelles, mais aussi \u00e0 notre r\u00f4le dans la construction d\u2019une soci\u00e9t\u00e9 plus \u00e9quitable.<\/p>\n\n\n\n<h4 class=\"wp-block-heading\">Application Pratique de la Justice<\/h4>\n\n\n\n<p>Dans notre monde actuel, \u00eatre juste implique de reconna\u00eetre et de corriger les in\u00e9galit\u00e9s. Cela peut commencer par de petits gestes au quotidien : traiter les autres avec respect, \u00eatre honn\u00eate dans nos relations et soutenir ceux qui en ont besoin. De plus, la justice nous invite \u00e0 r\u00e9fl\u00e9chir \u00e0 notre responsabilit\u00e9 sociale : Pouvons-nous \u00eatre plus solidaires dans notre communaut\u00e9 ? Nous pr\u00e9occupons-nous du bien-\u00eatre de ceux qui nous entourent ? \u00catre juste est, en fin de compte, une fa\u00e7on d\u2019exprimer l\u2019amour de Dieu dans notre vie quotidienne, en \u00e9tant conscients que chaque personne est pr\u00e9cieuse \u00e0 Ses yeux.<\/p>\n\n\n\n<h3 class=\"wp-block-heading\">3. <strong>La Force : Le Courage de Faire Face aux Difficult\u00e9s<\/strong><\/h3>\n\n\n\n<p>La force est la vertu qui nous permet d\u2019affronter l\u2019adversit\u00e9 avec courage et pers\u00e9v\u00e9rance. Ce n\u2019est pas une attitude rigide ou agressive, mais une force int\u00e9rieure pour r\u00e9sister aux d\u00e9fis, \u00e0 la douleur et aux difficult\u00e9s sans perdre espoir. La force ne nous prot\u00e8ge pas de la souffrance, mais elle nous donne le courage de la supporter, en ayant confiance que Dieu ne nous abandonne jamais.<\/p>\n\n\n\n<h4 class=\"wp-block-heading\">Application Pratique de la Force<\/h4>\n\n\n\n<p>Vivre avec force aujourd\u2019hui est particuli\u00e8rement difficile. Dans un monde qui nous incite souvent \u00e0 fuir la douleur et \u00e0 \u00e9viter le sacrifice, la force nous rappelle l\u2019importance de rester fermes dans nos convictions, m\u00eame lorsque le chemin devient difficile. Cela peut signifier garder la foi dans les moments de crise, d\u00e9fendre nos croyances face aux critiques ou rester fid\u00e8les \u00e0 nos engagements personnels et familiaux. Renforcer cette vertu implique de cultiver une attitude de confiance en Dieu, qui nous donne la force de surmonter toutes les \u00e9preuves.<\/p>\n\n\n\n<h3 class=\"wp-block-heading\">4. <strong>La Temp\u00e9rance : L\u2019\u00c9quilibre et la Mod\u00e9ration dans la Vie<\/strong><\/h3>\n\n\n\n<p>La temp\u00e9rance est la vertu qui nous aide \u00e0 mod\u00e9rer nos d\u00e9sirs et \u00e0 garder le contr\u00f4le sur nos impulsions. Il ne s\u2019agit pas d\u2019une renonciation absolue, mais de trouver un \u00e9quilibre sain et d\u2019\u00e9viter les exc\u00e8s. La temp\u00e9rance nous invite \u00e0 vivre de mani\u00e8re sobre et concentr\u00e9e sur ce qui est vraiment important, en \u00e9vitant les plaisirs qui nous d\u00e9tournent de notre v\u00e9ritable vocation et mission.<\/p>\n\n\n\n<h4 class=\"wp-block-heading\">Application Pratique de la Temp\u00e9rance<\/h4>\n\n\n\n<p>La vie moderne est remplie de tentations qui peuvent nous conduire \u00e0 l\u2019exc\u00e8s ou au gaspillage : la surconsommation, la d\u00e9pendance \u00e0 la technologie ou le divertissement sans limites. Pratiquer la temp\u00e9rance peut nous aider \u00e0 \u00e9tablir des limites saines dans ces domaines. Par exemple, dans le domaine des r\u00e9seaux sociaux, la temp\u00e9rance nous permet de les utiliser de mani\u00e8re positive et limit\u00e9e, sans nous laisser absorber par le flot constant d\u2019informations. Elle nous aide \u00e0 vivre avec simplicit\u00e9 et \u00e0 recentrer notre c\u0153ur sur ce qui nous apporte vraiment paix et sens.<\/p>\n\n\n\n<h3 class=\"wp-block-heading\">Les Vertus Cardinales dans Notre Vie Spirituelle<\/h3>\n\n\n\n<p>Au-del\u00e0 de leur application dans la vie quotidienne, les vertus cardinales sont un chemin vers la saintet\u00e9 et la croissance spirituelle. Chacune de ces vertus, en essence, refl\u00e8te le caract\u00e8re de Dieu : Il est prudent et sage, juste et droit, fort dans Son amour pour nous et mesur\u00e9 dans Sa justice. Vivre ces vertus, c\u2019est imiter Dieu et se rapprocher davantage de Son image.<\/p>\n\n\n\n<p>En pratique, nous pouvons cultiver ces vertus par la pri\u00e8re et la r\u00e9flexion, en demandant \u00e0 Dieu la gr\u00e2ce de vivre avec prudence, justice, force et temp\u00e9rance. La confession et la direction spirituelle peuvent aussi \u00eatre des ressources pr\u00e9cieuses pour identifier nos domaines de croissance dans chaque vertu et y travailler avec humilit\u00e9 et engagement.<\/p>\n\n\n\n<h3 class=\"wp-block-heading\">Pourquoi Sont-elles Pertinentes Aujourd&rsquo;hui ?<\/h3>\n\n\n\n<p>Dans une soci\u00e9t\u00e9 qui tend \u00e0 se concentrer sur le succ\u00e8s rapide et les plaisirs imm\u00e9diats, les vertus cardinales offrent un contrepoids essentiel. Elles nous rappellent que le v\u00e9ritable \u00e9panouissement ne se trouve pas dans ce que nous poss\u00e9dons ou accomplissons, mais dans la qualit\u00e9 de notre caract\u00e8re et la profondeur de nos relations. De plus, ces vertus sont essentielles dans le contexte d\u2019une vie chr\u00e9tienne qui recherche le bien et l\u2019harmonie avec les autres. En cultivant ces vertus, nous am\u00e9liorons non seulement notre propre vie, mais contribuons aussi \u00e0 construire un monde plus juste, solidaire et en paix.<\/p>\n\n\n\n<h3 class=\"wp-block-heading\">Comment Commencer \u00e0 Pratiquer les Vertus Cardinales<\/h3>\n\n\n\n<p>Pratiquer les vertus cardinales est un processus graduel qui n\u00e9cessite connaissance de soi, discipline et ouverture \u00e0 la croissance spirituelle. Voici quelques \u00e9tapes pour commencer :<\/p>\n\n\n\n<ol class=\"wp-block-list\">\n<li><strong>R\u00e9fl\u00e9chissez chaque jour<\/strong> \u00e0 vos d\u00e9cisions et attitudes. Demandez-vous comment vous pouvez agir avec plus de prudence, de justice, de force et de temp\u00e9rance dans chaque situation.<\/li>\n\n\n\n<li><strong>Cherchez un soutien spirituel<\/strong> par la pri\u00e8re et les sacrements, en particulier l\u2019Eucharistie et la confession, qui nous fortifient et nous purifient.<\/li>\n\n\n\n<li><strong>Fixez des objectifs concrets<\/strong> pour chaque vertu. Par exemple, proposez-vous d\u2019\u00eatre plus juste dans vos relations personnelles, en manifestant de la gratitude et du respect envers ceux qui vous entourent.<\/li>\n\n\n\n<li><strong>Lisez et \u00e9tudiez<\/strong> les vies des saints qui ont illustr\u00e9 ces vertus, et inspirez-vous de leur exemple.<\/li>\n<\/ol>\n\n\n\n<h3 class=\"wp-block-heading\">Conclusion<\/h3>\n\n\n\n<p>Les vertus cardinales nous offrent une feuille de route pour vivre en harmonie avec Dieu et avec les autres. Elles ne sont pas un id\u00e9al inaccessible, mais des outils pratiques que, avec l\u2019aide de Dieu, nous pouvons cultiver chaque jour. En embrassant la prudence, la justice, la force et la temp\u00e9rance, nous nous ouvrons \u00e0 la possibilit\u00e9 de vivre une vie plus riche et plus significative, en communion avec l\u2019amour de Dieu et au service des autres. Dans ce cheminement, la gr\u00e2ce divine agit comme notre guide et notre soutien, renfor\u00e7ant notre volont\u00e9 de devenir chaque jour de meilleures personnes.<\/p>\n","protected":false},"excerpt":{"rendered":"<p>Les vertus cardinales sont les fondements moraux sur lesquels s\u2019appuie une vie \u00e9thique et \u00e9panouie, orient\u00e9e vers le bien et le d\u00e9veloppement personnel. Ces quatre vertus &#8211; la prudence, la justice, la force et la temp\u00e9rance &#8211; sont ch\u00e9ries par la philosophie et la th\u00e9ologie depuis des si\u00e8cles, et leur importance dans le monde actuel &hellip;<\/p>\n","protected":false},"author":3,"featured_media":1381,"comment_status":"open","ping_status":"open","sticky":false,"template":"","format":"standard","meta":{"_seopress_robots_primary_cat":"","_seopress_titles_title":"","_seopress_titles_desc":"","_seopress_robots_index":"","footnotes":""},"categories":[39,57],"tags":[248],"class_list":["post-1380","post","type-post","status-publish","format-standard","has-post-thumbnail","","category-morale-et-vie-chretienne","category-vertus-chretiennes","tag-vertus-cardinales"],"_links":{"self":[{"href":"https:\/\/catholicus.eu\/fr\/wp-json\/wp\/v2\/posts\/1380","targetHints":{"allow":["GET"]}}],"collection":[{"href":"https:\/\/catholicus.eu\/fr\/wp-json\/wp\/v2\/posts"}],"about":[{"href":"https:\/\/catholicus.eu\/fr\/wp-json\/wp\/v2\/types\/post"}],"author":[{"embeddable":true,"href":"https:\/\/catholicus.eu\/fr\/wp-json\/wp\/v2\/users\/3"}],"replies":[{"embeddable":true,"href":"https:\/\/catholicus.eu\/fr\/wp-json\/wp\/v2\/comments?post=1380"}],"version-history":[{"count":1,"href":"https:\/\/catholicus.eu\/fr\/wp-json\/wp\/v2\/posts\/1380\/revisions"}],"predecessor-version":[{"id":1382,"href":"https:\/\/catholicus.eu\/fr\/wp-json\/wp\/v2\/posts\/1380\/revisions\/1382"}],"wp:featuredmedia":[{"embeddable":true,"href":"https:\/\/catholicus.eu\/fr\/wp-json\/wp\/v2\/media\/1381"}],"wp:attachment":[{"href":"https:\/\/catholicus.eu\/fr\/wp-json\/wp\/v2\/media?parent=1380"}],"wp:term":[{"taxonomy":"category","embeddable":true,"href":"https:\/\/catholicus.eu\/fr\/wp-json\/wp\/v2\/categories?post=1380"},{"taxonomy":"post_tag","embeddable":true,"href":"https:\/\/catholicus.eu\/fr\/wp-json\/wp\/v2\/tags?post=1380"}],"curies":[{"name":"wp","href":"https:\/\/api.w.org\/{rel}","templated":true}]}}