{"id":1336,"date":"2024-11-08T23:38:27","date_gmt":"2024-11-08T22:38:27","guid":{"rendered":"https:\/\/catholicus.eu\/fr\/?p=1336"},"modified":"2024-11-08T23:38:27","modified_gmt":"2024-11-08T22:38:27","slug":"leglise-catholique-maronite-histoire-foi-et-spiritualite-dans-le-monde-contemporain","status":"publish","type":"post","link":"https:\/\/catholicus.eu\/fr\/leglise-catholique-maronite-histoire-foi-et-spiritualite-dans-le-monde-contemporain\/","title":{"rendered":"L\u2019\u00c9glise catholique maronite : Histoire, Foi et Spiritualit\u00e9 dans le Monde Contemporain"},"content":{"rendered":"\n<p class=\"wp-block-paragraph\">Dans un monde aussi divers et connect\u00e9 que le n\u00f4tre, le christianisme se manifeste \u00e0 travers une vari\u00e9t\u00e9 de traditions et de rites, chacun enrichissant son h\u00e9ritage et incarnant la foi de mani\u00e8re authentique. Une de ces traditions est l&rsquo;\u00c9glise catholique maronite, une communaut\u00e9 profond\u00e9ment enracin\u00e9e dans la spiritualit\u00e9 et la culture du Moyen-Orient. Au fil des si\u00e8cles, cette \u00c9glise a pr\u00e9serv\u00e9 une foi et une identit\u00e9 culturelle uniques, entrelac\u00e9es avec l&rsquo;histoire de son fondateur, Saint Maron, et celle de ceux qui, au fil du temps, ont d\u00e9fendu leur foi face \u00e0 de grands d\u00e9fis.<\/p>\n\n\n\n<p class=\"wp-block-paragraph\">Dans cet article, nous explorerons ce qu&rsquo;est l&rsquo;\u00c9glise catholique maronite, sa signification th\u00e9ologique et spirituelle, son histoire fascinante et comment ses enseignements peuvent nous inspirer aujourd&rsquo;hui, tant spirituellement que dans nos engagements quotidiens.<\/p>\n\n\n\n<hr class=\"wp-block-separator has-alpha-channel-opacity\"\/>\n\n\n\n<h3 class=\"wp-block-heading\">Qu&rsquo;est-ce que l&rsquo;\u00c9glise catholique maronite ?<\/h3>\n\n\n\n<p class=\"wp-block-paragraph\">L&rsquo;\u00c9glise catholique maronite est l&rsquo;une des vingt-quatre \u00c9glises autonomes qui composent l&rsquo;\u00c9glise catholique universelle. De rite oriental, elle suit le rite liturgique antiochien et, bien qu&rsquo;elle ait sa propre hi\u00e9rarchie et ses propres traditions, elle est en pleine communion avec le Pape et le Vatican. Cette \u00c9glise a \u00e9merg\u00e9 dans les montagnes du Liban, o\u00f9 elle a pris racine et s&rsquo;est \u00e9panouie, conservant un caract\u00e8re singulier qui fusionne les principes catholiques avec une forte identit\u00e9 culturelle arabe et s\u00e9mitique.<\/p>\n\n\n\n<p class=\"wp-block-paragraph\">L&rsquo;\u00c9glise maronite est l&rsquo;une des \u00c9glises du Moyen-Orient qui a r\u00e9ussi \u00e0 pr\u00e9server sa foi et son autonomie dans une r\u00e9gion o\u00f9 le christianisme est minoritaire, souvent sous une pression sociale et politique importante. Avec environ trois millions de fid\u00e8les dans le monde entier, l&rsquo;\u00c9glise maronite est une communaut\u00e9 vivante et active, pr\u00e9sente tant au Moyen-Orient que dans la diaspora, notamment aux \u00c9tats-Unis, en Australie, au Br\u00e9sil et en Argentine.<\/p>\n\n\n\n<hr class=\"wp-block-separator has-alpha-channel-opacity\"\/>\n\n\n\n<h3 class=\"wp-block-heading\">Saint Maron et l&rsquo;Origine Spirituelle<\/h3>\n\n\n\n<p class=\"wp-block-paragraph\">Pour comprendre l&rsquo;identit\u00e9 maronite, il est essentiel de conna\u00eetre la vie et l&rsquo;\u0153uvre de son fondateur, Saint Maron. Saint Maron \u00e9tait un ermite et moine asc\u00e9tique qui v\u00e9cut vers le quatri\u00e8me si\u00e8cle dans ce qui est aujourd&rsquo;hui la Syrie. La tradition le d\u00e9crit comme un homme de pri\u00e8re profonde, pratiquant l&rsquo;asc\u00e9tisme avec grande d\u00e9votion, connu pour sa charit\u00e9 et pour ses miracles de gu\u00e9rison. \u00c0 travers sa vie et ses enseignements, Saint Maron inspira beaucoup de gens, donnant naissance \u00e0 une communaut\u00e9 de fid\u00e8les connue sous le nom de \u00ab maronites \u00bb.<\/p>\n\n\n\n<p class=\"wp-block-paragraph\">Apr\u00e8s la mort de Saint Maron, ses disciples furent confront\u00e9s \u00e0 diverses pers\u00e9cutions, et beaucoup d&rsquo;entre eux migr\u00e8rent vers le Liban, o\u00f9 ils fond\u00e8rent des monast\u00e8res et des communaut\u00e9s dans les montagnes, pr\u00e9servant la spiritualit\u00e9 et les enseignements de leur ma\u00eetre. Cet h\u00e9ritage devint le noyau de ce que nous connaissons aujourd&rsquo;hui comme l&rsquo;\u00c9glise maronite, caract\u00e9ris\u00e9e par sa liturgie, sa spiritualit\u00e9 et un profond sens de l&rsquo;identit\u00e9.<\/p>\n\n\n\n<hr class=\"wp-block-separator has-alpha-channel-opacity\"\/>\n\n\n\n<h3 class=\"wp-block-heading\">La Liturgie Maronite : Un Lien avec le Christianisme Primitif<\/h3>\n\n\n\n<p class=\"wp-block-paragraph\">L&rsquo;un des aspects les plus distinctifs de l&rsquo;\u00c9glise maronite est sa liturgie, qui est bas\u00e9e sur le rite antiochien. La liturgie est c\u00e9l\u00e9br\u00e9e en syriaque, un dialecte de l&rsquo;aram\u00e9en, la m\u00eame langue que J\u00e9sus parlait. Cet aspect relie les maronites directement aux racines du christianisme et \u00e0 la langue m\u00eame dans laquelle le Christ pr\u00eachait.<\/p>\n\n\n\n<p class=\"wp-block-paragraph\">La liturgie maronite est une exp\u00e9rience de rencontre profonde avec le sacr\u00e9, o\u00f9 le myst\u00e8re de l&rsquo;Eucharistie est v\u00e9cu de mani\u00e8re intense et communautaire. La centralit\u00e9 de l&rsquo;Eucharistie dans la foi maronite invite les fid\u00e8les \u00e0 une vie sacramentelle constante et \u00e0 une relation \u00e9troite avec le Christ, v\u00e9cu comme nourriture spirituelle et comme lien d&rsquo;unit\u00e9 avec les autres fid\u00e8les. De plus, sa structure et son symbolisme comportent des \u00e9l\u00e9ments de la tradition orthodoxe, mais la d\u00e9votion \u00e0 la figure de Pierre et la communion avec le Pape soulignent son appartenance \u00e0 l&rsquo;\u00c9glise catholique.<\/p>\n\n\n\n<p class=\"wp-block-paragraph\">Pour les catholiques maronites, la liturgie n&rsquo;est pas seulement un rite ou une s\u00e9rie de pri\u00e8res, mais une exp\u00e9rience spirituelle qui nous rappelle que nous sommes connect\u00e9s \u00e0 toute l&rsquo;\u00c9glise \u00e0 travers les sacrements, en particulier avec le Christ dans l&rsquo;Eucharistie, \u00ab source et sommet \u00bb de la vie chr\u00e9tienne, comme l&rsquo;enseigne le Concile Vatican II.<\/p>\n\n\n\n<hr class=\"wp-block-separator has-alpha-channel-opacity\"\/>\n\n\n\n<h3 class=\"wp-block-heading\">La Spiritualit\u00e9 Maronite : Aust\u00e9rit\u00e9 et Communion<\/h3>\n\n\n\n<p class=\"wp-block-paragraph\">La spiritualit\u00e9 maronite se caract\u00e9rise par un sens de l&rsquo;aust\u00e9rit\u00e9 et une profonde connexion avec la cr\u00e9ation. Inspir\u00e9s par la vie monastique de Saint Maron et de ses premiers disciples, les maronites valorisent la simplicit\u00e9, le d\u00e9tachement et le service aux autres. La spiritualit\u00e9 maronite implique non seulement la pri\u00e8re et la d\u00e9votion, mais aussi un engagement actif pour la justice et la paix au milieu de l&rsquo;adversit\u00e9.<\/p>\n\n\n\n<p class=\"wp-block-paragraph\">Cette spiritualit\u00e9 est particuli\u00e8rement pertinente aujourd&rsquo;hui, dans un monde qui valorise de plus en plus le consum\u00e9risme et l&rsquo;individualit\u00e9. Les maronites trouvent dans la vie communautaire et le service aux autres un moyen de contrer ces tendances et de promouvoir une existence centr\u00e9e sur des valeurs \u00e9ternelles, telles que la mis\u00e9ricorde, la charit\u00e9 et la paix.<\/p>\n\n\n\n<p class=\"wp-block-paragraph\">De plus, la relation \u00e9troite des maronites avec leur terre natale, le Liban, leur a inspir\u00e9 un amour pour la cr\u00e9ation et une spiritualit\u00e9 \u00e9cologique. Ils vivent avec gratitude et respect envers la nature, se souvenant qu&rsquo;elle est un don divin que nous devons pr\u00e9server et prot\u00e9ger.<\/p>\n\n\n\n<hr class=\"wp-block-separator has-alpha-channel-opacity\"\/>\n\n\n\n<h3 class=\"wp-block-heading\">Le Martyre et l\u2019Engagement dans la Foi<\/h3>\n\n\n\n<p class=\"wp-block-paragraph\">L&rsquo;histoire de l&rsquo;\u00c9glise maronite est marqu\u00e9e par des si\u00e8cles de pers\u00e9cution, notamment pendant les p\u00e9riodes de domination ottomane et lors des r\u00e9cents conflits au Liban. Cette souffrance a \u00e9t\u00e9 pour l&rsquo;\u00c9glise maronite une \u00e9cole de foi et de pers\u00e9v\u00e9rance. La foi maronite a \u00e9t\u00e9 maintenue vivante gr\u00e2ce au sacrifice de nombreux fid\u00e8les, qui ont pr\u00e9f\u00e9r\u00e9 garder leur identit\u00e9 et leur foi en Christ, m\u00eame au risque de perdre leur vie.<\/p>\n\n\n\n<p class=\"wp-block-paragraph\">Pour les chr\u00e9tiens d&rsquo;aujourd&rsquo;hui, l&rsquo;histoire de l&rsquo;\u00c9glise maronite est un rappel que la foi authentique implique souvent sacrifice et renoncement. Dans un monde qui cherche souvent des chemins faciles, la tradition maronite d\u00e9fie les fid\u00e8les d&#8217;embrasser leur foi avec courage et de se pr\u00e9parer \u00e0 la d\u00e9fendre, m\u00eame en temps d&rsquo;\u00e9preuve.<\/p>\n\n\n\n<hr class=\"wp-block-separator has-alpha-channel-opacity\"\/>\n\n\n\n<h3 class=\"wp-block-heading\">L\u2019\u00c9glise Maronite dans le Contexte Contemporain<\/h3>\n\n\n\n<p class=\"wp-block-paragraph\">Dans le monde actuel, l&rsquo;\u00c9glise catholique maronite continue d&rsquo;\u00eatre une voix de foi, d&rsquo;esp\u00e9rance et de r\u00e9conciliation. Les d\u00e9fis actuels de l&rsquo;\u00c9glise maronite incluent la pr\u00e9servation de sa culture et de sa foi dans la diaspora, le travail pour la paix dans une r\u00e9gion historiquement marqu\u00e9e par des conflits, et l&rsquo;aide aux chr\u00e9tiens pers\u00e9cut\u00e9s au Moyen-Orient.<\/p>\n\n\n\n<p class=\"wp-block-paragraph\">De plus, l&rsquo;\u00c9glise maronite a une mission \u0153cum\u00e9nique particuli\u00e8re, car son histoire l&rsquo;a positionn\u00e9e comme un pont entre les traditions chr\u00e9tiennes d&rsquo;Orient et d&rsquo;Occident. En tant qu&rsquo;\u00c9glise en communion avec Rome mais profond\u00e9ment enracin\u00e9e au Moyen-Orient, les maronites aident \u00e0 construire l&rsquo;unit\u00e9 entre les chr\u00e9tiens et promeuvent le dialogue avec les autres religions, en particulier l&rsquo;islam.<\/p>\n\n\n\n<hr class=\"wp-block-separator has-alpha-channel-opacity\"\/>\n\n\n\n<h3 class=\"wp-block-heading\">Applications Pratiques pour Notre Vie Spirituelle<\/h3>\n\n\n\n<p class=\"wp-block-paragraph\"><strong>1. L\u2019Eucharistie comme Centre de Vie :<\/strong> La d\u00e9votion maronite envers l&rsquo;Eucharistie nous invite \u00e0 prioriser ce sacrement dans notre vie, y trouvant une source de force spirituelle et d&rsquo;unit\u00e9 communautaire. En participant plus fr\u00e9quemment \u00e0 l&rsquo;Eucharistie, nous pouvons trouver la paix et le soutien n\u00e9cessaires pour vivre notre foi au quotidien.<\/p>\n\n\n\n<p class=\"wp-block-paragraph\"><strong>2. Une Vie de Simplicit\u00e9 et de Service :<\/strong> Inspir\u00e9s par la vie asc\u00e9tique de Saint Maron, nous pouvons adopter un mode de vie plus simple, nous d\u00e9tachant de ce qui est superflu et partageant avec ceux qui ont moins. Ce d\u00e9tachement des choses mat\u00e9rielles nous permet d&rsquo;ouvrir notre c\u0153ur \u00e0 Dieu et aux autres.<\/p>\n\n\n\n<p class=\"wp-block-paragraph\"><strong>3. Engagement pour la Justice et la Paix :<\/strong> L&rsquo;\u00c9glise maronite nous rappelle que la foi n&rsquo;est pas une \u00e9vasion face aux probl\u00e8mes, mais un engagement actif dans le monde. Dans nos communaut\u00e9s, nous pouvons \u0153uvrer pour la paix, la justice et la solidarit\u00e9, cherchant \u00e0 \u00eatre des instruments de r\u00e9conciliation et d&rsquo;amour dans nos familles, nos lieux de travail et nos villes.<\/p>\n\n\n\n<p class=\"wp-block-paragraph\"><strong>4. Amour et Respect de la Cr\u00e9ation :<\/strong> Comme les maronites, nous pouvons d\u00e9velopper une spiritualit\u00e9 \u00e9cologique qui valorise et respecte l&rsquo;environnement, en nous rappelant que la cr\u00e9ation est un don de Dieu que nous devons prot\u00e9ger.<\/p>\n\n\n\n<hr class=\"wp-block-separator has-alpha-channel-opacity\"\/>\n\n\n\n<h3 class=\"wp-block-heading\">Conclusion : Une Foi qui Inspire et Nous Appelle \u00e0 \u00catre Meilleurs<\/h3>\n\n\n\n<p class=\"wp-block-paragraph\">L&rsquo;\u00c9glise catholique maronite est un t\u00e9moignage vivant de pers\u00e9v\u00e9rance, de foi et d&rsquo;amour. \u00c0 travers son histoire et sa spiritualit\u00e9, cette \u00c9glise nous inspire \u00e0 vivre une foi authentique et engag\u00e9e, qui cherche la communion avec Dieu et avec les autres. Dans un monde changeant et souvent incertain, l&rsquo;exemple de l&rsquo;\u00c9glise maronite nous rappelle que l&rsquo;amour du Christ transcende les cultures, les langues et les fronti\u00e8res.<\/p>\n\n\n\n<p class=\"wp-block-paragraph\">L&rsquo;invitation de l&rsquo;\u00c9glise maronite \u00e0 vivre une foi engag\u00e9e et aimante nous d\u00e9fie tous, quelle que soit notre origine, \u00e0 approfondir notre relation avec Dieu et \u00e0 vivre avec plus de gratitude, de g\u00e9n\u00e9rosit\u00e9 et de paix. Que cet h\u00e9ritage maronite inspire notre marche chr\u00e9tienne et nous fortifie dans notre objectif de vivre une vie de foi et d&rsquo;esp\u00e9rance.<\/p>\n","protected":false},"excerpt":{"rendered":"<p>Dans un monde aussi divers et connect\u00e9 que le n\u00f4tre, le christianisme se manifeste \u00e0 travers une vari\u00e9t\u00e9 de traditions et de rites, chacun enrichissant son h\u00e9ritage et incarnant la foi de mani\u00e8re authentique. Une de ces traditions est l&rsquo;\u00c9glise catholique maronite, une communaut\u00e9 profond\u00e9ment enracin\u00e9e dans la spiritualit\u00e9 et la culture du Moyen-Orient. Au &hellip;<\/p>\n","protected":false},"author":3,"featured_media":1337,"comment_status":"open","ping_status":"open","sticky":false,"template":"","format":"standard","meta":{"_seopress_titles_title":"","_seopress_titles_desc":"","_seopress_robots_index":"","_seopress_robots_follow":"","_seopress_robots_imageindex":"","_seopress_robots_snippet":"","_seopress_robots_primary_cat":"","_seopress_robots_breadcrumbs":"","_seopress_robots_freeze_modified_date":"","_seopress_robots_custom_modified_date":"","_seopress_robots_canonical":"","_seopress_social_fb_title":"","_seopress_social_fb_desc":"","_seopress_social_fb_img":"","_seopress_social_fb_img_attachment_id":0,"_seopress_social_fb_img_width":0,"_seopress_social_fb_img_height":0,"_seopress_social_twitter_title":"","_seopress_social_twitter_desc":"","_seopress_social_twitter_img":"","_seopress_social_twitter_img_attachment_id":0,"_seopress_social_twitter_img_width":0,"_seopress_social_twitter_img_height":0,"_seopress_redirections_value":"","_seopress_redirections_enabled":"","_seopress_redirections_enabled_regex":"","_seopress_redirections_logged_status":"","_seopress_redirections_param":"","_seopress_redirections_type":0,"_seopress_analysis_target_kw":"","footnotes":""},"categories":[48,38],"tags":[230],"class_list":["post-1336","post","type-post","status-publish","format-standard","has-post-thumbnail","","category-histoire-de-leglise","category-histoire-et-tradition","tag-leglise-catholique-maronite"],"_links":{"self":[{"href":"https:\/\/catholicus.eu\/fr\/wp-json\/wp\/v2\/posts\/1336","targetHints":{"allow":["GET"]}}],"collection":[{"href":"https:\/\/catholicus.eu\/fr\/wp-json\/wp\/v2\/posts"}],"about":[{"href":"https:\/\/catholicus.eu\/fr\/wp-json\/wp\/v2\/types\/post"}],"author":[{"embeddable":true,"href":"https:\/\/catholicus.eu\/fr\/wp-json\/wp\/v2\/users\/3"}],"replies":[{"embeddable":true,"href":"https:\/\/catholicus.eu\/fr\/wp-json\/wp\/v2\/comments?post=1336"}],"version-history":[{"count":1,"href":"https:\/\/catholicus.eu\/fr\/wp-json\/wp\/v2\/posts\/1336\/revisions"}],"predecessor-version":[{"id":1338,"href":"https:\/\/catholicus.eu\/fr\/wp-json\/wp\/v2\/posts\/1336\/revisions\/1338"}],"wp:featuredmedia":[{"embeddable":true,"href":"https:\/\/catholicus.eu\/fr\/wp-json\/wp\/v2\/media\/1337"}],"wp:attachment":[{"href":"https:\/\/catholicus.eu\/fr\/wp-json\/wp\/v2\/media?parent=1336"}],"wp:term":[{"taxonomy":"category","embeddable":true,"href":"https:\/\/catholicus.eu\/fr\/wp-json\/wp\/v2\/categories?post=1336"},{"taxonomy":"post_tag","embeddable":true,"href":"https:\/\/catholicus.eu\/fr\/wp-json\/wp\/v2\/tags?post=1336"}],"curies":[{"name":"wp","href":"https:\/\/api.w.org\/{rel}","templated":true}]}}