{"id":1272,"date":"2024-11-03T00:07:26","date_gmt":"2024-11-02T23:07:26","guid":{"rendered":"https:\/\/catholicus.eu\/fr\/?p=1272"},"modified":"2024-11-03T00:07:26","modified_gmt":"2024-11-02T23:07:26","slug":"deconstruire-theologiquement-luther-et-la-contre-reforme-histoire-theologie-et-pertinence-pour-aujourdhui","status":"publish","type":"post","link":"https:\/\/catholicus.eu\/fr\/deconstruire-theologiquement-luther-et-la-contre-reforme-histoire-theologie-et-pertinence-pour-aujourdhui\/","title":{"rendered":"D\u00e9construire Th\u00e9ologiquement Luther et la Contre-R\u00e9forme : Histoire, Th\u00e9ologie et Pertinence pour Aujourd\u2019hui"},"content":{"rendered":"\n<p>Le conflit qui secoua l\u2019\u00c9glise au XVIe si\u00e8cle reste une source d\u2019int\u00e9r\u00eat et de r\u00e9flexion aujourd\u2019hui encore. Martin Luther, avec ses 95 th\u00e8ses en 1517, alluma une \u00e9tincelle qui donnerait lieu \u00e0 la R\u00e9forme protestante, divisant l\u2019\u00c9glise en Occident et g\u00e9n\u00e9rant de profonds d\u00e9bats th\u00e9ologiques. La Contre-R\u00e9forme, r\u00e9ponse de l\u2019\u00c9glise catholique \u00e0 ce mouvement, ne fut pas simplement une r\u00e9action d\u00e9fensive ; elle apparut plut\u00f4t comme un moment de renouveau, de r\u00e9flexion et d\u2019autocritique qui transformerait \u00e0 jamais la vie et la doctrine de l\u2019\u00c9glise.<\/p>\n\n\n\n<p>Cet article propose d\u2019explorer la figure de Luther depuis une perspective th\u00e9ologique catholique, en examinant ses id\u00e9es fondamentales et les r\u00e9ponses propos\u00e9es par l\u2019\u00c9glise pendant la Contre-R\u00e9forme. Au-del\u00e0 du contexte historique, nous aborderons les le\u00e7ons et applications pratiques de ces d\u00e9bats pour le croyant d\u2019aujourd\u2019hui, en approfondissant la mani\u00e8re dont ils peuvent \u00e9clairer notre vie spirituelle actuelle.<\/p>\n\n\n\n<p><strong>1. Martin Luther et la R\u00e9forme : Une Analyse Th\u00e9ologique<\/strong><\/p>\n\n\n\n<p>Pour comprendre les id\u00e9es de Luther, il est essentiel de se rappeler son contexte personnel et sa vie. Luther \u00e9tait un moine augustin allemand qui, apr\u00e8s une profonde crise spirituelle, commen\u00e7a \u00e0 remettre en question certains aspects de l\u2019\u00c9glise et de ses enseignements. Son conflit int\u00e9rieur avec le concept de justice divine et sa qu\u00eate de salut le conduisirent \u00e0 formuler plusieurs id\u00e9es qui bouleverseraient bient\u00f4t la chr\u00e9tient\u00e9.<\/p>\n\n\n\n<p><strong>A) Les Solae : Le Centre de sa Th\u00e9ologie<\/strong><\/p>\n\n\n\n<p>Luther d\u00e9veloppa cinq principes fondamentaux, connus sous le nom de \u00ab les solae de la R\u00e9forme \u00bb, qui r\u00e9sumaient sa vision th\u00e9ologique et ses divergences avec le catholicisme. Nous examinerons les points de tension les plus importants pour voir comment ils furent abord\u00e9s dans la Contre-R\u00e9forme et ce qu\u2019ils peuvent nous apprendre aujourd\u2019hui.<\/p>\n\n\n\n<ul class=\"wp-block-list\">\n<li><strong>Sola Scriptura<\/strong> : Luther d\u00e9fendait l\u2019id\u00e9e que seule l\u2019\u00c9criture a autorit\u00e9 pour d\u00e9terminer la foi et la morale. Il rejetait la tradition de l\u2019\u00c9glise et le magist\u00e8re, affirmant que la Bible devait \u00eatre interpr\u00e9t\u00e9e uniquement par chaque croyant. En revanche, l\u2019\u00c9glise catholique affirme que la Tradition et la Sainte \u00c9criture sont indissociablement li\u00e9es et que le Magist\u00e8re est charg\u00e9 d\u2019interpr\u00e9ter correctement la R\u00e9v\u00e9lation.<\/li>\n\n\n\n<li><strong>Sola Fide<\/strong> : Selon Luther, le salut est atteint uniquement par la foi et non par les \u0153uvres. Cette doctrine \u00e9mergea de son angoisse personnelle face \u00e0 la justice divine, qu\u2019il interpr\u00e9tait comme une condamnation in\u00e9luctable. L\u2019\u00c9glise, quant \u00e0 elle, soutient que la foi est fondamentale, mais que les bonnes \u0153uvres, en tant que manifestations de cette foi, sont \u00e9galement essentielles.<\/li>\n\n\n\n<li><strong>Sola Gratia<\/strong> : Pour Luther, le salut est exclusivement \u0153uvre de la gr\u00e2ce de Dieu. Bien que le catholicisme ne nie pas l\u2019importance de la gr\u00e2ce, il enseigne toutefois que celle-ci requiert notre coop\u00e9ration. La Contre-R\u00e9forme r\u00e9affirma l\u2019id\u00e9e que Dieu, bien qu\u2019omnipotent, respecte la libert\u00e9 humaine, nous invitant \u00e0 participer activement au processus de salut.<\/li>\n<\/ul>\n\n\n\n<p><strong>B) Le P\u00e9ch\u00e9 Originel et la Condition Humaine<\/strong><\/p>\n\n\n\n<p>Pour Luther, l\u2019\u00eatre humain \u00e9tait irr\u00e9m\u00e9diablement corrompu par le p\u00e9ch\u00e9 originel. Il voyait la nature humaine comme incapable de faire le bien et destin\u00e9e uniquement au salut ou \u00e0 la condamnation selon la volont\u00e9 divine. L\u2019\u00c9glise, au contraire, soutient que le p\u00e9ch\u00e9 originel affecte la nature humaine, mais ne la d\u00e9truit pas : l\u2019homme, rachet\u00e9 par le Christ, conserve sa dignit\u00e9 et sa capacit\u00e9 de r\u00e9pondre \u00e0 la gr\u00e2ce de Dieu.<\/p>\n\n\n\n<p><strong>2. La Contre-R\u00e9forme : Renouveau et R\u00e9ponse Th\u00e9ologique<\/strong><\/p>\n\n\n\n<p>La Contre-R\u00e9forme fut une r\u00e9ponse th\u00e9ologique profonde, ax\u00e9e sur la restauration et la clarification des enseignements de l\u2019\u00c9glise. Loin de n\u2019\u00eatre qu\u2019une simple r\u00e9plique \u00e0 Luther, elle fut un mouvement de r\u00e9forme spirituelle et doctrinale qui revitalisa l\u2019\u00c9glise.<\/p>\n\n\n\n<p><strong>A) Le Concile de Trente : Fondement de la Contre-R\u00e9forme<\/strong><\/p>\n\n\n\n<p>Le Concile de Trente (1545-1563) fut le pilier de la Contre-R\u00e9forme, o\u00f9 l\u2019\u00c9glise aborda les points de discorde soulev\u00e9s par Luther. Au cours de ce concile, de nombreuses doctrines fondamentales de la foi catholique, encore pr\u00e9sentes aujourd\u2019hui, furent d\u00e9finies. Parmi ses r\u00e9alisations, on compte :<\/p>\n\n\n\n<ul class=\"wp-block-list\">\n<li><strong>Clarification de la relation entre foi et \u0153uvres<\/strong> : Trente affirma que la justification est un don gratuit de Dieu, mais que le croyant doit y r\u00e9pondre par la foi et les \u0153uvres. Les \u0153uvres, loin d\u2019\u00eatre une imposition, sont une expression de notre union avec Dieu et une preuve que nous avons \u00e9t\u00e9 touch\u00e9s par sa gr\u00e2ce.<\/li>\n\n\n\n<li><strong>Valeur de la Tradition<\/strong> : Le Concile r\u00e9affirma que tant la Sainte \u00c9criture que la Tradition sont des sources de la R\u00e9v\u00e9lation, interpr\u00e9t\u00e9es authentiquement par le Magist\u00e8re de l\u2019\u00c9glise.<\/li>\n\n\n\n<li><strong>R\u00e9forme du Clerg\u00e9<\/strong> : L\u2019\u00c9glise reconnut ses propres erreurs et la n\u00e9cessit\u00e9 d\u2019une r\u00e9forme interne. Le Concile encouragea la formation ad\u00e9quate du clerg\u00e9 et \u00e9tablit des s\u00e9minaires pour \u00e9duquer les pr\u00eatres.<\/li>\n<\/ul>\n\n\n\n<p><strong>B) Nouvelles Ordres Religieuses : La Compagnie de J\u00e9sus<\/strong><\/p>\n\n\n\n<p>La Contre-R\u00e9forme impulsa la cr\u00e9ation d\u2019ordres religieux qui marqu\u00e8rent profond\u00e9ment la vie de l\u2019\u00c9glise, comme la Compagnie de J\u00e9sus. Fond\u00e9s par Saint Ignace de Loyola, les j\u00e9suites devinrent des leaders de la r\u00e9forme spirituelle, en promouvant l\u2019\u00e9ducation et l\u2019\u00e9vang\u00e9lisation dans le monde entier. Leur z\u00e8le et leur d\u00e9vouement offrirent une image renouvel\u00e9e de l\u2019\u00c9glise et contribu\u00e8rent \u00e0 contrer les critiques de la R\u00e9forme.<\/p>\n\n\n\n<p><strong>3. R\u00e9flexions et Applications Pratiques pour le Croyant d\u2019Aujourd\u2019hui<\/strong><\/p>\n\n\n\n<p>\u00c0 la lumi\u00e8re de cette histoire, plusieurs questions pertinentes surgissent pour notre vie quotidienne en tant que croyants. Que peuvent nous enseigner Luther et la Contre-R\u00e9forme sur notre propre relation avec Dieu et avec l\u2019\u00c9glise ? Ces d\u00e9bats nous invitent \u00e0 approfondir notre foi et \u00e0 la vivre de mani\u00e8re authentique.<\/p>\n\n\n\n<p><strong>A) La Foi et les \u0152uvres dans Notre Vie Quotidienne<\/strong><\/p>\n\n\n\n<p>La tension entre foi et \u0153uvres nous rappelle l\u2019importance d\u2019une foi vivante et active. Notre relation avec Dieu doit \u00eatre le moteur qui inspire nos actions. Aujourd\u2019hui, en r\u00e9fl\u00e9chissant sur cette doctrine, nous pouvons nous demander comment nos actions refl\u00e8tent notre foi. Voyons-nous nos \u0153uvres comme un simple devoir, ou comme une opportunit\u00e9 de manifester l\u2019amour de Dieu aux autres ?<\/p>\n\n\n\n<p><strong>B) L\u2019Importance de la Tradition et du Magist\u00e8re<\/strong><\/p>\n\n\n\n<p>Le d\u00e9bat sur l\u2019autorit\u00e9 de l\u2019\u00c9criture et de la Tradition nous encourage \u00e0 valoriser la richesse de la foi transmise \u00e0 travers les si\u00e8cles. Les documents de l\u2019\u00c9glise, les \u00e9crits des saints et les enseignements du Magist\u00e8re sont un tr\u00e9sor qui nous aide \u00e0 mieux comprendre l\u2019\u00c9vangile. Dans notre vie quotidienne, nous pouvons y trouver des guides qui \u00e9clairent nos d\u00e9cisions et nous fortifient dans la foi.<\/p>\n\n\n\n<p><strong>C) La Gr\u00e2ce et la Coop\u00e9ration avec Dieu<\/strong><\/p>\n\n\n\n<p>Luther souligna la gr\u00e2ce de Dieu comme essentielle pour le salut, et en cela, il avait raison. L\u2019\u00c9glise nous rappelle que Dieu nous donne sa gr\u00e2ce gratuitement, mais nous invite aussi \u00e0 coop\u00e9rer avec elle. Dans notre vie quotidienne, cela se traduit par une attitude d\u2019ouverture \u00e0 Dieu, en ayant confiance que sa gr\u00e2ce nous fortifie pour vivre selon sa volont\u00e9. En m\u00eame temps, nous devons reconna\u00eetre que nos d\u00e9cisions comptent et que nous sommes responsables de la mani\u00e8re dont nous r\u00e9pondons \u00e0 l\u2019amour de Dieu.<\/p>\n\n\n\n<p><strong>4. Conclusion : Une Foi Vivante et Ouverte au Dialogue<\/strong><\/p>\n\n\n\n<p>La R\u00e9forme protestante et la Contre-R\u00e9forme n\u2019ont pas seulement transform\u00e9 l\u2019histoire de l\u2019\u00c9glise, mais elles offrent \u00e9galement de pr\u00e9cieuses le\u00e7ons pour notre vie spirituelle actuelle. Elles nous invitent \u00e0 r\u00e9fl\u00e9chir sur notre relation avec Dieu, l\u2019importance d\u2019une foi active et le r\u00f4le de l\u2019\u00c9glise dans notre vie de foi.<\/p>\n\n\n\n<p>Dans un monde o\u00f9 la foi continue d\u2019\u00eatre remise en question, nous pouvons voir la Contre-R\u00e9forme comme un rappel que l\u2019\u00c9glise, guid\u00e9e par l\u2019Esprit Saint, est capable de se renouveler, de faire face \u00e0 ses erreurs et de proposer une vision de foi authentique et coh\u00e9rente. \u00c0 travers son histoire, l\u2019\u00c9glise nous enseigne que le dialogue et l\u2019ouverture ne sont pas des signes de faiblesse, mais d\u2019une foi solide et confiante dans l\u2019action de Dieu.<\/p>\n\n\n\n<p>En tant que croyants, nous sommes appel\u00e9s \u00e0 vivre notre foi de mani\u00e8re authentique, ouverte au dialogue et dispos\u00e9s \u00e0 apprendre. Inspir\u00e9s par le courage des r\u00e9formateurs et par la r\u00e9ponse de l\u2019\u00c9glise, rappelons-nous que la v\u00e9ritable r\u00e9forme commence dans notre propre c\u0153ur.<\/p>\n","protected":false},"excerpt":{"rendered":"<p>Le conflit qui secoua l\u2019\u00c9glise au XVIe si\u00e8cle reste une source d\u2019int\u00e9r\u00eat et de r\u00e9flexion aujourd\u2019hui encore. Martin Luther, avec ses 95 th\u00e8ses en 1517, alluma une \u00e9tincelle qui donnerait lieu \u00e0 la R\u00e9forme protestante, divisant l\u2019\u00c9glise en Occident et g\u00e9n\u00e9rant de profonds d\u00e9bats th\u00e9ologiques. La Contre-R\u00e9forme, r\u00e9ponse de l\u2019\u00c9glise catholique \u00e0 ce mouvement, ne &hellip;<\/p>\n","protected":false},"author":3,"featured_media":1273,"comment_status":"open","ping_status":"open","sticky":false,"template":"","format":"standard","meta":{"_seopress_robots_primary_cat":"","_seopress_titles_title":"","_seopress_titles_desc":"","_seopress_robots_index":"","footnotes":""},"categories":[37,44],"tags":[203,202],"class_list":["post-1272","post","type-post","status-publish","format-standard","has-post-thumbnail","","category-doctrine-et-foi","category-dogmes-de-la-foi","tag-contre-reforme","tag-luther"],"_links":{"self":[{"href":"https:\/\/catholicus.eu\/fr\/wp-json\/wp\/v2\/posts\/1272","targetHints":{"allow":["GET"]}}],"collection":[{"href":"https:\/\/catholicus.eu\/fr\/wp-json\/wp\/v2\/posts"}],"about":[{"href":"https:\/\/catholicus.eu\/fr\/wp-json\/wp\/v2\/types\/post"}],"author":[{"embeddable":true,"href":"https:\/\/catholicus.eu\/fr\/wp-json\/wp\/v2\/users\/3"}],"replies":[{"embeddable":true,"href":"https:\/\/catholicus.eu\/fr\/wp-json\/wp\/v2\/comments?post=1272"}],"version-history":[{"count":1,"href":"https:\/\/catholicus.eu\/fr\/wp-json\/wp\/v2\/posts\/1272\/revisions"}],"predecessor-version":[{"id":1274,"href":"https:\/\/catholicus.eu\/fr\/wp-json\/wp\/v2\/posts\/1272\/revisions\/1274"}],"wp:featuredmedia":[{"embeddable":true,"href":"https:\/\/catholicus.eu\/fr\/wp-json\/wp\/v2\/media\/1273"}],"wp:attachment":[{"href":"https:\/\/catholicus.eu\/fr\/wp-json\/wp\/v2\/media?parent=1272"}],"wp:term":[{"taxonomy":"category","embeddable":true,"href":"https:\/\/catholicus.eu\/fr\/wp-json\/wp\/v2\/categories?post=1272"},{"taxonomy":"post_tag","embeddable":true,"href":"https:\/\/catholicus.eu\/fr\/wp-json\/wp\/v2\/tags?post=1272"}],"curies":[{"name":"wp","href":"https:\/\/api.w.org\/{rel}","templated":true}]}}