{"id":1266,"date":"2024-11-02T22:18:26","date_gmt":"2024-11-02T21:18:26","guid":{"rendered":"https:\/\/catholicus.eu\/fr\/?p=1266"},"modified":"2024-11-02T22:18:26","modified_gmt":"2024-11-02T21:18:26","slug":"le-salut-sobtient-par-les-oeuvres-et-pas-seulement-par-la-foi-un-chemin-complet-vers-dieu","status":"publish","type":"post","link":"https:\/\/catholicus.eu\/fr\/le-salut-sobtient-par-les-oeuvres-et-pas-seulement-par-la-foi-un-chemin-complet-vers-dieu\/","title":{"rendered":"Le Salut s\u2019Obtient par les \u0152uvres, et pas seulement par la Foi : Un Chemin Complet vers Dieu"},"content":{"rendered":"\n<p>La foi et les \u0153uvres ont longtemps \u00e9t\u00e9 deux piliers de la vie chr\u00e9tienne, inspirant des si\u00e8cles de r\u00e9flexion th\u00e9ologique et de d\u00e9bats profonds au sein de l\u2019\u00c9glise catholique. Depuis les premiers ap\u00f4tres, jusqu\u2019aux P\u00e8res de l\u2019\u00c9glise, en passant par les discussions de la R\u00e9forme et du Concile de Trente, les chr\u00e9tiens ont cherch\u00e9 \u00e0 comprendre comment le salut est atteint. Cet article explore l\u2019\u00e9quilibre entre foi et \u0153uvres, la position catholique sur ce sujet et comment nous pouvons vivre cet enseignement pleinement et concr\u00e8tement dans notre vie quotidienne.<\/p>\n\n\n\n<h3 class=\"wp-block-heading\">Foi et \u0152uvres : Une Relation Indissociable<\/h3>\n\n\n\n<p>Pour comprendre le r\u00f4le des \u0153uvres dans le chemin vers le salut, nous devons d\u2019abord explorer la position de l\u2019\u00c9glise catholique et les racines bibliques de cet enseignement. Dans l\u2019\u00e9p\u00eetre de Jacques, il est clairement affirm\u00e9 : <em>\u00ab De m\u00eame, la foi : si elle n\u2019a pas d\u2019\u0153uvres, elle est tout \u00e0 fait morte en elle-m\u00eame \u00bb<\/em> (Jacques 2,17). Cette d\u00e9claration ne cherche pas \u00e0 minimiser l\u2019importance de la foi, mais \u00e0 souligner qu\u2019une foi authentique se traduit naturellement par des actions concr\u00e8tes et vivantes.<\/p>\n\n\n\n<p>L\u2019enseignement catholique consid\u00e8re que le salut commence par la foi \u2014 un don gratuit que Dieu nous accorde pour que nous puissions nous ouvrir \u00e0 Son amour \u2014 mais qu\u2019il ne se termine pas uniquement par la foi. Pour qu\u2019une vie de foi soit authentique, elle doit \u00eatre t\u00e9moignage par des \u0153uvres : des actes d\u2019amour, de justice, de mis\u00e9ricorde et de service. Saint Paul offre \u00e9galement un guide sur cette relation lorsqu\u2019il dit : <em>\u00ab Quand j\u2019aurais toute la foi, jusqu\u2019\u00e0 transporter des montagnes, si je n\u2019ai pas la charit\u00e9, je ne suis rien \u00bb<\/em> (1 Corinthiens 13,2). Cela nous montre que la foi doit \u00eatre exprim\u00e9e et nourrie \u00e0 travers l\u2019amour actif envers les autres.<\/p>\n\n\n\n<h3 class=\"wp-block-heading\">Le D\u00e9bat Historique : De la R\u00e9forme au Concile de Trente<\/h3>\n\n\n\n<p>Au XVIe si\u00e8cle, l\u2019\u00c9glise a affront\u00e9 l\u2019un des moments les plus critiques de son histoire avec la R\u00e9forme protestante, lorsque Martin Luther a propos\u00e9 la c\u00e9l\u00e8bre th\u00e8se de la <em>sola fide<\/em> (la foi seule), soutenant que le salut est obtenu uniquement par la foi, et non par les \u0153uvres. Luther fondait cette position sur son interpr\u00e9tation des \u00e9crits de Saint Paul, notamment dans l\u2019\u00e9p\u00eetre aux Romains, o\u00f9 l\u2019ap\u00f4tre d\u00e9clare : <em>\u00ab Car nous estimons que l\u2019homme est justifi\u00e9 par la foi, sans les \u0153uvres de la loi \u00bb<\/em> (Romains 3,28).<\/p>\n\n\n\n<p>Cependant, l\u2019\u00c9glise catholique, au Concile de Trente (1545-1563), a affirm\u00e9 que, bien que la foi soit essentielle, elle ne suffit pas \u00e0 elle seule pour le salut. La doctrine de l\u2019\u00c9glise enseigne que la gr\u00e2ce de Dieu est la source de notre justification et de notre salut, mais que l\u2019\u00eatre humain, cr\u00e9\u00e9 avec le libre arbitre, doit coop\u00e9rer activement par ses \u0153uvres pour que cette gr\u00e2ce porte ses fruits. Les \u0153uvres, dans cette perspective, ne sont pas un fardeau ou un chemin alternatif \u00e0 la foi, mais une manifestation n\u00e9cessaire de celle-ci. Ainsi, le Concile a r\u00e9affirm\u00e9 que la foi et les \u0153uvres sont les deux faces d\u2019une m\u00eame m\u00e9daille dans la vie chr\u00e9tienne.<\/p>\n\n\n\n<h3 class=\"wp-block-heading\">Les \u0152uvres comme R\u00e9ponse d\u2019Amour<\/h3>\n\n\n\n<p>La position de l\u2019\u00c9glise ne doit pas \u00eatre comprise comme une transaction, o\u00f9 les \u0153uvres \u00ab ach\u00e8teraient \u00bb le salut. Au contraire, les \u0153uvres sont une r\u00e9ponse d\u2019amour \u00e0 l\u2019amour infini de Dieu. Quand nous exp\u00e9rimentons r\u00e9ellement l\u2019amour de Dieu et que nous croyons en Lui, quelque chose en nous change. Cette transformation int\u00e9rieure nous pousse \u00e0 agir d\u2019une mani\u00e8re nouvelle, \u00e0 chercher ce qui est bon et juste, et \u00e0 servir les autres comme une expression de cet amour.<\/p>\n\n\n\n<p>J\u00e9sus lui-m\u00eame nous donne une image de ce que signifie vivre une foi active dans l\u2019\u00c9vangile de Matthieu. Dans la parabole du jugement dernier (Matthieu 25,31-46), il nous dit qu\u2019\u00e0 la fin des temps, il jugera les personnes en fonction de la mani\u00e8re dont elles auront trait\u00e9 les plus n\u00e9cessiteux : <em>\u00ab Car j\u2019avais faim, et vous m\u2019avez donn\u00e9 \u00e0 manger ; j\u2019avais soif, et vous m\u2019avez donn\u00e9 \u00e0 boire ; j\u2019\u00e9tais un \u00e9tranger, et vous m\u2019avez accueilli \u00bb<\/em>. Les \u0153uvres de mis\u00e9ricorde, tant corporelles que spirituelles, sont des mani\u00e8res concr\u00e8tes de vivre l\u2019amour de Dieu dans le monde. Elles ne sont pas \u00ab optionnelles \u00bb, mais une r\u00e9ponse directe et profonde \u00e0 l\u2019appel du Christ.<\/p>\n\n\n\n<h3 class=\"wp-block-heading\">Le Salut comme un Chemin de Transformation Personnelle<\/h3>\n\n\n\n<p>D\u2019un point de vue catholique, le salut est un processus continu de sanctification, o\u00f9 chaque \u00e9tape nous rapproche davantage de Dieu. Le bapt\u00eame, par exemple, nous introduit dans le chemin de la gr\u00e2ce et fait de nous des enfants de Dieu. Mais ce sont nos vies quotidiennes, nos d\u00e9cisions et nos \u0153uvres qui fa\u00e7onnent notre relation avec Lui. Saint Thomas d\u2019Aquin d\u00e9crivait cette relation comme une croissance dans la charit\u00e9, dans l\u2019amour que Dieu nous offre et que nous sommes appel\u00e9s \u00e0 vivre.<\/p>\n\n\n\n<p>Par les \u0153uvres, nous participons \u00e9galement \u00e0 la construction du Royaume de Dieu sur Terre. Comme nous le rappelle le Concile Vatican II, tous les fid\u00e8les sont appel\u00e9s \u00e0 \u00eatre \u00ab le sel de la terre et la lumi\u00e8re du monde \u00bb (Matthieu 5,13-14), c\u2019est-\u00e0-dire \u00e0 influencer positivement le monde et \u00e0 refl\u00e9ter la bont\u00e9 divine. Cet appel est, en essence, un appel \u00e0 l\u2019action : \u00e0 vivre une vie de charit\u00e9, de justice et de paix.<\/p>\n\n\n\n<h3 class=\"wp-block-heading\">Applications Pratiques : Comment Vivre la Foi \u00e0 Travers les \u0152uvres<\/h3>\n\n\n\n<p>Pour vivre une foi active, nous pouvons incorporer plusieurs pratiques concr\u00e8tes dans notre vie quotidienne. Ces actions n\u2019ont pas besoin d\u2019\u00eatre de grands exploits, mais peuvent \u00eatre de petites d\u00e9cisions et des gestes d\u2019amour :<\/p>\n\n\n\n<ol class=\"wp-block-list\">\n<li><strong>Pratiquer les \u0152uvres de Mis\u00e9ricorde<\/strong> : Les \u0153uvres de mis\u00e9ricorde (nourrir ceux qui ont faim, visiter les malades, consoler ceux qui souffrent, etc.) sont des fa\u00e7ons concr\u00e8tes de vivre la foi. Chaque fois que nous faisons ces \u0153uvres, nous agissons comme le Christ et r\u00e9pondons \u00e0 Son amour.<\/li>\n\n\n\n<li><strong>Pri\u00e8re et Discernement<\/strong> : La pri\u00e8re nous aide \u00e0 discerner la volont\u00e9 de Dieu dans notre vie. La foi nous donne de la force, mais la pri\u00e8re nous aide \u00e0 comprendre comment l\u2019appliquer dans des actions concr\u00e8tes, surtout en moments de d\u00e9cision ou de d\u00e9fi.<\/li>\n\n\n\n<li><strong>Participation dans la Communaut\u00e9<\/strong> : Participer activement dans notre communaut\u00e9 de foi, que ce soit par la paroisse, des activit\u00e9s de service ou des groupes de pri\u00e8re, nous aide \u00e0 partager et \u00e0 multiplier l\u2019amour de Dieu. L\u2019\u00c9glise nous rappelle que nous sommes un seul corps, et notre relation avec les autres est une manifestation de notre relation avec Dieu.<\/li>\n\n\n\n<li><strong>Aimer ceux qui sont les Plus Proches de Nous<\/strong> : Parfois, nos meilleures opportunit\u00e9s pour accomplir des \u0153uvres se trouvent dans notre entourage imm\u00e9diat. \u00c9couter avec patience, pardonner et offrir de l\u2019aide \u00e0 la maison ou au travail sont des gestes qui donnent vie \u00e0 notre foi.<\/li>\n\n\n\n<li><strong>Cultiver la Justice et la Paix<\/strong> : \u00catre des agents de changement dans le monde ne signifie pas toujours des actions grandioses ; cela peut impliquer des d\u00e9cisions \u00e9thiques au travail, \u00eatre t\u00e9moins de la v\u00e9rit\u00e9 ou aider \u00e0 construire une culture de paix dans notre environnement.<\/li>\n<\/ol>\n\n\n\n<h3 class=\"wp-block-heading\">Foi et \u0152uvres : Un Chemin Personnel et Communautaire<\/h3>\n\n\n\n<p>L\u2019appel \u00e0 vivre la foi \u00e0 travers les \u0153uvres n\u2019est pas seulement un effort individuel ; la foi catholique nous appelle \u00e0 une exp\u00e9rience communautaire du salut. Dans la messe, la pri\u00e8re et les sacrements, nous trouvons la gr\u00e2ce de Dieu qui nous donne la force de vivre nos convictions. La communaut\u00e9 de foi, l\u2019\u00c9glise, nous soutient dans ce chemin, nous aidant \u00e0 grandir et \u00e0 mettre en pratique nos croyances.<\/p>\n\n\n\n<p>La foi et les \u0153uvres, alors, sont une collaboration entre nous et Dieu. La foi est le moteur, la racine qui nous relie \u00e0 Lui, tandis que les \u0153uvres sont les fruits qui naissent de cette connexion, la rendant tangible. Chaque acte d\u2019amour et de service est une petite participation \u00e0 l\u2019\u0153uvre r\u00e9demptrice du Christ dans le monde.<\/p>\n\n\n\n<h3 class=\"wp-block-heading\">R\u00e9flexion Finale : Le Chemin de la Foi en Action<\/h3>\n\n\n\n<p>En tant que catholiques, nous sommes appel\u00e9s \u00e0 vivre une foi qui non seulement croit, mais qui agit, une foi qui ne reste pas dans les mots, mais qui devient vie. L\u2019invitation est de red\u00e9couvrir notre foi comme un chemin de transformation et de permettre \u00e0 nos \u0153uvres de t\u00e9moigner de l\u2019amour de Dieu dans le monde. Aujourd\u2019hui, plus que jamais, l\u2019\u00c9glise a besoin de chr\u00e9tiens engag\u00e9s, qui vivent une foi authentique et active dans un monde avide d\u2019esp\u00e9rance, de justice et de compassion.<\/p>\n\n\n\n<p>Rappelons-nous les paroles de Jacques : <em>\u00ab Montre-moi ta foi sans les \u0153uvres, et moi, c\u2019est par les \u0153uvres que je te montrerai ma foi \u00bb<\/em> (Jacques 2,18). Voil\u00e0 la foi compl\u00e8te, la foi qui sauve et transforme, la foi qui nous conduit \u00e0 Dieu par l\u2019amour, la justice et le service.<\/p>\n","protected":false},"excerpt":{"rendered":"<p>La foi et les \u0153uvres ont longtemps \u00e9t\u00e9 deux piliers de la vie chr\u00e9tienne, inspirant des si\u00e8cles de r\u00e9flexion th\u00e9ologique et de d\u00e9bats profonds au sein de l\u2019\u00c9glise catholique. Depuis les premiers ap\u00f4tres, jusqu\u2019aux P\u00e8res de l\u2019\u00c9glise, en passant par les discussions de la R\u00e9forme et du Concile de Trente, les chr\u00e9tiens ont cherch\u00e9 \u00e0 &hellip;<\/p>\n","protected":false},"author":3,"featured_media":1267,"comment_status":"open","ping_status":"open","sticky":false,"template":"","format":"standard","meta":{"_seopress_robots_primary_cat":"","_seopress_titles_title":"","_seopress_titles_desc":"","_seopress_robots_index":"","footnotes":""},"categories":[53,39],"tags":[164,200,199],"class_list":["post-1266","post","type-post","status-publish","format-standard","has-post-thumbnail","","category-doctrine-sociale-de-leglise","category-morale-et-vie-chretienne","tag-foi","tag-oeuvres","tag-salut"],"_links":{"self":[{"href":"https:\/\/catholicus.eu\/fr\/wp-json\/wp\/v2\/posts\/1266","targetHints":{"allow":["GET"]}}],"collection":[{"href":"https:\/\/catholicus.eu\/fr\/wp-json\/wp\/v2\/posts"}],"about":[{"href":"https:\/\/catholicus.eu\/fr\/wp-json\/wp\/v2\/types\/post"}],"author":[{"embeddable":true,"href":"https:\/\/catholicus.eu\/fr\/wp-json\/wp\/v2\/users\/3"}],"replies":[{"embeddable":true,"href":"https:\/\/catholicus.eu\/fr\/wp-json\/wp\/v2\/comments?post=1266"}],"version-history":[{"count":1,"href":"https:\/\/catholicus.eu\/fr\/wp-json\/wp\/v2\/posts\/1266\/revisions"}],"predecessor-version":[{"id":1268,"href":"https:\/\/catholicus.eu\/fr\/wp-json\/wp\/v2\/posts\/1266\/revisions\/1268"}],"wp:featuredmedia":[{"embeddable":true,"href":"https:\/\/catholicus.eu\/fr\/wp-json\/wp\/v2\/media\/1267"}],"wp:attachment":[{"href":"https:\/\/catholicus.eu\/fr\/wp-json\/wp\/v2\/media?parent=1266"}],"wp:term":[{"taxonomy":"category","embeddable":true,"href":"https:\/\/catholicus.eu\/fr\/wp-json\/wp\/v2\/categories?post=1266"},{"taxonomy":"post_tag","embeddable":true,"href":"https:\/\/catholicus.eu\/fr\/wp-json\/wp\/v2\/tags?post=1266"}],"curies":[{"name":"wp","href":"https:\/\/api.w.org\/{rel}","templated":true}]}}